{"id":3546,"date":"2026-04-27T16:34:50","date_gmt":"2026-04-27T14:34:50","guid":{"rendered":"https:\/\/klikploce.com.hr\/opuzen\/?p=3546"},"modified":"2026-04-27T17:50:34","modified_gmt":"2026-04-27T15:50:34","slug":"prica-koja-vraca-korijenima-ritam-zemlje-okuplja-ljude-zeljne-mira-i-stvarnih-vrijednosti","status":"publish","type":"post","link":"https:\/\/klikploce.com.hr\/opuzen\/prica-koja-vraca-korijenima-ritam-zemlje-okuplja-ljude-zeljne-mira-i-stvarnih-vrijednosti\/","title":{"rendered":"Pri\u010da koja vra\u0107a korijenima: \u201cRitam zemlje\u201d okuplja ljude \u017eeljne mira i stvarnih vrijednosti"},"content":{"rendered":"<p style=\"text-align: left;\">U vremenu kada sve ide prebrzo, a vrijednosti se \u010desto mjere povr\u0161no\u0161\u0107u i bukom, iz Opuzena dolazi tiha, ali sna\u017ena pri\u010da. \u201cRitam zemlje\u201d nije samo projekt, to je na\u010din \u017eivota, povratak sebi, tradiciji i onome \u0161to nas uistinu hrani. Iza svega stoji jedna \u017eena koja je odlu\u010dila stati, pojednostaviti i podijeliti ono \u0161to je otkrila. U razgovoru otkrivamo kako je nastala ova pri\u010da koja okuplja ljude iz cijele regije i vra\u0107a ih korijenima.<\/p>\n<p style=\"text-align: center;\"><img loading=\"lazy\" decoding=\"async\" class=\"aligncenter size-full wp-image-3548\" src=\"https:\/\/klikploce.com.hr\/opuzen\/wp-content\/uploads\/2026\/04\/IMG-20260427-WA0039.jpg\" alt=\"\" width=\"1536\" height=\"2048\" \/><\/p>\n<h4>Tko stoji iza projekta \u201cRitam zemlje\u201d i kako biste se predstavili na\u0161im \u010ditateljima?<\/h4>\n<p>Iza \u201cRitma zemlje\u201d stojim ja, Vanesa Popovi\u0107, 33-godi\u0161njakinja koja se prije 15 godina s obitelji preselila iz Mostara u Opuzen, gdje sam kasnije zasnovala obitelj i ostala \u017eivjeti.<\/p>\n<p>Ne stoji tu ni\u0161ta veliko po mjerilima svijeta samo jedna \u017eena koja je odlu\u010dila stati, pogledati oko sebe i vratiti se onome \u0161to je stvarno. Majka sam, supruga i doma\u0107ica koja vjeruje da se najva\u017enije stvari ne grade bukom ni velikim praskom, nego ti\u0161inom, strpljenjem, ponizno\u0161\u0107u i rukama koje rade s ljubavlju.<\/p>\n<p style=\"text-align: center;\"><img loading=\"lazy\" decoding=\"async\" class=\"aligncenter size-full wp-image-3549\" src=\"https:\/\/klikploce.com.hr\/opuzen\/wp-content\/uploads\/2026\/04\/IMG-20260427-WA0036.jpg\" alt=\"\" width=\"1536\" height=\"2048\" \/><\/p>\n<h4>Kako je nastala ideja za pokretanje ovog projekta?<\/h4>\n<p>Nije to bila odluka preko no\u0107i, nego jedno unutarnje dozrijevanje. \u0160to sam vi\u0161e pojednostavljivala \u017eivot, to sam jasnije vidjela \u0161to ima vrijednost.<\/p>\n<p>U jednom trenutku sam osjetila da to ne treba ostati samo unutar moja \u010detiri zida.<\/p>\n<p style=\"text-align: center;\"><img loading=\"lazy\" decoding=\"async\" class=\"aligncenter size-full wp-image-3550\" src=\"https:\/\/klikploce.com.hr\/opuzen\/wp-content\/uploads\/2026\/04\/IMG-20260427-WA0033.jpg\" alt=\"\" width=\"1536\" height=\"2048\" \/><\/p>\n<h4>Je li postojao konkretan trenutak kada ste odlu\u010dili krenuti u tom smjeru?<\/h4>\n<p>Ne jedan trenutak, nego puno malih.<\/p>\n<p>Svaki je nosio istu poruku, da talente koji su nam darovani ne trebamo skrivati, nego ih umno\u017eiti i podijeliti.<\/p>\n<p style=\"text-align: center;\"><img loading=\"lazy\" decoding=\"async\" class=\"aligncenter size-full wp-image-3551\" src=\"https:\/\/klikploce.com.hr\/opuzen\/wp-content\/uploads\/2026\/04\/IMG-20260427-WA0032.jpg\" alt=\"\" width=\"1170\" height=\"1560\" \/><\/p>\n<h4>Kako su nastale radionice poput \u201cPitaonice\u201d i \u201cPastaonice\u201d?<\/h4>\n<p>Iz svakodnevice. U na\u0161oj kuhinji tijesto se stalno mijesi, bra\u0161no se prosipa\u2026 Ljudi su to prepoznali, po\u010deli pitati i vrata su se jednostavno otvorila.<\/p>\n<h4>\u0160to polaznici mogu o\u010dekivati kada do\u0111u na radionicu?<\/h4>\n<p>Ne dolaze samo nau\u010diti recept. Dolaze usporiti.<\/p>\n<p>Radi se rukama, ali i srcem. Smije se, pri\u010da, dijeli\u2026 i na kraju svi sjednemo za stol kao da se znamo cijeli \u017eivot. To je spoj dru\u017eenja, radosti i stvaranja.<\/p>\n<p style=\"text-align: center;\"><img loading=\"lazy\" decoding=\"async\" class=\"aligncenter size-full wp-image-3552\" src=\"https:\/\/klikploce.com.hr\/opuzen\/wp-content\/uploads\/2026\/04\/IMG-20260427-WA0038.jpg\" alt=\"\" width=\"1536\" height=\"2048\" \/><\/p>\n<h4>Tko se naj\u010de\u0161\u0107e prijavljuje?<\/h4>\n<p>Razni ljudi, ali sli\u010dnog srca. Oni koji tra\u017ee ne\u0161to vi\u0161e od znanja,tra\u017ee osje\u0107aj, mir i povratak sebi.<\/p>\n<p>Dolaze iz Splita, Zadra, Sinja, Makarske, Dubrovnika, ali i iz Mostara, \u010citluka, Me\u0111ugorja\u2026 Ima i mu\u0161karaca i \u017eena, svi s istom potrebom da na trenutak zastanu.<\/p>\n<p style=\"text-align: center;\"><img loading=\"lazy\" decoding=\"async\" class=\"aligncenter size-full wp-image-3553\" src=\"https:\/\/klikploce.com.hr\/opuzen\/wp-content\/uploads\/2026\/04\/IMG-20260427-WA0037.jpg\" alt=\"\" width=\"1152\" height=\"2048\" \/><\/p>\n<h4>Postoji li neka radionica koja vam je posebno draga?<\/h4>\n<p>Svaka ima svoje mjesto, ali \u201cPitaonica\u201d mi je mo\u017eda najdra\u017ea, iako moram priznati da iza nje imam najmanje \u010di\u0161\u0107enja, a to je najmanje drag dio cijele pri\u010de, haha.<\/p>\n<h4>Koliko vam zna\u010di to \u0161to projekt razvijate upravo u Opuzenu?<\/h4>\n<p>Vjerujem da se ljepota mo\u017ee roditi bilo gdje ako joj damo prostor.<\/p>\n<p>Opuzen polako prepoznaje trud i rad, a ja vjerujem da \u017eivot dolazi tamo gdje se ljudi okupljaju. Ne trebaju nam veliki projekti, trebaju nam \u017eiva srca.<\/p>\n<p style=\"text-align: center;\"><img loading=\"lazy\" decoding=\"async\" class=\"aligncenter size-full wp-image-3554\" src=\"https:\/\/klikploce.com.hr\/opuzen\/wp-content\/uploads\/2026\/04\/IMG-20260427-WA0043.jpg\" alt=\"\" width=\"1536\" height=\"2048\" \/><\/p>\n<h4>Kako lokalna zajednica reagira?<\/h4>\n<p>Osje\u0107am da postoji prepoznavanje i podr\u0161ka. Sve ide polako, ali iskreno, i to je jedini na\u010din koji ima smisla.<\/p>\n<h4>Smatrate li da ovakvi projekti mogu o\u017eivjeti manje sredine?<\/h4>\n<p>Apsolutno. Ne kroz velike planove, nego kroz ljude koji stvaraju i okupljaju.<\/p>\n<p>Kad se ljudi pove\u017eu, prostor o\u017eivi.<\/p>\n<p style=\"text-align: center;\"><img loading=\"lazy\" decoding=\"async\" class=\"aligncenter size-full wp-image-3555\" src=\"https:\/\/klikploce.com.hr\/opuzen\/wp-content\/uploads\/2026\/04\/IMG-20260427-WA0034.jpg\" alt=\"\" width=\"1536\" height=\"2048\" \/><\/p>\n<h4>Kakav odnos gradite s publikom?<\/h4>\n<p>Iskren. Bez uljep\u0161avanja i pretvaranja, onakav kakav bi i sama \u017eeljela vidjeti.<\/p>\n<h4>Osje\u0107ate li da ljudi sve vi\u0161e tra\u017ee ovakve sadr\u017eaje?<\/h4>\n<p>Da. Ljudi su umorni od brzine i povr\u0161nosti. Sve vi\u0161e tra\u017ee mir, smisao i povezanost. Na radionicama se to jasno vidi, sudionici tijekom nekoliko sati gotovo uop\u0107e ne pose\u017eu za mobitelima.<\/p>\n<p style=\"text-align: center;\"><img loading=\"lazy\" decoding=\"async\" class=\"aligncenter size-full wp-image-3556\" src=\"https:\/\/klikploce.com.hr\/opuzen\/wp-content\/uploads\/2026\/04\/IMG-20260427-WA0031.jpg\" alt=\"\" width=\"1536\" height=\"2048\" \/><\/p>\n<h4>Koju poruku \u017eelite poslati kroz \u201cRitam zemlje\u201d?<\/h4>\n<p>Ne trebamo daleko tra\u017eiti ono \u0161to nam treba. \u010cesto je ve\u0107 tu, u na\u0161im rukama i oko nas. Samo smo zaboravili gledati.<\/p>\n<h4>Vra\u0107aju li se ljudi tradiciji i doma\u0107oj hrani?<\/h4>\n<p>Sve vi\u0161e njih osje\u0107a tu potrebu. Kad jednom iskuse rad vlastitim rukama i okus doma\u0107e hrane, te\u0161ko se vra\u0107aju starim navikama. To postaje vi\u0161e od hrane, postaje na\u010din \u017eivota.<\/p>\n<p style=\"text-align: center;\"><img loading=\"lazy\" decoding=\"async\" class=\"aligncenter size-full wp-image-3557\" src=\"https:\/\/klikploce.com.hr\/opuzen\/wp-content\/uploads\/2026\/04\/IMG-20260427-WA0040.jpg\" alt=\"\" width=\"1536\" height=\"2048\" \/><\/p>\n<h4>Koliko je va\u017eno o\u010duvati ovakva znanja?<\/h4>\n<p>To nije samo znanje, nego naslije\u0111e. U tim malim stvarima krije se identitet, pri\u010da obitelji i naroda. Ako ih ne prenosimo dalje, gubimo vi\u0161e od recepata, gubimo dio sebe.<\/p>\n<p style=\"text-align: center;\"><img loading=\"lazy\" decoding=\"async\" class=\"aligncenter size-full wp-image-3558\" src=\"https:\/\/klikploce.com.hr\/opuzen\/wp-content\/uploads\/2026\/04\/IMG-20260427-WA0033-1.jpg\" alt=\"\" width=\"1536\" height=\"2048\" \/><\/p>\n<h4>Planirate li pro\u0161irenje ponude?<\/h4>\n<p>Ve\u0107 je uvedena sourdough radionica, a u planu su i radionice za djecu. Sve dolazi polako, s mjerom i smislom.<\/p>\n<h4>Gdje vidite \u201cRitam zemlje\u201d za nekoliko godina?<\/h4>\n<p style=\"text-align: center;\"><img loading=\"lazy\" decoding=\"async\" class=\"aligncenter size-full wp-image-3559\" src=\"https:\/\/klikploce.com.hr\/opuzen\/wp-content\/uploads\/2026\/04\/IMG-20260427-WA0042.jpg\" alt=\"\" width=\"828\" height=\"1104\" \/><\/p>\n<p>Ne gledam toliko unaprijed va\u017eno je gdje je sada. A dok traje, neka traje.<\/p>\n<p>Ritam zemlje\u201d nije samo projekt iz Opuzena,\u00a0to je podsjetnik koliko nam je danas, vi\u0161e nego ikad, potreban povratak stvarnim vrijednostima. U kuhanju, radu i svakodnevici, u svemu \u0161to radimo iskreno.<\/p>\n<p>Na kraju, Vanesu i njezin rad mo\u017eete prona\u0107i na Instagram profilu Ritam zemlje, gdje dijeli dio atmosfere koja se u\u017eivo stvara u Opuzenu.<\/p>\n<p>Autor: Eleonora Dobo\u0161<\/p>\n<p style=\"text-align: center;\"><img loading=\"lazy\" decoding=\"async\" class=\"aligncenter size-full wp-image-3547\" src=\"https:\/\/klikploce.com.hr\/opuzen\/wp-content\/uploads\/2026\/04\/IMG-20260427-WA0044.jpg\" alt=\"\" width=\"1536\" height=\"2048\" \/><\/p>\n","protected":false},"excerpt":{"rendered":"<p>U vremenu kada sve ide prebrzo, a vrijednosti se \u010desto mjere povr\u0161no\u0161\u0107u i bukom, iz Opuzena dolazi tiha, ali sna\u017ena pri\u010da. \u201cRitam zemlje\u201d nije samo projekt, to je na\u010din \u017eivota, povratak sebi, tradiciji i onome \u0161to nas uistinu hrani. Iza svega stoji jedna \u017eena koja je odlu\u010dila stati, pojednostaviti i podijeliti ono \u0161to je otkrila. U razgovoru otkrivamo kako je nastala ova pri\u010da koja okuplja ljude iz cijele regije i vra\u0107a ih korijenima. Tko stoji iza projekta \u201cRitam zemlje\u201d i kako biste se predstavili na\u0161im \u010ditateljima? Iza \u201cRitma zemlje\u201d stojim ja, Vanesa Popovi\u0107, 33-godi\u0161njakinja koja se prije 15 godina s [&hellip;]<\/p>\n","protected":false},"author":2,"featured_media":3562,"comment_status":"open","ping_status":"open","sticky":false,"template":"","format":"standard","meta":{"footnotes":""},"categories":[147,143,144],"tags":[301,302],"class_list":["post-3546","post","type-post","status-publish","format-standard","has-post-thumbnail","hentry","category-izdvojeno","category-opuzen","category-zabava-i-kultura","tag-ritam-zemlje","tag-vanesa-popovic"],"yoast_head":"<!-- This site is optimized with the Yoast SEO plugin v26.3 - https:\/\/yoast.com\/wordpress\/plugins\/seo\/ -->\n<title>Pri\u010da koja vra\u0107a korijenima: \u201cRitam zemlje\u201d okuplja ljude \u017eeljne mira i stvarnih vrijednosti - Klik Opuzen<\/title>\n<meta name=\"robots\" content=\"index, follow, max-snippet:-1, max-image-preview:large, max-video-preview:-1\" \/>\n<link rel=\"canonical\" href=\"https:\/\/klikploce.com.hr\/opuzen\/prica-koja-vraca-korijenima-ritam-zemlje-okuplja-ljude-zeljne-mira-i-stvarnih-vrijednosti\/\" \/>\n<meta property=\"og:locale\" content=\"hr_HR\" \/>\n<meta property=\"og:type\" content=\"article\" \/>\n<meta property=\"og:title\" content=\"Pri\u010da koja vra\u0107a korijenima: \u201cRitam zemlje\u201d okuplja ljude \u017eeljne mira i stvarnih vrijednosti - Klik Opuzen\" \/>\n<meta property=\"og:description\" content=\"U vremenu kada sve ide prebrzo, a vrijednosti se \u010desto mjere povr\u0161no\u0161\u0107u i bukom, iz Opuzena dolazi tiha, ali sna\u017ena pri\u010da. \u201cRitam zemlje\u201d nije samo projekt, to je na\u010din \u017eivota, povratak sebi, tradiciji i onome \u0161to nas uistinu hrani. Iza svega stoji jedna \u017eena koja je odlu\u010dila stati, pojednostaviti i podijeliti ono \u0161to je otkrila. U razgovoru otkrivamo kako je nastala ova pri\u010da koja okuplja ljude iz cijele regije i vra\u0107a ih korijenima. Tko stoji iza projekta \u201cRitam zemlje\u201d i kako biste se predstavili na\u0161im \u010ditateljima? Iza \u201cRitma zemlje\u201d stojim ja, Vanesa Popovi\u0107, 33-godi\u0161njakinja koja se prije 15 godina s [&hellip;]\" \/>\n<meta property=\"og:url\" content=\"https:\/\/klikploce.com.hr\/opuzen\/prica-koja-vraca-korijenima-ritam-zemlje-okuplja-ljude-zeljne-mira-i-stvarnih-vrijednosti\/\" \/>\n<meta property=\"og:site_name\" content=\"Klik Opuzen\" \/>\n<meta property=\"article:publisher\" content=\"https:\/\/www.facebook.com\/klik.ploce\" \/>\n<meta property=\"article:published_time\" content=\"2026-04-27T14:34:50+00:00\" \/>\n<meta property=\"article:modified_time\" content=\"2026-04-27T15:50:34+00:00\" \/>\n<meta property=\"og:image\" content=\"https:\/\/klikploce.com.hr\/opuzen\/wp-content\/uploads\/2026\/04\/GridArt_20260427_163344884-scaled.jpg\" \/>\n\t<meta property=\"og:image:width\" content=\"2560\" \/>\n\t<meta property=\"og:image:height\" content=\"2560\" \/>\n\t<meta property=\"og:image:type\" content=\"image\/jpeg\" \/>\n<meta name=\"author\" content=\"Klik Opuzen\" \/>\n<meta name=\"twitter:card\" content=\"summary_large_image\" \/>\n<meta name=\"twitter:label1\" content=\"Napisao\/la\" \/>\n\t<meta name=\"twitter:data1\" content=\"Klik Opuzen\" \/>\n\t<meta name=\"twitter:label2\" content=\"Procijenjeno vrijeme \u010ditanja\" \/>\n\t<meta name=\"twitter:data2\" content=\"7 minuta\" \/>\n<script type=\"application\/ld+json\" class=\"yoast-schema-graph\">{\"@context\":\"https:\/\/schema.org\",\"@graph\":[{\"@type\":\"Article\",\"@id\":\"https:\/\/klikploce.com.hr\/opuzen\/prica-koja-vraca-korijenima-ritam-zemlje-okuplja-ljude-zeljne-mira-i-stvarnih-vrijednosti\/#article\",\"isPartOf\":{\"@id\":\"https:\/\/klikploce.com.hr\/opuzen\/prica-koja-vraca-korijenima-ritam-zemlje-okuplja-ljude-zeljne-mira-i-stvarnih-vrijednosti\/\"},\"author\":{\"name\":\"Klik Opuzen\",\"@id\":\"https:\/\/klikploce.com.hr\/opuzen\/#\/schema\/person\/b85ea61b159cb5355f1c77fda4341407\"},\"headline\":\"Pri\u010da koja vra\u0107a korijenima: \u201cRitam zemlje\u201d okuplja ljude \u017eeljne mira i stvarnih vrijednosti\",\"datePublished\":\"2026-04-27T14:34:50+00:00\",\"dateModified\":\"2026-04-27T15:50:34+00:00\",\"mainEntityOfPage\":{\"@id\":\"https:\/\/klikploce.com.hr\/opuzen\/prica-koja-vraca-korijenima-ritam-zemlje-okuplja-ljude-zeljne-mira-i-stvarnih-vrijednosti\/\"},\"wordCount\":864,\"commentCount\":0,\"publisher\":{\"@id\":\"https:\/\/klikploce.com.hr\/opuzen\/#organization\"},\"image\":{\"@id\":\"https:\/\/klikploce.com.hr\/opuzen\/prica-koja-vraca-korijenima-ritam-zemlje-okuplja-ljude-zeljne-mira-i-stvarnih-vrijednosti\/#primaryimage\"},\"thumbnailUrl\":\"https:\/\/klikploce.com.hr\/opuzen\/wp-content\/uploads\/2026\/04\/GridArt_20260427_163344884-scaled.jpg\",\"keywords\":[\"ritam zemlje\",\"vanesa popovi\u0107\"],\"articleSection\":[\"Izdvojeno\",\"Opuzen\",\"Zabava i kultura\"],\"inLanguage\":\"hr\",\"potentialAction\":[{\"@type\":\"CommentAction\",\"name\":\"Comment\",\"target\":[\"https:\/\/klikploce.com.hr\/opuzen\/prica-koja-vraca-korijenima-ritam-zemlje-okuplja-ljude-zeljne-mira-i-stvarnih-vrijednosti\/#respond\"]}]},{\"@type\":\"WebPage\",\"@id\":\"https:\/\/klikploce.com.hr\/opuzen\/prica-koja-vraca-korijenima-ritam-zemlje-okuplja-ljude-zeljne-mira-i-stvarnih-vrijednosti\/\",\"url\":\"https:\/\/klikploce.com.hr\/opuzen\/prica-koja-vraca-korijenima-ritam-zemlje-okuplja-ljude-zeljne-mira-i-stvarnih-vrijednosti\/\",\"name\":\"Pri\u010da koja vra\u0107a korijenima: \u201cRitam zemlje\u201d okuplja ljude \u017eeljne mira i stvarnih vrijednosti - Klik Opuzen\",\"isPartOf\":{\"@id\":\"https:\/\/klikploce.com.hr\/opuzen\/#website\"},\"primaryImageOfPage\":{\"@id\":\"https:\/\/klikploce.com.hr\/opuzen\/prica-koja-vraca-korijenima-ritam-zemlje-okuplja-ljude-zeljne-mira-i-stvarnih-vrijednosti\/#primaryimage\"},\"image\":{\"@id\":\"https:\/\/klikploce.com.hr\/opuzen\/prica-koja-vraca-korijenima-ritam-zemlje-okuplja-ljude-zeljne-mira-i-stvarnih-vrijednosti\/#primaryimage\"},\"thumbnailUrl\":\"https:\/\/klikploce.com.hr\/opuzen\/wp-content\/uploads\/2026\/04\/GridArt_20260427_163344884-scaled.jpg\",\"datePublished\":\"2026-04-27T14:34:50+00:00\",\"dateModified\":\"2026-04-27T15:50:34+00:00\",\"breadcrumb\":{\"@id\":\"https:\/\/klikploce.com.hr\/opuzen\/prica-koja-vraca-korijenima-ritam-zemlje-okuplja-ljude-zeljne-mira-i-stvarnih-vrijednosti\/#breadcrumb\"},\"inLanguage\":\"hr\",\"potentialAction\":[{\"@type\":\"ReadAction\",\"target\":[\"https:\/\/klikploce.com.hr\/opuzen\/prica-koja-vraca-korijenima-ritam-zemlje-okuplja-ljude-zeljne-mira-i-stvarnih-vrijednosti\/\"]}]},{\"@type\":\"ImageObject\",\"inLanguage\":\"hr\",\"@id\":\"https:\/\/klikploce.com.hr\/opuzen\/prica-koja-vraca-korijenima-ritam-zemlje-okuplja-ljude-zeljne-mira-i-stvarnih-vrijednosti\/#primaryimage\",\"url\":\"https:\/\/klikploce.com.hr\/opuzen\/wp-content\/uploads\/2026\/04\/GridArt_20260427_163344884-scaled.jpg\",\"contentUrl\":\"https:\/\/klikploce.com.hr\/opuzen\/wp-content\/uploads\/2026\/04\/GridArt_20260427_163344884-scaled.jpg\",\"width\":2560,\"height\":2560},{\"@type\":\"BreadcrumbList\",\"@id\":\"https:\/\/klikploce.com.hr\/opuzen\/prica-koja-vraca-korijenima-ritam-zemlje-okuplja-ljude-zeljne-mira-i-stvarnih-vrijednosti\/#breadcrumb\",\"itemListElement\":[{\"@type\":\"ListItem\",\"position\":1,\"name\":\"Po\u010detna stranica\",\"item\":\"https:\/\/klikploce.com.hr\/opuzen\/\"},{\"@type\":\"ListItem\",\"position\":2,\"name\":\"Pri\u010da koja vra\u0107a korijenima: \u201cRitam zemlje\u201d okuplja ljude \u017eeljne mira i stvarnih vrijednosti\"}]},{\"@type\":\"WebSite\",\"@id\":\"https:\/\/klikploce.com.hr\/opuzen\/#website\",\"url\":\"https:\/\/klikploce.com.hr\/opuzen\/\",\"name\":\"Klik Opuzen\",\"description\":\"\",\"publisher\":{\"@id\":\"https:\/\/klikploce.com.hr\/opuzen\/#organization\"},\"potentialAction\":[{\"@type\":\"SearchAction\",\"target\":{\"@type\":\"EntryPoint\",\"urlTemplate\":\"https:\/\/klikploce.com.hr\/opuzen\/?s={search_term_string}\"},\"query-input\":{\"@type\":\"PropertyValueSpecification\",\"valueRequired\":true,\"valueName\":\"search_term_string\"}}],\"inLanguage\":\"hr\"},{\"@type\":\"Organization\",\"@id\":\"https:\/\/klikploce.com.hr\/opuzen\/#organization\",\"name\":\"Klik Opuzen\",\"url\":\"https:\/\/klikploce.com.hr\/opuzen\/\",\"logo\":{\"@type\":\"ImageObject\",\"inLanguage\":\"hr\",\"@id\":\"https:\/\/klikploce.com.hr\/opuzen\/#\/schema\/logo\/image\/\",\"url\":\"https:\/\/klikploce.com.hr\/opuzen\/wp-content\/uploads\/2025\/09\/KLIK-Opuzen.png\",\"contentUrl\":\"https:\/\/klikploce.com.hr\/opuzen\/wp-content\/uploads\/2025\/09\/KLIK-Opuzen.png\",\"width\":849,\"height\":222,\"caption\":\"Klik Opuzen\"},\"image\":{\"@id\":\"https:\/\/klikploce.com.hr\/opuzen\/#\/schema\/logo\/image\/\"},\"sameAs\":[\"https:\/\/www.facebook.com\/klik.ploce\"]},{\"@type\":\"Person\",\"@id\":\"https:\/\/klikploce.com.hr\/opuzen\/#\/schema\/person\/b85ea61b159cb5355f1c77fda4341407\",\"name\":\"Klik Opuzen\",\"image\":{\"@type\":\"ImageObject\",\"inLanguage\":\"hr\",\"@id\":\"https:\/\/klikploce.com.hr\/opuzen\/#\/schema\/person\/image\/\",\"url\":\"https:\/\/secure.gravatar.com\/avatar\/8da98b2203f72dd20af5e6c35a035011808c19454706473a25dd256759a6f3e7?s=96&d=mm&r=g\",\"contentUrl\":\"https:\/\/secure.gravatar.com\/avatar\/8da98b2203f72dd20af5e6c35a035011808c19454706473a25dd256759a6f3e7?s=96&d=mm&r=g\",\"caption\":\"Klik Opuzen\"},\"url\":\"https:\/\/klikploce.com.hr\/opuzen\/author\/opuzen\/\"}]}<\/script>\n<!-- \/ Yoast SEO plugin. -->","yoast_head_json":{"title":"Pri\u010da koja vra\u0107a korijenima: \u201cRitam zemlje\u201d okuplja ljude \u017eeljne mira i stvarnih vrijednosti - Klik Opuzen","robots":{"index":"index","follow":"follow","max-snippet":"max-snippet:-1","max-image-preview":"max-image-preview:large","max-video-preview":"max-video-preview:-1"},"canonical":"https:\/\/klikploce.com.hr\/opuzen\/prica-koja-vraca-korijenima-ritam-zemlje-okuplja-ljude-zeljne-mira-i-stvarnih-vrijednosti\/","og_locale":"hr_HR","og_type":"article","og_title":"Pri\u010da koja vra\u0107a korijenima: \u201cRitam zemlje\u201d okuplja ljude \u017eeljne mira i stvarnih vrijednosti - Klik Opuzen","og_description":"U vremenu kada sve ide prebrzo, a vrijednosti se \u010desto mjere povr\u0161no\u0161\u0107u i bukom, iz Opuzena dolazi tiha, ali sna\u017ena pri\u010da. \u201cRitam zemlje\u201d nije samo projekt, to je na\u010din \u017eivota, povratak sebi, tradiciji i onome \u0161to nas uistinu hrani. Iza svega stoji jedna \u017eena koja je odlu\u010dila stati, pojednostaviti i podijeliti ono \u0161to je otkrila. U razgovoru otkrivamo kako je nastala ova pri\u010da koja okuplja ljude iz cijele regije i vra\u0107a ih korijenima. Tko stoji iza projekta \u201cRitam zemlje\u201d i kako biste se predstavili na\u0161im \u010ditateljima? Iza \u201cRitma zemlje\u201d stojim ja, Vanesa Popovi\u0107, 33-godi\u0161njakinja koja se prije 15 godina s [&hellip;]","og_url":"https:\/\/klikploce.com.hr\/opuzen\/prica-koja-vraca-korijenima-ritam-zemlje-okuplja-ljude-zeljne-mira-i-stvarnih-vrijednosti\/","og_site_name":"Klik Opuzen","article_publisher":"https:\/\/www.facebook.com\/klik.ploce","article_published_time":"2026-04-27T14:34:50+00:00","article_modified_time":"2026-04-27T15:50:34+00:00","og_image":[{"width":2560,"height":2560,"url":"https:\/\/klikploce.com.hr\/opuzen\/wp-content\/uploads\/2026\/04\/GridArt_20260427_163344884-scaled.jpg","type":"image\/jpeg"}],"author":"Klik Opuzen","twitter_card":"summary_large_image","twitter_misc":{"Napisao\/la":"Klik Opuzen","Procijenjeno vrijeme \u010ditanja":"7 minuta"},"schema":{"@context":"https:\/\/schema.org","@graph":[{"@type":"Article","@id":"https:\/\/klikploce.com.hr\/opuzen\/prica-koja-vraca-korijenima-ritam-zemlje-okuplja-ljude-zeljne-mira-i-stvarnih-vrijednosti\/#article","isPartOf":{"@id":"https:\/\/klikploce.com.hr\/opuzen\/prica-koja-vraca-korijenima-ritam-zemlje-okuplja-ljude-zeljne-mira-i-stvarnih-vrijednosti\/"},"author":{"name":"Klik Opuzen","@id":"https:\/\/klikploce.com.hr\/opuzen\/#\/schema\/person\/b85ea61b159cb5355f1c77fda4341407"},"headline":"Pri\u010da koja vra\u0107a korijenima: \u201cRitam zemlje\u201d okuplja ljude \u017eeljne mira i stvarnih vrijednosti","datePublished":"2026-04-27T14:34:50+00:00","dateModified":"2026-04-27T15:50:34+00:00","mainEntityOfPage":{"@id":"https:\/\/klikploce.com.hr\/opuzen\/prica-koja-vraca-korijenima-ritam-zemlje-okuplja-ljude-zeljne-mira-i-stvarnih-vrijednosti\/"},"wordCount":864,"commentCount":0,"publisher":{"@id":"https:\/\/klikploce.com.hr\/opuzen\/#organization"},"image":{"@id":"https:\/\/klikploce.com.hr\/opuzen\/prica-koja-vraca-korijenima-ritam-zemlje-okuplja-ljude-zeljne-mira-i-stvarnih-vrijednosti\/#primaryimage"},"thumbnailUrl":"https:\/\/klikploce.com.hr\/opuzen\/wp-content\/uploads\/2026\/04\/GridArt_20260427_163344884-scaled.jpg","keywords":["ritam zemlje","vanesa popovi\u0107"],"articleSection":["Izdvojeno","Opuzen","Zabava i kultura"],"inLanguage":"hr","potentialAction":[{"@type":"CommentAction","name":"Comment","target":["https:\/\/klikploce.com.hr\/opuzen\/prica-koja-vraca-korijenima-ritam-zemlje-okuplja-ljude-zeljne-mira-i-stvarnih-vrijednosti\/#respond"]}]},{"@type":"WebPage","@id":"https:\/\/klikploce.com.hr\/opuzen\/prica-koja-vraca-korijenima-ritam-zemlje-okuplja-ljude-zeljne-mira-i-stvarnih-vrijednosti\/","url":"https:\/\/klikploce.com.hr\/opuzen\/prica-koja-vraca-korijenima-ritam-zemlje-okuplja-ljude-zeljne-mira-i-stvarnih-vrijednosti\/","name":"Pri\u010da koja vra\u0107a korijenima: \u201cRitam zemlje\u201d okuplja ljude \u017eeljne mira i stvarnih vrijednosti - Klik Opuzen","isPartOf":{"@id":"https:\/\/klikploce.com.hr\/opuzen\/#website"},"primaryImageOfPage":{"@id":"https:\/\/klikploce.com.hr\/opuzen\/prica-koja-vraca-korijenima-ritam-zemlje-okuplja-ljude-zeljne-mira-i-stvarnih-vrijednosti\/#primaryimage"},"image":{"@id":"https:\/\/klikploce.com.hr\/opuzen\/prica-koja-vraca-korijenima-ritam-zemlje-okuplja-ljude-zeljne-mira-i-stvarnih-vrijednosti\/#primaryimage"},"thumbnailUrl":"https:\/\/klikploce.com.hr\/opuzen\/wp-content\/uploads\/2026\/04\/GridArt_20260427_163344884-scaled.jpg","datePublished":"2026-04-27T14:34:50+00:00","dateModified":"2026-04-27T15:50:34+00:00","breadcrumb":{"@id":"https:\/\/klikploce.com.hr\/opuzen\/prica-koja-vraca-korijenima-ritam-zemlje-okuplja-ljude-zeljne-mira-i-stvarnih-vrijednosti\/#breadcrumb"},"inLanguage":"hr","potentialAction":[{"@type":"ReadAction","target":["https:\/\/klikploce.com.hr\/opuzen\/prica-koja-vraca-korijenima-ritam-zemlje-okuplja-ljude-zeljne-mira-i-stvarnih-vrijednosti\/"]}]},{"@type":"ImageObject","inLanguage":"hr","@id":"https:\/\/klikploce.com.hr\/opuzen\/prica-koja-vraca-korijenima-ritam-zemlje-okuplja-ljude-zeljne-mira-i-stvarnih-vrijednosti\/#primaryimage","url":"https:\/\/klikploce.com.hr\/opuzen\/wp-content\/uploads\/2026\/04\/GridArt_20260427_163344884-scaled.jpg","contentUrl":"https:\/\/klikploce.com.hr\/opuzen\/wp-content\/uploads\/2026\/04\/GridArt_20260427_163344884-scaled.jpg","width":2560,"height":2560},{"@type":"BreadcrumbList","@id":"https:\/\/klikploce.com.hr\/opuzen\/prica-koja-vraca-korijenima-ritam-zemlje-okuplja-ljude-zeljne-mira-i-stvarnih-vrijednosti\/#breadcrumb","itemListElement":[{"@type":"ListItem","position":1,"name":"Po\u010detna stranica","item":"https:\/\/klikploce.com.hr\/opuzen\/"},{"@type":"ListItem","position":2,"name":"Pri\u010da koja vra\u0107a korijenima: \u201cRitam zemlje\u201d okuplja ljude \u017eeljne mira i stvarnih vrijednosti"}]},{"@type":"WebSite","@id":"https:\/\/klikploce.com.hr\/opuzen\/#website","url":"https:\/\/klikploce.com.hr\/opuzen\/","name":"Klik Opuzen","description":"","publisher":{"@id":"https:\/\/klikploce.com.hr\/opuzen\/#organization"},"potentialAction":[{"@type":"SearchAction","target":{"@type":"EntryPoint","urlTemplate":"https:\/\/klikploce.com.hr\/opuzen\/?s={search_term_string}"},"query-input":{"@type":"PropertyValueSpecification","valueRequired":true,"valueName":"search_term_string"}}],"inLanguage":"hr"},{"@type":"Organization","@id":"https:\/\/klikploce.com.hr\/opuzen\/#organization","name":"Klik Opuzen","url":"https:\/\/klikploce.com.hr\/opuzen\/","logo":{"@type":"ImageObject","inLanguage":"hr","@id":"https:\/\/klikploce.com.hr\/opuzen\/#\/schema\/logo\/image\/","url":"https:\/\/klikploce.com.hr\/opuzen\/wp-content\/uploads\/2025\/09\/KLIK-Opuzen.png","contentUrl":"https:\/\/klikploce.com.hr\/opuzen\/wp-content\/uploads\/2025\/09\/KLIK-Opuzen.png","width":849,"height":222,"caption":"Klik Opuzen"},"image":{"@id":"https:\/\/klikploce.com.hr\/opuzen\/#\/schema\/logo\/image\/"},"sameAs":["https:\/\/www.facebook.com\/klik.ploce"]},{"@type":"Person","@id":"https:\/\/klikploce.com.hr\/opuzen\/#\/schema\/person\/b85ea61b159cb5355f1c77fda4341407","name":"Klik Opuzen","image":{"@type":"ImageObject","inLanguage":"hr","@id":"https:\/\/klikploce.com.hr\/opuzen\/#\/schema\/person\/image\/","url":"https:\/\/secure.gravatar.com\/avatar\/8da98b2203f72dd20af5e6c35a035011808c19454706473a25dd256759a6f3e7?s=96&d=mm&r=g","contentUrl":"https:\/\/secure.gravatar.com\/avatar\/8da98b2203f72dd20af5e6c35a035011808c19454706473a25dd256759a6f3e7?s=96&d=mm&r=g","caption":"Klik Opuzen"},"url":"https:\/\/klikploce.com.hr\/opuzen\/author\/opuzen\/"}]}},"_links":{"self":[{"href":"https:\/\/klikploce.com.hr\/opuzen\/wp-json\/wp\/v2\/posts\/3546","targetHints":{"allow":["GET"]}}],"collection":[{"href":"https:\/\/klikploce.com.hr\/opuzen\/wp-json\/wp\/v2\/posts"}],"about":[{"href":"https:\/\/klikploce.com.hr\/opuzen\/wp-json\/wp\/v2\/types\/post"}],"author":[{"embeddable":true,"href":"https:\/\/klikploce.com.hr\/opuzen\/wp-json\/wp\/v2\/users\/2"}],"replies":[{"embeddable":true,"href":"https:\/\/klikploce.com.hr\/opuzen\/wp-json\/wp\/v2\/comments?post=3546"}],"version-history":[{"count":4,"href":"https:\/\/klikploce.com.hr\/opuzen\/wp-json\/wp\/v2\/posts\/3546\/revisions"}],"predecessor-version":[{"id":3564,"href":"https:\/\/klikploce.com.hr\/opuzen\/wp-json\/wp\/v2\/posts\/3546\/revisions\/3564"}],"wp:featuredmedia":[{"embeddable":true,"href":"https:\/\/klikploce.com.hr\/opuzen\/wp-json\/wp\/v2\/media\/3562"}],"wp:attachment":[{"href":"https:\/\/klikploce.com.hr\/opuzen\/wp-json\/wp\/v2\/media?parent=3546"}],"wp:term":[{"taxonomy":"category","embeddable":true,"href":"https:\/\/klikploce.com.hr\/opuzen\/wp-json\/wp\/v2\/categories?post=3546"},{"taxonomy":"post_tag","embeddable":true,"href":"https:\/\/klikploce.com.hr\/opuzen\/wp-json\/wp\/v2\/tags?post=3546"}],"curies":[{"name":"wp","href":"https:\/\/api.w.org\/{rel}","templated":true}]}}