{"id":3500,"date":"2026-04-19T12:05:22","date_gmt":"2026-04-19T10:05:22","guid":{"rendered":"https:\/\/klikploce.com.hr\/opuzen\/?p=3500"},"modified":"2026-04-19T12:05:22","modified_gmt":"2026-04-19T10:05:22","slug":"nevjerojatna-promjena-u-srcu-opuzena-park-i-fontana-prije-i-danas","status":"publish","type":"post","link":"https:\/\/klikploce.com.hr\/opuzen\/nevjerojatna-promjena-u-srcu-opuzena-park-i-fontana-prije-i-danas\/","title":{"rendered":"Nevjerojatna promjena u srcu Opuzena: park i fontana prije i danas"},"content":{"rendered":"<p>Opuzen kroz fotografije Ive O\u017ei\u0107a pokazuje koliko se jedan gradski prostor mo\u017ee promijeniti u manje od desetlje\u0107a. Usporedne fotografije opuzenskog gradskog parka i fontane, snimljene nekad i sada, jasno otkrivaju veliku razliku \u2013 i to u korist dana\u0161njeg izgleda.<\/p>\n<p style=\"text-align: center;\"><img loading=\"lazy\" decoding=\"async\" class=\"aligncenter size-full wp-image-3501\" src=\"https:\/\/klikploce.com.hr\/opuzen\/wp-content\/uploads\/2026\/04\/FB_IMG_1776536096000.jpg\" alt=\"\" width=\"1365\" height=\"2048\" \/> <img loading=\"lazy\" decoding=\"async\" class=\"aligncenter size-full wp-image-3502\" src=\"https:\/\/klikploce.com.hr\/opuzen\/wp-content\/uploads\/2026\/04\/FB_IMG_1776536098762.jpg\" alt=\"\" width=\"1440\" height=\"960\" \/> <img loading=\"lazy\" decoding=\"async\" class=\"aligncenter size-full wp-image-3503\" src=\"https:\/\/klikploce.com.hr\/opuzen\/wp-content\/uploads\/2026\/04\/FB_IMG_1776536104840.jpg\" alt=\"\" width=\"1365\" height=\"2048\" \/> <img loading=\"lazy\" decoding=\"async\" class=\"aligncenter size-full wp-image-3504\" src=\"https:\/\/klikploce.com.hr\/opuzen\/wp-content\/uploads\/2026\/04\/FB_IMG_1776536093744.jpg\" alt=\"\" width=\"1365\" height=\"2048\" \/><\/p>\n<p>U devet godina sredi\u0161nji gradski prostor pro\u0161ao je kroz vidljivu transformaciju, od zapu\u0161tenijeg izgleda do ure\u0111enog, funkcionalnog i estetski privla\u010dnog mjesta koje danas predstavlja jednu od najljep\u0161ih to\u010daka u gradu.<\/p>\n<p>Podsjetimo, rije\u010d je o projektu kojim je Grad Opuzen dodatno uredio i uljep\u0161ao javni prostor u samom srcu grada. Gra\u0111ani su dobili funkcionalniji i ugodniji prostor za dru\u017eenje i svakodnevni boravak, dok je ure\u0111enjem fontane dodatno oplemenjeno sredi\u0161te koje je ve\u0107 godinama mjesto susreta i brojnih manifestacija.<\/p>\n<p>Posebnu vrijednost ovom prostoru daje i spomenik \u201ePobjeda nad mo\u010dvarom\u201c, podignut 1975. godine, rad doma\u0107ih umjetnika Dragana Popovi\u0107a i Mate Pe\u010di\u0107a. Spomenik simbolizira melioraciju donje Neretve i dugogodi\u0161nju borbu lokalnog stanovni\u0161tva protiv mo\u010dvare, zahvaljuju\u0107i kojoj je stvoreno plodno tlo za uzgoj vo\u0107a i povr\u0107a.<\/p>\n<p>Ove fotografije najbolje potvr\u0111uju \u2013 Opuzen je u posljednjih devet godina napravio veliki korak naprijed.<\/p>\n","protected":false},"excerpt":{"rendered":"<p>Opuzen kroz fotografije Ive O\u017ei\u0107a pokazuje koliko se jedan gradski prostor mo\u017ee promijeniti u manje od desetlje\u0107a. Usporedne fotografije opuzenskog gradskog parka i fontane, snimljene nekad i sada, jasno otkrivaju veliku razliku \u2013 i to u korist dana\u0161njeg izgleda. U devet godina sredi\u0161nji gradski prostor pro\u0161ao je kroz vidljivu transformaciju, od zapu\u0161tenijeg izgleda do ure\u0111enog, funkcionalnog i estetski privla\u010dnog mjesta koje danas predstavlja jednu od najljep\u0161ih to\u010daka u gradu. Podsjetimo, rije\u010d je o projektu kojim je Grad Opuzen dodatno uredio i uljep\u0161ao javni prostor u samom srcu grada. Gra\u0111ani su dobili funkcionalniji i ugodniji prostor za dru\u017eenje i svakodnevni boravak, [&hellip;]<\/p>\n","protected":false},"author":2,"featured_media":3506,"comment_status":"open","ping_status":"open","sticky":false,"template":"","format":"standard","meta":{"footnotes":""},"categories":[147,143,156],"tags":[152],"class_list":["post-3500","post","type-post","status-publish","format-standard","has-post-thumbnail","hentry","category-izdvojeno","category-opuzen","category-politika-i-gospodarstvo","tag-gradski-park"],"yoast_head":"<!-- This site is optimized with the Yoast SEO plugin v26.3 - https:\/\/yoast.com\/wordpress\/plugins\/seo\/ -->\n<title>Nevjerojatna promjena u srcu Opuzena: park i fontana prije i danas - Klik Opuzen<\/title>\n<meta name=\"robots\" content=\"index, follow, max-snippet:-1, max-image-preview:large, max-video-preview:-1\" \/>\n<link rel=\"canonical\" href=\"https:\/\/klikploce.com.hr\/opuzen\/nevjerojatna-promjena-u-srcu-opuzena-park-i-fontana-prije-i-danas\/\" \/>\n<meta property=\"og:locale\" content=\"hr_HR\" \/>\n<meta property=\"og:type\" content=\"article\" \/>\n<meta property=\"og:title\" content=\"Nevjerojatna promjena u srcu Opuzena: park i fontana prije i danas - Klik Opuzen\" \/>\n<meta property=\"og:description\" content=\"Opuzen kroz fotografije Ive O\u017ei\u0107a pokazuje koliko se jedan gradski prostor mo\u017ee promijeniti u manje od desetlje\u0107a. Usporedne fotografije opuzenskog gradskog parka i fontane, snimljene nekad i sada, jasno otkrivaju veliku razliku \u2013 i to u korist dana\u0161njeg izgleda. U devet godina sredi\u0161nji gradski prostor pro\u0161ao je kroz vidljivu transformaciju, od zapu\u0161tenijeg izgleda do ure\u0111enog, funkcionalnog i estetski privla\u010dnog mjesta koje danas predstavlja jednu od najljep\u0161ih to\u010daka u gradu. Podsjetimo, rije\u010d je o projektu kojim je Grad Opuzen dodatno uredio i uljep\u0161ao javni prostor u samom srcu grada. Gra\u0111ani su dobili funkcionalniji i ugodniji prostor za dru\u017eenje i svakodnevni boravak, [&hellip;]\" \/>\n<meta property=\"og:url\" content=\"https:\/\/klikploce.com.hr\/opuzen\/nevjerojatna-promjena-u-srcu-opuzena-park-i-fontana-prije-i-danas\/\" \/>\n<meta property=\"og:site_name\" content=\"Klik Opuzen\" \/>\n<meta property=\"article:publisher\" content=\"https:\/\/www.facebook.com\/klik.ploce\" \/>\n<meta property=\"article:published_time\" content=\"2026-04-19T10:05:22+00:00\" \/>\n<meta property=\"og:image\" content=\"https:\/\/klikploce.com.hr\/opuzen\/wp-content\/uploads\/2026\/04\/GridArt_20260419_120332319-scaled.jpg\" \/>\n\t<meta property=\"og:image:width\" content=\"2560\" \/>\n\t<meta property=\"og:image:height\" content=\"2048\" \/>\n\t<meta property=\"og:image:type\" content=\"image\/jpeg\" \/>\n<meta name=\"author\" content=\"Klik Opuzen\" \/>\n<meta name=\"twitter:card\" content=\"summary_large_image\" \/>\n<meta name=\"twitter:label1\" content=\"Napisao\/la\" \/>\n\t<meta name=\"twitter:data1\" content=\"Klik Opuzen\" \/>\n\t<meta name=\"twitter:label2\" content=\"Procijenjeno vrijeme \u010ditanja\" \/>\n\t<meta name=\"twitter:data2\" content=\"2 minute\" \/>\n<script type=\"application\/ld+json\" class=\"yoast-schema-graph\">{\"@context\":\"https:\/\/schema.org\",\"@graph\":[{\"@type\":\"Article\",\"@id\":\"https:\/\/klikploce.com.hr\/opuzen\/nevjerojatna-promjena-u-srcu-opuzena-park-i-fontana-prije-i-danas\/#article\",\"isPartOf\":{\"@id\":\"https:\/\/klikploce.com.hr\/opuzen\/nevjerojatna-promjena-u-srcu-opuzena-park-i-fontana-prije-i-danas\/\"},\"author\":{\"name\":\"Klik Opuzen\",\"@id\":\"https:\/\/klikploce.com.hr\/opuzen\/#\/schema\/person\/b85ea61b159cb5355f1c77fda4341407\"},\"headline\":\"Nevjerojatna promjena u srcu Opuzena: park i fontana prije i danas\",\"datePublished\":\"2026-04-19T10:05:22+00:00\",\"mainEntityOfPage\":{\"@id\":\"https:\/\/klikploce.com.hr\/opuzen\/nevjerojatna-promjena-u-srcu-opuzena-park-i-fontana-prije-i-danas\/\"},\"wordCount\":212,\"commentCount\":0,\"publisher\":{\"@id\":\"https:\/\/klikploce.com.hr\/opuzen\/#organization\"},\"image\":{\"@id\":\"https:\/\/klikploce.com.hr\/opuzen\/nevjerojatna-promjena-u-srcu-opuzena-park-i-fontana-prije-i-danas\/#primaryimage\"},\"thumbnailUrl\":\"https:\/\/klikploce.com.hr\/opuzen\/wp-content\/uploads\/2026\/04\/GridArt_20260419_120332319-scaled.jpg\",\"keywords\":[\"gradski park\"],\"articleSection\":[\"Izdvojeno\",\"Opuzen\",\"Politika i gospodarstvo\"],\"inLanguage\":\"hr\",\"potentialAction\":[{\"@type\":\"CommentAction\",\"name\":\"Comment\",\"target\":[\"https:\/\/klikploce.com.hr\/opuzen\/nevjerojatna-promjena-u-srcu-opuzena-park-i-fontana-prije-i-danas\/#respond\"]}]},{\"@type\":\"WebPage\",\"@id\":\"https:\/\/klikploce.com.hr\/opuzen\/nevjerojatna-promjena-u-srcu-opuzena-park-i-fontana-prije-i-danas\/\",\"url\":\"https:\/\/klikploce.com.hr\/opuzen\/nevjerojatna-promjena-u-srcu-opuzena-park-i-fontana-prije-i-danas\/\",\"name\":\"Nevjerojatna promjena u srcu Opuzena: park i fontana prije i danas - Klik Opuzen\",\"isPartOf\":{\"@id\":\"https:\/\/klikploce.com.hr\/opuzen\/#website\"},\"primaryImageOfPage\":{\"@id\":\"https:\/\/klikploce.com.hr\/opuzen\/nevjerojatna-promjena-u-srcu-opuzena-park-i-fontana-prije-i-danas\/#primaryimage\"},\"image\":{\"@id\":\"https:\/\/klikploce.com.hr\/opuzen\/nevjerojatna-promjena-u-srcu-opuzena-park-i-fontana-prije-i-danas\/#primaryimage\"},\"thumbnailUrl\":\"https:\/\/klikploce.com.hr\/opuzen\/wp-content\/uploads\/2026\/04\/GridArt_20260419_120332319-scaled.jpg\",\"datePublished\":\"2026-04-19T10:05:22+00:00\",\"breadcrumb\":{\"@id\":\"https:\/\/klikploce.com.hr\/opuzen\/nevjerojatna-promjena-u-srcu-opuzena-park-i-fontana-prije-i-danas\/#breadcrumb\"},\"inLanguage\":\"hr\",\"potentialAction\":[{\"@type\":\"ReadAction\",\"target\":[\"https:\/\/klikploce.com.hr\/opuzen\/nevjerojatna-promjena-u-srcu-opuzena-park-i-fontana-prije-i-danas\/\"]}]},{\"@type\":\"ImageObject\",\"inLanguage\":\"hr\",\"@id\":\"https:\/\/klikploce.com.hr\/opuzen\/nevjerojatna-promjena-u-srcu-opuzena-park-i-fontana-prije-i-danas\/#primaryimage\",\"url\":\"https:\/\/klikploce.com.hr\/opuzen\/wp-content\/uploads\/2026\/04\/GridArt_20260419_120332319-scaled.jpg\",\"contentUrl\":\"https:\/\/klikploce.com.hr\/opuzen\/wp-content\/uploads\/2026\/04\/GridArt_20260419_120332319-scaled.jpg\",\"width\":2560,\"height\":2048},{\"@type\":\"BreadcrumbList\",\"@id\":\"https:\/\/klikploce.com.hr\/opuzen\/nevjerojatna-promjena-u-srcu-opuzena-park-i-fontana-prije-i-danas\/#breadcrumb\",\"itemListElement\":[{\"@type\":\"ListItem\",\"position\":1,\"name\":\"Po\u010detna stranica\",\"item\":\"https:\/\/klikploce.com.hr\/opuzen\/\"},{\"@type\":\"ListItem\",\"position\":2,\"name\":\"Nevjerojatna promjena u srcu Opuzena: park i fontana prije i danas\"}]},{\"@type\":\"WebSite\",\"@id\":\"https:\/\/klikploce.com.hr\/opuzen\/#website\",\"url\":\"https:\/\/klikploce.com.hr\/opuzen\/\",\"name\":\"Klik Opuzen\",\"description\":\"\",\"publisher\":{\"@id\":\"https:\/\/klikploce.com.hr\/opuzen\/#organization\"},\"potentialAction\":[{\"@type\":\"SearchAction\",\"target\":{\"@type\":\"EntryPoint\",\"urlTemplate\":\"https:\/\/klikploce.com.hr\/opuzen\/?s={search_term_string}\"},\"query-input\":{\"@type\":\"PropertyValueSpecification\",\"valueRequired\":true,\"valueName\":\"search_term_string\"}}],\"inLanguage\":\"hr\"},{\"@type\":\"Organization\",\"@id\":\"https:\/\/klikploce.com.hr\/opuzen\/#organization\",\"name\":\"Klik Opuzen\",\"url\":\"https:\/\/klikploce.com.hr\/opuzen\/\",\"logo\":{\"@type\":\"ImageObject\",\"inLanguage\":\"hr\",\"@id\":\"https:\/\/klikploce.com.hr\/opuzen\/#\/schema\/logo\/image\/\",\"url\":\"https:\/\/klikploce.com.hr\/opuzen\/wp-content\/uploads\/2025\/09\/KLIK-Opuzen.png\",\"contentUrl\":\"https:\/\/klikploce.com.hr\/opuzen\/wp-content\/uploads\/2025\/09\/KLIK-Opuzen.png\",\"width\":849,\"height\":222,\"caption\":\"Klik Opuzen\"},\"image\":{\"@id\":\"https:\/\/klikploce.com.hr\/opuzen\/#\/schema\/logo\/image\/\"},\"sameAs\":[\"https:\/\/www.facebook.com\/klik.ploce\"]},{\"@type\":\"Person\",\"@id\":\"https:\/\/klikploce.com.hr\/opuzen\/#\/schema\/person\/b85ea61b159cb5355f1c77fda4341407\",\"name\":\"Klik Opuzen\",\"image\":{\"@type\":\"ImageObject\",\"inLanguage\":\"hr\",\"@id\":\"https:\/\/klikploce.com.hr\/opuzen\/#\/schema\/person\/image\/\",\"url\":\"https:\/\/secure.gravatar.com\/avatar\/8da98b2203f72dd20af5e6c35a035011808c19454706473a25dd256759a6f3e7?s=96&d=mm&r=g\",\"contentUrl\":\"https:\/\/secure.gravatar.com\/avatar\/8da98b2203f72dd20af5e6c35a035011808c19454706473a25dd256759a6f3e7?s=96&d=mm&r=g\",\"caption\":\"Klik Opuzen\"},\"url\":\"https:\/\/klikploce.com.hr\/opuzen\/author\/opuzen\/\"}]}<\/script>\n<!-- \/ Yoast SEO plugin. -->","yoast_head_json":{"title":"Nevjerojatna promjena u srcu Opuzena: park i fontana prije i danas - Klik Opuzen","robots":{"index":"index","follow":"follow","max-snippet":"max-snippet:-1","max-image-preview":"max-image-preview:large","max-video-preview":"max-video-preview:-1"},"canonical":"https:\/\/klikploce.com.hr\/opuzen\/nevjerojatna-promjena-u-srcu-opuzena-park-i-fontana-prije-i-danas\/","og_locale":"hr_HR","og_type":"article","og_title":"Nevjerojatna promjena u srcu Opuzena: park i fontana prije i danas - Klik Opuzen","og_description":"Opuzen kroz fotografije Ive O\u017ei\u0107a pokazuje koliko se jedan gradski prostor mo\u017ee promijeniti u manje od desetlje\u0107a. Usporedne fotografije opuzenskog gradskog parka i fontane, snimljene nekad i sada, jasno otkrivaju veliku razliku \u2013 i to u korist dana\u0161njeg izgleda. U devet godina sredi\u0161nji gradski prostor pro\u0161ao je kroz vidljivu transformaciju, od zapu\u0161tenijeg izgleda do ure\u0111enog, funkcionalnog i estetski privla\u010dnog mjesta koje danas predstavlja jednu od najljep\u0161ih to\u010daka u gradu. Podsjetimo, rije\u010d je o projektu kojim je Grad Opuzen dodatno uredio i uljep\u0161ao javni prostor u samom srcu grada. Gra\u0111ani su dobili funkcionalniji i ugodniji prostor za dru\u017eenje i svakodnevni boravak, [&hellip;]","og_url":"https:\/\/klikploce.com.hr\/opuzen\/nevjerojatna-promjena-u-srcu-opuzena-park-i-fontana-prije-i-danas\/","og_site_name":"Klik Opuzen","article_publisher":"https:\/\/www.facebook.com\/klik.ploce","article_published_time":"2026-04-19T10:05:22+00:00","og_image":[{"width":2560,"height":2048,"url":"https:\/\/klikploce.com.hr\/opuzen\/wp-content\/uploads\/2026\/04\/GridArt_20260419_120332319-scaled.jpg","type":"image\/jpeg"}],"author":"Klik Opuzen","twitter_card":"summary_large_image","twitter_misc":{"Napisao\/la":"Klik Opuzen","Procijenjeno vrijeme \u010ditanja":"2 minute"},"schema":{"@context":"https:\/\/schema.org","@graph":[{"@type":"Article","@id":"https:\/\/klikploce.com.hr\/opuzen\/nevjerojatna-promjena-u-srcu-opuzena-park-i-fontana-prije-i-danas\/#article","isPartOf":{"@id":"https:\/\/klikploce.com.hr\/opuzen\/nevjerojatna-promjena-u-srcu-opuzena-park-i-fontana-prije-i-danas\/"},"author":{"name":"Klik Opuzen","@id":"https:\/\/klikploce.com.hr\/opuzen\/#\/schema\/person\/b85ea61b159cb5355f1c77fda4341407"},"headline":"Nevjerojatna promjena u srcu Opuzena: park i fontana prije i danas","datePublished":"2026-04-19T10:05:22+00:00","mainEntityOfPage":{"@id":"https:\/\/klikploce.com.hr\/opuzen\/nevjerojatna-promjena-u-srcu-opuzena-park-i-fontana-prije-i-danas\/"},"wordCount":212,"commentCount":0,"publisher":{"@id":"https:\/\/klikploce.com.hr\/opuzen\/#organization"},"image":{"@id":"https:\/\/klikploce.com.hr\/opuzen\/nevjerojatna-promjena-u-srcu-opuzena-park-i-fontana-prije-i-danas\/#primaryimage"},"thumbnailUrl":"https:\/\/klikploce.com.hr\/opuzen\/wp-content\/uploads\/2026\/04\/GridArt_20260419_120332319-scaled.jpg","keywords":["gradski park"],"articleSection":["Izdvojeno","Opuzen","Politika i gospodarstvo"],"inLanguage":"hr","potentialAction":[{"@type":"CommentAction","name":"Comment","target":["https:\/\/klikploce.com.hr\/opuzen\/nevjerojatna-promjena-u-srcu-opuzena-park-i-fontana-prije-i-danas\/#respond"]}]},{"@type":"WebPage","@id":"https:\/\/klikploce.com.hr\/opuzen\/nevjerojatna-promjena-u-srcu-opuzena-park-i-fontana-prije-i-danas\/","url":"https:\/\/klikploce.com.hr\/opuzen\/nevjerojatna-promjena-u-srcu-opuzena-park-i-fontana-prije-i-danas\/","name":"Nevjerojatna promjena u srcu Opuzena: park i fontana prije i danas - Klik Opuzen","isPartOf":{"@id":"https:\/\/klikploce.com.hr\/opuzen\/#website"},"primaryImageOfPage":{"@id":"https:\/\/klikploce.com.hr\/opuzen\/nevjerojatna-promjena-u-srcu-opuzena-park-i-fontana-prije-i-danas\/#primaryimage"},"image":{"@id":"https:\/\/klikploce.com.hr\/opuzen\/nevjerojatna-promjena-u-srcu-opuzena-park-i-fontana-prije-i-danas\/#primaryimage"},"thumbnailUrl":"https:\/\/klikploce.com.hr\/opuzen\/wp-content\/uploads\/2026\/04\/GridArt_20260419_120332319-scaled.jpg","datePublished":"2026-04-19T10:05:22+00:00","breadcrumb":{"@id":"https:\/\/klikploce.com.hr\/opuzen\/nevjerojatna-promjena-u-srcu-opuzena-park-i-fontana-prije-i-danas\/#breadcrumb"},"inLanguage":"hr","potentialAction":[{"@type":"ReadAction","target":["https:\/\/klikploce.com.hr\/opuzen\/nevjerojatna-promjena-u-srcu-opuzena-park-i-fontana-prije-i-danas\/"]}]},{"@type":"ImageObject","inLanguage":"hr","@id":"https:\/\/klikploce.com.hr\/opuzen\/nevjerojatna-promjena-u-srcu-opuzena-park-i-fontana-prije-i-danas\/#primaryimage","url":"https:\/\/klikploce.com.hr\/opuzen\/wp-content\/uploads\/2026\/04\/GridArt_20260419_120332319-scaled.jpg","contentUrl":"https:\/\/klikploce.com.hr\/opuzen\/wp-content\/uploads\/2026\/04\/GridArt_20260419_120332319-scaled.jpg","width":2560,"height":2048},{"@type":"BreadcrumbList","@id":"https:\/\/klikploce.com.hr\/opuzen\/nevjerojatna-promjena-u-srcu-opuzena-park-i-fontana-prije-i-danas\/#breadcrumb","itemListElement":[{"@type":"ListItem","position":1,"name":"Po\u010detna stranica","item":"https:\/\/klikploce.com.hr\/opuzen\/"},{"@type":"ListItem","position":2,"name":"Nevjerojatna promjena u srcu Opuzena: park i fontana prije i danas"}]},{"@type":"WebSite","@id":"https:\/\/klikploce.com.hr\/opuzen\/#website","url":"https:\/\/klikploce.com.hr\/opuzen\/","name":"Klik Opuzen","description":"","publisher":{"@id":"https:\/\/klikploce.com.hr\/opuzen\/#organization"},"potentialAction":[{"@type":"SearchAction","target":{"@type":"EntryPoint","urlTemplate":"https:\/\/klikploce.com.hr\/opuzen\/?s={search_term_string}"},"query-input":{"@type":"PropertyValueSpecification","valueRequired":true,"valueName":"search_term_string"}}],"inLanguage":"hr"},{"@type":"Organization","@id":"https:\/\/klikploce.com.hr\/opuzen\/#organization","name":"Klik Opuzen","url":"https:\/\/klikploce.com.hr\/opuzen\/","logo":{"@type":"ImageObject","inLanguage":"hr","@id":"https:\/\/klikploce.com.hr\/opuzen\/#\/schema\/logo\/image\/","url":"https:\/\/klikploce.com.hr\/opuzen\/wp-content\/uploads\/2025\/09\/KLIK-Opuzen.png","contentUrl":"https:\/\/klikploce.com.hr\/opuzen\/wp-content\/uploads\/2025\/09\/KLIK-Opuzen.png","width":849,"height":222,"caption":"Klik Opuzen"},"image":{"@id":"https:\/\/klikploce.com.hr\/opuzen\/#\/schema\/logo\/image\/"},"sameAs":["https:\/\/www.facebook.com\/klik.ploce"]},{"@type":"Person","@id":"https:\/\/klikploce.com.hr\/opuzen\/#\/schema\/person\/b85ea61b159cb5355f1c77fda4341407","name":"Klik Opuzen","image":{"@type":"ImageObject","inLanguage":"hr","@id":"https:\/\/klikploce.com.hr\/opuzen\/#\/schema\/person\/image\/","url":"https:\/\/secure.gravatar.com\/avatar\/8da98b2203f72dd20af5e6c35a035011808c19454706473a25dd256759a6f3e7?s=96&d=mm&r=g","contentUrl":"https:\/\/secure.gravatar.com\/avatar\/8da98b2203f72dd20af5e6c35a035011808c19454706473a25dd256759a6f3e7?s=96&d=mm&r=g","caption":"Klik Opuzen"},"url":"https:\/\/klikploce.com.hr\/opuzen\/author\/opuzen\/"}]}},"_links":{"self":[{"href":"https:\/\/klikploce.com.hr\/opuzen\/wp-json\/wp\/v2\/posts\/3500","targetHints":{"allow":["GET"]}}],"collection":[{"href":"https:\/\/klikploce.com.hr\/opuzen\/wp-json\/wp\/v2\/posts"}],"about":[{"href":"https:\/\/klikploce.com.hr\/opuzen\/wp-json\/wp\/v2\/types\/post"}],"author":[{"embeddable":true,"href":"https:\/\/klikploce.com.hr\/opuzen\/wp-json\/wp\/v2\/users\/2"}],"replies":[{"embeddable":true,"href":"https:\/\/klikploce.com.hr\/opuzen\/wp-json\/wp\/v2\/comments?post=3500"}],"version-history":[{"count":2,"href":"https:\/\/klikploce.com.hr\/opuzen\/wp-json\/wp\/v2\/posts\/3500\/revisions"}],"predecessor-version":[{"id":3507,"href":"https:\/\/klikploce.com.hr\/opuzen\/wp-json\/wp\/v2\/posts\/3500\/revisions\/3507"}],"wp:featuredmedia":[{"embeddable":true,"href":"https:\/\/klikploce.com.hr\/opuzen\/wp-json\/wp\/v2\/media\/3506"}],"wp:attachment":[{"href":"https:\/\/klikploce.com.hr\/opuzen\/wp-json\/wp\/v2\/media?parent=3500"}],"wp:term":[{"taxonomy":"category","embeddable":true,"href":"https:\/\/klikploce.com.hr\/opuzen\/wp-json\/wp\/v2\/categories?post=3500"},{"taxonomy":"post_tag","embeddable":true,"href":"https:\/\/klikploce.com.hr\/opuzen\/wp-json\/wp\/v2\/tags?post=3500"}],"curies":[{"name":"wp","href":"https:\/\/api.w.org\/{rel}","templated":true}]}}