{"id":3482,"date":"2026-04-15T13:17:03","date_gmt":"2026-04-15T11:17:03","guid":{"rendered":"https:\/\/klikploce.com.hr\/opuzen\/?p=3482"},"modified":"2026-04-15T13:18:59","modified_gmt":"2026-04-15T11:18:59","slug":"marin-alilovic-novi-je-direktor-turisticke-zajednice-grada-opuzena","status":"publish","type":"post","link":"https:\/\/klikploce.com.hr\/opuzen\/marin-alilovic-novi-je-direktor-turisticke-zajednice-grada-opuzena\/","title":{"rendered":"Marin Alilovi\u0107 novi je direktor Turisti\u010dke zajednice Grada Opuzena"},"content":{"rendered":"<p>Turisti\u010dka zajednica Grada Opuzena dobila je novog direktora \u2013 s radom je zapo\u010deo Marin Alilovi\u0107, koji je izabran na sjednici Turisti\u010dkog vije\u0107a odr\u017eanoj 4. o\u017eujka 2026. godine. Na javni natje\u010daj, raspisan 10. velja\u010de, pristigla je jedna prijava, a nakon provedenog intervjua Alilovi\u0107 je ocijenjen kao najbolji kandidat.<\/p>\n<p>Rije\u010d je o imenovanju koje dolazi uo\u010di turisti\u010dke sezone, a od novog direktora o\u010dekuje se daljnje unaprje\u0111enje turisti\u010dke ponude i promocije Opuzena.<\/p>\n<p>Ujedno je objavljeno i radno vrijeme ureda, koje \u0107e do daljnjega biti od ponedjeljka do petka od 7 do 15 sati, dok ured vikendom ne\u0107e raditi. Rad sa strankama organiziran je svakim radnim danom od 9 do 13 sati.<\/p>\n<p>U slu\u010daju odsustva ili terenskog rada tijekom vremena predvi\u0111enog za rad sa strankama, svi upiti \u2013 uklju\u010duju\u0107i turisti\u010dke informacije, prijavu i odjavu gostiju u sustav eVisitor te ostale zahtjeve \u2013 mogu se uputiti putem slu\u017ebene e-mail adrese <a href=\"mailto:info@tz-opuzen.hr\">info@tz-opuzen.hr<\/a><\/p>\n<p>Kontakt broj slu\u017ebenog mobitela direktora bit \u0107e naknadno objavljen na slu\u017ebenoj web stranici i oglasnoj plo\u010di.<\/p>\n","protected":false},"excerpt":{"rendered":"<p>Turisti\u010dka zajednica Grada Opuzena dobila je novog direktora \u2013 s radom je zapo\u010deo Marin Alilovi\u0107, koji je izabran na sjednici Turisti\u010dkog vije\u0107a odr\u017eanoj 4. o\u017eujka 2026. godine. Na javni natje\u010daj, raspisan 10. velja\u010de, pristigla je jedna prijava, a nakon provedenog intervjua Alilovi\u0107 je ocijenjen kao najbolji kandidat. Rije\u010d je o imenovanju koje dolazi uo\u010di turisti\u010dke sezone, a od novog direktora o\u010dekuje se daljnje unaprje\u0111enje turisti\u010dke ponude i promocije Opuzena. Ujedno je objavljeno i radno vrijeme ureda, koje \u0107e do daljnjega biti od ponedjeljka do petka od 7 do 15 sati, dok ured vikendom ne\u0107e raditi. Rad sa strankama organiziran je [&hellip;]<\/p>\n","protected":false},"author":2,"featured_media":3483,"comment_status":"open","ping_status":"open","sticky":false,"template":"","format":"standard","meta":{"footnotes":""},"categories":[147,143,156],"tags":[296,295],"class_list":["post-3482","post","type-post","status-publish","format-standard","has-post-thumbnail","hentry","category-izdvojeno","category-opuzen","category-politika-i-gospodarstvo","tag-marin-alilovic","tag-turisticka-zajednica"],"yoast_head":"<!-- This site is optimized with the Yoast SEO plugin v26.3 - https:\/\/yoast.com\/wordpress\/plugins\/seo\/ -->\n<title>Marin Alilovi\u0107 novi je direktor Turisti\u010dke zajednice Grada Opuzena - Klik Opuzen<\/title>\n<meta name=\"robots\" content=\"index, follow, max-snippet:-1, max-image-preview:large, max-video-preview:-1\" \/>\n<link rel=\"canonical\" href=\"https:\/\/klikploce.com.hr\/opuzen\/marin-alilovic-novi-je-direktor-turisticke-zajednice-grada-opuzena\/\" \/>\n<meta property=\"og:locale\" content=\"hr_HR\" \/>\n<meta property=\"og:type\" content=\"article\" \/>\n<meta property=\"og:title\" content=\"Marin Alilovi\u0107 novi je direktor Turisti\u010dke zajednice Grada Opuzena - Klik Opuzen\" \/>\n<meta property=\"og:description\" content=\"Turisti\u010dka zajednica Grada Opuzena dobila je novog direktora \u2013 s radom je zapo\u010deo Marin Alilovi\u0107, koji je izabran na sjednici Turisti\u010dkog vije\u0107a odr\u017eanoj 4. o\u017eujka 2026. godine. Na javni natje\u010daj, raspisan 10. velja\u010de, pristigla je jedna prijava, a nakon provedenog intervjua Alilovi\u0107 je ocijenjen kao najbolji kandidat. Rije\u010d je o imenovanju koje dolazi uo\u010di turisti\u010dke sezone, a od novog direktora o\u010dekuje se daljnje unaprje\u0111enje turisti\u010dke ponude i promocije Opuzena. Ujedno je objavljeno i radno vrijeme ureda, koje \u0107e do daljnjega biti od ponedjeljka do petka od 7 do 15 sati, dok ured vikendom ne\u0107e raditi. Rad sa strankama organiziran je [&hellip;]\" \/>\n<meta property=\"og:url\" content=\"https:\/\/klikploce.com.hr\/opuzen\/marin-alilovic-novi-je-direktor-turisticke-zajednice-grada-opuzena\/\" \/>\n<meta property=\"og:site_name\" content=\"Klik Opuzen\" \/>\n<meta property=\"article:publisher\" content=\"https:\/\/www.facebook.com\/klik.ploce\" \/>\n<meta property=\"article:published_time\" content=\"2026-04-15T11:17:03+00:00\" \/>\n<meta property=\"article:modified_time\" content=\"2026-04-15T11:18:59+00:00\" \/>\n<meta property=\"og:image\" content=\"https:\/\/klikploce.com.hr\/opuzen\/wp-content\/uploads\/2026\/04\/FB_IMG_1776251438042.jpg\" \/>\n\t<meta property=\"og:image:width\" content=\"2048\" \/>\n\t<meta property=\"og:image:height\" content=\"1566\" \/>\n\t<meta property=\"og:image:type\" content=\"image\/jpeg\" \/>\n<meta name=\"author\" content=\"Klik Opuzen\" \/>\n<meta name=\"twitter:card\" content=\"summary_large_image\" \/>\n<meta name=\"twitter:label1\" content=\"Napisao\/la\" \/>\n\t<meta name=\"twitter:data1\" content=\"Klik Opuzen\" \/>\n\t<meta name=\"twitter:label2\" content=\"Procijenjeno vrijeme \u010ditanja\" \/>\n\t<meta name=\"twitter:data2\" content=\"2 minute\" \/>\n<script type=\"application\/ld+json\" class=\"yoast-schema-graph\">{\"@context\":\"https:\/\/schema.org\",\"@graph\":[{\"@type\":\"Article\",\"@id\":\"https:\/\/klikploce.com.hr\/opuzen\/marin-alilovic-novi-je-direktor-turisticke-zajednice-grada-opuzena\/#article\",\"isPartOf\":{\"@id\":\"https:\/\/klikploce.com.hr\/opuzen\/marin-alilovic-novi-je-direktor-turisticke-zajednice-grada-opuzena\/\"},\"author\":{\"name\":\"Klik Opuzen\",\"@id\":\"https:\/\/klikploce.com.hr\/opuzen\/#\/schema\/person\/b85ea61b159cb5355f1c77fda4341407\"},\"headline\":\"Marin Alilovi\u0107 novi je direktor Turisti\u010dke zajednice Grada Opuzena\",\"datePublished\":\"2026-04-15T11:17:03+00:00\",\"dateModified\":\"2026-04-15T11:18:59+00:00\",\"mainEntityOfPage\":{\"@id\":\"https:\/\/klikploce.com.hr\/opuzen\/marin-alilovic-novi-je-direktor-turisticke-zajednice-grada-opuzena\/\"},\"wordCount\":187,\"commentCount\":0,\"publisher\":{\"@id\":\"https:\/\/klikploce.com.hr\/opuzen\/#organization\"},\"image\":{\"@id\":\"https:\/\/klikploce.com.hr\/opuzen\/marin-alilovic-novi-je-direktor-turisticke-zajednice-grada-opuzena\/#primaryimage\"},\"thumbnailUrl\":\"https:\/\/klikploce.com.hr\/opuzen\/wp-content\/uploads\/2026\/04\/FB_IMG_1776251438042.jpg\",\"keywords\":[\"marin alilovi\u0107\",\"turisti\u010dka zajednica\"],\"articleSection\":[\"Izdvojeno\",\"Opuzen\",\"Politika i gospodarstvo\"],\"inLanguage\":\"hr\",\"potentialAction\":[{\"@type\":\"CommentAction\",\"name\":\"Comment\",\"target\":[\"https:\/\/klikploce.com.hr\/opuzen\/marin-alilovic-novi-je-direktor-turisticke-zajednice-grada-opuzena\/#respond\"]}]},{\"@type\":\"WebPage\",\"@id\":\"https:\/\/klikploce.com.hr\/opuzen\/marin-alilovic-novi-je-direktor-turisticke-zajednice-grada-opuzena\/\",\"url\":\"https:\/\/klikploce.com.hr\/opuzen\/marin-alilovic-novi-je-direktor-turisticke-zajednice-grada-opuzena\/\",\"name\":\"Marin Alilovi\u0107 novi je direktor Turisti\u010dke zajednice Grada Opuzena - Klik Opuzen\",\"isPartOf\":{\"@id\":\"https:\/\/klikploce.com.hr\/opuzen\/#website\"},\"primaryImageOfPage\":{\"@id\":\"https:\/\/klikploce.com.hr\/opuzen\/marin-alilovic-novi-je-direktor-turisticke-zajednice-grada-opuzena\/#primaryimage\"},\"image\":{\"@id\":\"https:\/\/klikploce.com.hr\/opuzen\/marin-alilovic-novi-je-direktor-turisticke-zajednice-grada-opuzena\/#primaryimage\"},\"thumbnailUrl\":\"https:\/\/klikploce.com.hr\/opuzen\/wp-content\/uploads\/2026\/04\/FB_IMG_1776251438042.jpg\",\"datePublished\":\"2026-04-15T11:17:03+00:00\",\"dateModified\":\"2026-04-15T11:18:59+00:00\",\"breadcrumb\":{\"@id\":\"https:\/\/klikploce.com.hr\/opuzen\/marin-alilovic-novi-je-direktor-turisticke-zajednice-grada-opuzena\/#breadcrumb\"},\"inLanguage\":\"hr\",\"potentialAction\":[{\"@type\":\"ReadAction\",\"target\":[\"https:\/\/klikploce.com.hr\/opuzen\/marin-alilovic-novi-je-direktor-turisticke-zajednice-grada-opuzena\/\"]}]},{\"@type\":\"ImageObject\",\"inLanguage\":\"hr\",\"@id\":\"https:\/\/klikploce.com.hr\/opuzen\/marin-alilovic-novi-je-direktor-turisticke-zajednice-grada-opuzena\/#primaryimage\",\"url\":\"https:\/\/klikploce.com.hr\/opuzen\/wp-content\/uploads\/2026\/04\/FB_IMG_1776251438042.jpg\",\"contentUrl\":\"https:\/\/klikploce.com.hr\/opuzen\/wp-content\/uploads\/2026\/04\/FB_IMG_1776251438042.jpg\",\"width\":2048,\"height\":1566},{\"@type\":\"BreadcrumbList\",\"@id\":\"https:\/\/klikploce.com.hr\/opuzen\/marin-alilovic-novi-je-direktor-turisticke-zajednice-grada-opuzena\/#breadcrumb\",\"itemListElement\":[{\"@type\":\"ListItem\",\"position\":1,\"name\":\"Po\u010detna stranica\",\"item\":\"https:\/\/klikploce.com.hr\/opuzen\/\"},{\"@type\":\"ListItem\",\"position\":2,\"name\":\"Marin Alilovi\u0107 novi je direktor Turisti\u010dke zajednice Grada Opuzena\"}]},{\"@type\":\"WebSite\",\"@id\":\"https:\/\/klikploce.com.hr\/opuzen\/#website\",\"url\":\"https:\/\/klikploce.com.hr\/opuzen\/\",\"name\":\"Klik Opuzen\",\"description\":\"\",\"publisher\":{\"@id\":\"https:\/\/klikploce.com.hr\/opuzen\/#organization\"},\"potentialAction\":[{\"@type\":\"SearchAction\",\"target\":{\"@type\":\"EntryPoint\",\"urlTemplate\":\"https:\/\/klikploce.com.hr\/opuzen\/?s={search_term_string}\"},\"query-input\":{\"@type\":\"PropertyValueSpecification\",\"valueRequired\":true,\"valueName\":\"search_term_string\"}}],\"inLanguage\":\"hr\"},{\"@type\":\"Organization\",\"@id\":\"https:\/\/klikploce.com.hr\/opuzen\/#organization\",\"name\":\"Klik Opuzen\",\"url\":\"https:\/\/klikploce.com.hr\/opuzen\/\",\"logo\":{\"@type\":\"ImageObject\",\"inLanguage\":\"hr\",\"@id\":\"https:\/\/klikploce.com.hr\/opuzen\/#\/schema\/logo\/image\/\",\"url\":\"https:\/\/klikploce.com.hr\/opuzen\/wp-content\/uploads\/2025\/09\/KLIK-Opuzen.png\",\"contentUrl\":\"https:\/\/klikploce.com.hr\/opuzen\/wp-content\/uploads\/2025\/09\/KLIK-Opuzen.png\",\"width\":849,\"height\":222,\"caption\":\"Klik Opuzen\"},\"image\":{\"@id\":\"https:\/\/klikploce.com.hr\/opuzen\/#\/schema\/logo\/image\/\"},\"sameAs\":[\"https:\/\/www.facebook.com\/klik.ploce\"]},{\"@type\":\"Person\",\"@id\":\"https:\/\/klikploce.com.hr\/opuzen\/#\/schema\/person\/b85ea61b159cb5355f1c77fda4341407\",\"name\":\"Klik Opuzen\",\"image\":{\"@type\":\"ImageObject\",\"inLanguage\":\"hr\",\"@id\":\"https:\/\/klikploce.com.hr\/opuzen\/#\/schema\/person\/image\/\",\"url\":\"https:\/\/secure.gravatar.com\/avatar\/8da98b2203f72dd20af5e6c35a035011808c19454706473a25dd256759a6f3e7?s=96&d=mm&r=g\",\"contentUrl\":\"https:\/\/secure.gravatar.com\/avatar\/8da98b2203f72dd20af5e6c35a035011808c19454706473a25dd256759a6f3e7?s=96&d=mm&r=g\",\"caption\":\"Klik Opuzen\"},\"url\":\"https:\/\/klikploce.com.hr\/opuzen\/author\/opuzen\/\"}]}<\/script>\n<!-- \/ Yoast SEO plugin. -->","yoast_head_json":{"title":"Marin Alilovi\u0107 novi je direktor Turisti\u010dke zajednice Grada Opuzena - Klik Opuzen","robots":{"index":"index","follow":"follow","max-snippet":"max-snippet:-1","max-image-preview":"max-image-preview:large","max-video-preview":"max-video-preview:-1"},"canonical":"https:\/\/klikploce.com.hr\/opuzen\/marin-alilovic-novi-je-direktor-turisticke-zajednice-grada-opuzena\/","og_locale":"hr_HR","og_type":"article","og_title":"Marin Alilovi\u0107 novi je direktor Turisti\u010dke zajednice Grada Opuzena - Klik Opuzen","og_description":"Turisti\u010dka zajednica Grada Opuzena dobila je novog direktora \u2013 s radom je zapo\u010deo Marin Alilovi\u0107, koji je izabran na sjednici Turisti\u010dkog vije\u0107a odr\u017eanoj 4. o\u017eujka 2026. godine. Na javni natje\u010daj, raspisan 10. velja\u010de, pristigla je jedna prijava, a nakon provedenog intervjua Alilovi\u0107 je ocijenjen kao najbolji kandidat. Rije\u010d je o imenovanju koje dolazi uo\u010di turisti\u010dke sezone, a od novog direktora o\u010dekuje se daljnje unaprje\u0111enje turisti\u010dke ponude i promocije Opuzena. Ujedno je objavljeno i radno vrijeme ureda, koje \u0107e do daljnjega biti od ponedjeljka do petka od 7 do 15 sati, dok ured vikendom ne\u0107e raditi. Rad sa strankama organiziran je [&hellip;]","og_url":"https:\/\/klikploce.com.hr\/opuzen\/marin-alilovic-novi-je-direktor-turisticke-zajednice-grada-opuzena\/","og_site_name":"Klik Opuzen","article_publisher":"https:\/\/www.facebook.com\/klik.ploce","article_published_time":"2026-04-15T11:17:03+00:00","article_modified_time":"2026-04-15T11:18:59+00:00","og_image":[{"width":2048,"height":1566,"url":"https:\/\/klikploce.com.hr\/opuzen\/wp-content\/uploads\/2026\/04\/FB_IMG_1776251438042.jpg","type":"image\/jpeg"}],"author":"Klik Opuzen","twitter_card":"summary_large_image","twitter_misc":{"Napisao\/la":"Klik Opuzen","Procijenjeno vrijeme \u010ditanja":"2 minute"},"schema":{"@context":"https:\/\/schema.org","@graph":[{"@type":"Article","@id":"https:\/\/klikploce.com.hr\/opuzen\/marin-alilovic-novi-je-direktor-turisticke-zajednice-grada-opuzena\/#article","isPartOf":{"@id":"https:\/\/klikploce.com.hr\/opuzen\/marin-alilovic-novi-je-direktor-turisticke-zajednice-grada-opuzena\/"},"author":{"name":"Klik Opuzen","@id":"https:\/\/klikploce.com.hr\/opuzen\/#\/schema\/person\/b85ea61b159cb5355f1c77fda4341407"},"headline":"Marin Alilovi\u0107 novi je direktor Turisti\u010dke zajednice Grada Opuzena","datePublished":"2026-04-15T11:17:03+00:00","dateModified":"2026-04-15T11:18:59+00:00","mainEntityOfPage":{"@id":"https:\/\/klikploce.com.hr\/opuzen\/marin-alilovic-novi-je-direktor-turisticke-zajednice-grada-opuzena\/"},"wordCount":187,"commentCount":0,"publisher":{"@id":"https:\/\/klikploce.com.hr\/opuzen\/#organization"},"image":{"@id":"https:\/\/klikploce.com.hr\/opuzen\/marin-alilovic-novi-je-direktor-turisticke-zajednice-grada-opuzena\/#primaryimage"},"thumbnailUrl":"https:\/\/klikploce.com.hr\/opuzen\/wp-content\/uploads\/2026\/04\/FB_IMG_1776251438042.jpg","keywords":["marin alilovi\u0107","turisti\u010dka zajednica"],"articleSection":["Izdvojeno","Opuzen","Politika i gospodarstvo"],"inLanguage":"hr","potentialAction":[{"@type":"CommentAction","name":"Comment","target":["https:\/\/klikploce.com.hr\/opuzen\/marin-alilovic-novi-je-direktor-turisticke-zajednice-grada-opuzena\/#respond"]}]},{"@type":"WebPage","@id":"https:\/\/klikploce.com.hr\/opuzen\/marin-alilovic-novi-je-direktor-turisticke-zajednice-grada-opuzena\/","url":"https:\/\/klikploce.com.hr\/opuzen\/marin-alilovic-novi-je-direktor-turisticke-zajednice-grada-opuzena\/","name":"Marin Alilovi\u0107 novi je direktor Turisti\u010dke zajednice Grada Opuzena - Klik Opuzen","isPartOf":{"@id":"https:\/\/klikploce.com.hr\/opuzen\/#website"},"primaryImageOfPage":{"@id":"https:\/\/klikploce.com.hr\/opuzen\/marin-alilovic-novi-je-direktor-turisticke-zajednice-grada-opuzena\/#primaryimage"},"image":{"@id":"https:\/\/klikploce.com.hr\/opuzen\/marin-alilovic-novi-je-direktor-turisticke-zajednice-grada-opuzena\/#primaryimage"},"thumbnailUrl":"https:\/\/klikploce.com.hr\/opuzen\/wp-content\/uploads\/2026\/04\/FB_IMG_1776251438042.jpg","datePublished":"2026-04-15T11:17:03+00:00","dateModified":"2026-04-15T11:18:59+00:00","breadcrumb":{"@id":"https:\/\/klikploce.com.hr\/opuzen\/marin-alilovic-novi-je-direktor-turisticke-zajednice-grada-opuzena\/#breadcrumb"},"inLanguage":"hr","potentialAction":[{"@type":"ReadAction","target":["https:\/\/klikploce.com.hr\/opuzen\/marin-alilovic-novi-je-direktor-turisticke-zajednice-grada-opuzena\/"]}]},{"@type":"ImageObject","inLanguage":"hr","@id":"https:\/\/klikploce.com.hr\/opuzen\/marin-alilovic-novi-je-direktor-turisticke-zajednice-grada-opuzena\/#primaryimage","url":"https:\/\/klikploce.com.hr\/opuzen\/wp-content\/uploads\/2026\/04\/FB_IMG_1776251438042.jpg","contentUrl":"https:\/\/klikploce.com.hr\/opuzen\/wp-content\/uploads\/2026\/04\/FB_IMG_1776251438042.jpg","width":2048,"height":1566},{"@type":"BreadcrumbList","@id":"https:\/\/klikploce.com.hr\/opuzen\/marin-alilovic-novi-je-direktor-turisticke-zajednice-grada-opuzena\/#breadcrumb","itemListElement":[{"@type":"ListItem","position":1,"name":"Po\u010detna stranica","item":"https:\/\/klikploce.com.hr\/opuzen\/"},{"@type":"ListItem","position":2,"name":"Marin Alilovi\u0107 novi je direktor Turisti\u010dke zajednice Grada Opuzena"}]},{"@type":"WebSite","@id":"https:\/\/klikploce.com.hr\/opuzen\/#website","url":"https:\/\/klikploce.com.hr\/opuzen\/","name":"Klik Opuzen","description":"","publisher":{"@id":"https:\/\/klikploce.com.hr\/opuzen\/#organization"},"potentialAction":[{"@type":"SearchAction","target":{"@type":"EntryPoint","urlTemplate":"https:\/\/klikploce.com.hr\/opuzen\/?s={search_term_string}"},"query-input":{"@type":"PropertyValueSpecification","valueRequired":true,"valueName":"search_term_string"}}],"inLanguage":"hr"},{"@type":"Organization","@id":"https:\/\/klikploce.com.hr\/opuzen\/#organization","name":"Klik Opuzen","url":"https:\/\/klikploce.com.hr\/opuzen\/","logo":{"@type":"ImageObject","inLanguage":"hr","@id":"https:\/\/klikploce.com.hr\/opuzen\/#\/schema\/logo\/image\/","url":"https:\/\/klikploce.com.hr\/opuzen\/wp-content\/uploads\/2025\/09\/KLIK-Opuzen.png","contentUrl":"https:\/\/klikploce.com.hr\/opuzen\/wp-content\/uploads\/2025\/09\/KLIK-Opuzen.png","width":849,"height":222,"caption":"Klik Opuzen"},"image":{"@id":"https:\/\/klikploce.com.hr\/opuzen\/#\/schema\/logo\/image\/"},"sameAs":["https:\/\/www.facebook.com\/klik.ploce"]},{"@type":"Person","@id":"https:\/\/klikploce.com.hr\/opuzen\/#\/schema\/person\/b85ea61b159cb5355f1c77fda4341407","name":"Klik Opuzen","image":{"@type":"ImageObject","inLanguage":"hr","@id":"https:\/\/klikploce.com.hr\/opuzen\/#\/schema\/person\/image\/","url":"https:\/\/secure.gravatar.com\/avatar\/8da98b2203f72dd20af5e6c35a035011808c19454706473a25dd256759a6f3e7?s=96&d=mm&r=g","contentUrl":"https:\/\/secure.gravatar.com\/avatar\/8da98b2203f72dd20af5e6c35a035011808c19454706473a25dd256759a6f3e7?s=96&d=mm&r=g","caption":"Klik Opuzen"},"url":"https:\/\/klikploce.com.hr\/opuzen\/author\/opuzen\/"}]}},"_links":{"self":[{"href":"https:\/\/klikploce.com.hr\/opuzen\/wp-json\/wp\/v2\/posts\/3482","targetHints":{"allow":["GET"]}}],"collection":[{"href":"https:\/\/klikploce.com.hr\/opuzen\/wp-json\/wp\/v2\/posts"}],"about":[{"href":"https:\/\/klikploce.com.hr\/opuzen\/wp-json\/wp\/v2\/types\/post"}],"author":[{"embeddable":true,"href":"https:\/\/klikploce.com.hr\/opuzen\/wp-json\/wp\/v2\/users\/2"}],"replies":[{"embeddable":true,"href":"https:\/\/klikploce.com.hr\/opuzen\/wp-json\/wp\/v2\/comments?post=3482"}],"version-history":[{"count":2,"href":"https:\/\/klikploce.com.hr\/opuzen\/wp-json\/wp\/v2\/posts\/3482\/revisions"}],"predecessor-version":[{"id":3485,"href":"https:\/\/klikploce.com.hr\/opuzen\/wp-json\/wp\/v2\/posts\/3482\/revisions\/3485"}],"wp:featuredmedia":[{"embeddable":true,"href":"https:\/\/klikploce.com.hr\/opuzen\/wp-json\/wp\/v2\/media\/3483"}],"wp:attachment":[{"href":"https:\/\/klikploce.com.hr\/opuzen\/wp-json\/wp\/v2\/media?parent=3482"}],"wp:term":[{"taxonomy":"category","embeddable":true,"href":"https:\/\/klikploce.com.hr\/opuzen\/wp-json\/wp\/v2\/categories?post=3482"},{"taxonomy":"post_tag","embeddable":true,"href":"https:\/\/klikploce.com.hr\/opuzen\/wp-json\/wp\/v2\/tags?post=3482"}],"curies":[{"name":"wp","href":"https:\/\/api.w.org\/{rel}","templated":true}]}}