{"id":3468,"date":"2026-04-12T20:28:33","date_gmt":"2026-04-12T18:28:33","guid":{"rendered":"https:\/\/klikploce.com.hr\/opuzen\/?p=3468"},"modified":"2026-04-13T07:18:50","modified_gmt":"2026-04-13T05:18:50","slug":"opuzenska-veza-na-pariskom-maratonu-antonio-blazanovic-istrcao-utrku-zivota-medu-60-tisuca-trkaca","status":"publish","type":"post","link":"https:\/\/klikploce.com.hr\/opuzen\/opuzenska-veza-na-pariskom-maratonu-antonio-blazanovic-istrcao-utrku-zivota-medu-60-tisuca-trkaca\/","title":{"rendered":"Prijavio se kao Opuzenac i istr\u010dao Pari\u0161ki maraton me\u0111u 60 tisu\u0107a trka\u010da"},"content":{"rendered":"<p><span style=\"font-size: 1.1429rem;\">Maraton je otvoren utrkom 15 sporta\u0161a u invalidskim kolicima koji su prvi krenuli na stazu dugu ne\u0161to vi\u0161e od 42 kilometra. Pet minuta kasnije startali su elitni trka\u010di, a potom i ostali sudionici iz cijelog svijeta.<\/span><\/p>\n<p>Ovogodi\u0161nje izdanje utrke odr\u017eava se bez kori\u0161tenja plastike. Organizatori su ukinuli plasti\u010dne boce, pa su svi sudionici pozvani koristiti vlastite vi\u0161ekratne boce za vodu, \u010dime se dodatno nagla\u0161ava ekolo\u0161ka dimenzija doga\u0111aja.<\/p>\n<p>Me\u0111u tisu\u0107ama trka\u010da bio je i Antonio Bla\u017eanovi\u0107, koji \u017eivi u Stuttgartu, dok njegova obitelj posljednjih pet godina ima ku\u0107u u Opuzenu. Antonio je uspje\u0161no istr\u010dao maraton s vremenom od 4 sata i 28 minuta.<\/p>\n<p>U konkurenciji od \u010dak 60 tisu\u0107a sudionika iz cijelog svijeta, i ovaj nastup predstavlja vrijedan osobni sportski uspjeh, ali i zanimljivu poveznicu s neretvanskim krajem.<\/p>\n<p style=\"text-align: center;\"><img loading=\"lazy\" decoding=\"async\" class=\"aligncenter size-full wp-image-3469\" src=\"https:\/\/klikploce.com.hr\/opuzen\/wp-content\/uploads\/2026\/04\/Facebook_creation_328758568.jpg\" alt=\"\" width=\"1536\" height=\"2048\" \/><\/p>\n<p style=\"text-align: center;\"><img loading=\"lazy\" decoding=\"async\" class=\"aligncenter size-full wp-image-3470\" src=\"https:\/\/klikploce.com.hr\/opuzen\/wp-content\/uploads\/2026\/04\/Facebook_creation_337742347.jpg\" alt=\"\" width=\"1512\" height=\"2016\" \/><\/p>\n","protected":false},"excerpt":{"rendered":"<p>Maraton je otvoren utrkom 15 sporta\u0161a u invalidskim kolicima koji su prvi krenuli na stazu dugu ne\u0161to vi\u0161e od 42 kilometra. Pet minuta kasnije startali su elitni trka\u010di, a potom i ostali sudionici iz cijelog svijeta. Ovogodi\u0161nje izdanje utrke odr\u017eava se bez kori\u0161tenja plastike. Organizatori su ukinuli plasti\u010dne boce, pa su svi sudionici pozvani koristiti vlastite vi\u0161ekratne boce za vodu, \u010dime se dodatno nagla\u0161ava ekolo\u0161ka dimenzija doga\u0111aja. Me\u0111u tisu\u0107ama trka\u010da bio je i Antonio Bla\u017eanovi\u0107, koji \u017eivi u Stuttgartu, dok njegova obitelj posljednjih pet godina ima ku\u0107u u Opuzenu. Antonio je uspje\u0161no istr\u010dao maraton s vremenom od 4 sata i [&hellip;]<\/p>\n","protected":false},"author":2,"featured_media":3474,"comment_status":"open","ping_status":"open","sticky":false,"template":"","format":"standard","meta":{"footnotes":""},"categories":[147,143,157],"tags":[294,292,293],"class_list":["post-3468","post","type-post","status-publish","format-standard","has-post-thumbnail","hentry","category-izdvojeno","category-opuzen","category-sport","tag-antonio-blazanovic","tag-maraton","tag-pariz"],"yoast_head":"<!-- This site is optimized with the Yoast SEO plugin v26.3 - https:\/\/yoast.com\/wordpress\/plugins\/seo\/ -->\n<title>Prijavio se kao Opuzenac i istr\u010dao Pari\u0161ki maraton me\u0111u 60 tisu\u0107a trka\u010da - Klik Opuzen<\/title>\n<meta name=\"robots\" content=\"index, follow, max-snippet:-1, max-image-preview:large, max-video-preview:-1\" \/>\n<link rel=\"canonical\" href=\"https:\/\/klikploce.com.hr\/opuzen\/opuzenska-veza-na-pariskom-maratonu-antonio-blazanovic-istrcao-utrku-zivota-medu-60-tisuca-trkaca\/\" \/>\n<meta property=\"og:locale\" content=\"hr_HR\" \/>\n<meta property=\"og:type\" content=\"article\" \/>\n<meta property=\"og:title\" content=\"Prijavio se kao Opuzenac i istr\u010dao Pari\u0161ki maraton me\u0111u 60 tisu\u0107a trka\u010da - Klik Opuzen\" \/>\n<meta property=\"og:description\" content=\"Maraton je otvoren utrkom 15 sporta\u0161a u invalidskim kolicima koji su prvi krenuli na stazu dugu ne\u0161to vi\u0161e od 42 kilometra. Pet minuta kasnije startali su elitni trka\u010di, a potom i ostali sudionici iz cijelog svijeta. Ovogodi\u0161nje izdanje utrke odr\u017eava se bez kori\u0161tenja plastike. Organizatori su ukinuli plasti\u010dne boce, pa su svi sudionici pozvani koristiti vlastite vi\u0161ekratne boce za vodu, \u010dime se dodatno nagla\u0161ava ekolo\u0161ka dimenzija doga\u0111aja. Me\u0111u tisu\u0107ama trka\u010da bio je i Antonio Bla\u017eanovi\u0107, koji \u017eivi u Stuttgartu, dok njegova obitelj posljednjih pet godina ima ku\u0107u u Opuzenu. Antonio je uspje\u0161no istr\u010dao maraton s vremenom od 4 sata i [&hellip;]\" \/>\n<meta property=\"og:url\" content=\"https:\/\/klikploce.com.hr\/opuzen\/opuzenska-veza-na-pariskom-maratonu-antonio-blazanovic-istrcao-utrku-zivota-medu-60-tisuca-trkaca\/\" \/>\n<meta property=\"og:site_name\" content=\"Klik Opuzen\" \/>\n<meta property=\"article:publisher\" content=\"https:\/\/www.facebook.com\/klik.ploce\" \/>\n<meta property=\"article:published_time\" content=\"2026-04-12T18:28:33+00:00\" \/>\n<meta property=\"article:modified_time\" content=\"2026-04-13T05:18:50+00:00\" \/>\n<meta property=\"og:image\" content=\"https:\/\/klikploce.com.hr\/opuzen\/wp-content\/uploads\/2026\/04\/GridArt_20260412_202732179-scaled.jpg\" \/>\n\t<meta property=\"og:image:width\" content=\"2560\" \/>\n\t<meta property=\"og:image:height\" content=\"2048\" \/>\n\t<meta property=\"og:image:type\" content=\"image\/jpeg\" \/>\n<meta name=\"author\" content=\"Klik Opuzen\" \/>\n<meta name=\"twitter:card\" content=\"summary_large_image\" \/>\n<meta name=\"twitter:label1\" content=\"Napisao\/la\" \/>\n\t<meta name=\"twitter:data1\" content=\"Klik Opuzen\" \/>\n\t<meta name=\"twitter:label2\" content=\"Procijenjeno vrijeme \u010ditanja\" \/>\n\t<meta name=\"twitter:data2\" content=\"2 minute\" \/>\n<script type=\"application\/ld+json\" class=\"yoast-schema-graph\">{\"@context\":\"https:\/\/schema.org\",\"@graph\":[{\"@type\":\"Article\",\"@id\":\"https:\/\/klikploce.com.hr\/opuzen\/opuzenska-veza-na-pariskom-maratonu-antonio-blazanovic-istrcao-utrku-zivota-medu-60-tisuca-trkaca\/#article\",\"isPartOf\":{\"@id\":\"https:\/\/klikploce.com.hr\/opuzen\/opuzenska-veza-na-pariskom-maratonu-antonio-blazanovic-istrcao-utrku-zivota-medu-60-tisuca-trkaca\/\"},\"author\":{\"name\":\"Klik Opuzen\",\"@id\":\"https:\/\/klikploce.com.hr\/opuzen\/#\/schema\/person\/b85ea61b159cb5355f1c77fda4341407\"},\"headline\":\"Prijavio se kao Opuzenac i istr\u010dao Pari\u0161ki maraton me\u0111u 60 tisu\u0107a trka\u010da\",\"datePublished\":\"2026-04-12T18:28:33+00:00\",\"dateModified\":\"2026-04-13T05:18:50+00:00\",\"mainEntityOfPage\":{\"@id\":\"https:\/\/klikploce.com.hr\/opuzen\/opuzenska-veza-na-pariskom-maratonu-antonio-blazanovic-istrcao-utrku-zivota-medu-60-tisuca-trkaca\/\"},\"wordCount\":158,\"commentCount\":0,\"publisher\":{\"@id\":\"https:\/\/klikploce.com.hr\/opuzen\/#organization\"},\"image\":{\"@id\":\"https:\/\/klikploce.com.hr\/opuzen\/opuzenska-veza-na-pariskom-maratonu-antonio-blazanovic-istrcao-utrku-zivota-medu-60-tisuca-trkaca\/#primaryimage\"},\"thumbnailUrl\":\"https:\/\/klikploce.com.hr\/opuzen\/wp-content\/uploads\/2026\/04\/GridArt_20260412_202732179-scaled.jpg\",\"keywords\":[\"antonio bla\u017eanovi\u0107\",\"maraton\",\"pariz\"],\"articleSection\":[\"Izdvojeno\",\"Opuzen\",\"Sport\"],\"inLanguage\":\"hr\",\"potentialAction\":[{\"@type\":\"CommentAction\",\"name\":\"Comment\",\"target\":[\"https:\/\/klikploce.com.hr\/opuzen\/opuzenska-veza-na-pariskom-maratonu-antonio-blazanovic-istrcao-utrku-zivota-medu-60-tisuca-trkaca\/#respond\"]}]},{\"@type\":\"WebPage\",\"@id\":\"https:\/\/klikploce.com.hr\/opuzen\/opuzenska-veza-na-pariskom-maratonu-antonio-blazanovic-istrcao-utrku-zivota-medu-60-tisuca-trkaca\/\",\"url\":\"https:\/\/klikploce.com.hr\/opuzen\/opuzenska-veza-na-pariskom-maratonu-antonio-blazanovic-istrcao-utrku-zivota-medu-60-tisuca-trkaca\/\",\"name\":\"Prijavio se kao Opuzenac i istr\u010dao Pari\u0161ki maraton me\u0111u 60 tisu\u0107a trka\u010da - Klik Opuzen\",\"isPartOf\":{\"@id\":\"https:\/\/klikploce.com.hr\/opuzen\/#website\"},\"primaryImageOfPage\":{\"@id\":\"https:\/\/klikploce.com.hr\/opuzen\/opuzenska-veza-na-pariskom-maratonu-antonio-blazanovic-istrcao-utrku-zivota-medu-60-tisuca-trkaca\/#primaryimage\"},\"image\":{\"@id\":\"https:\/\/klikploce.com.hr\/opuzen\/opuzenska-veza-na-pariskom-maratonu-antonio-blazanovic-istrcao-utrku-zivota-medu-60-tisuca-trkaca\/#primaryimage\"},\"thumbnailUrl\":\"https:\/\/klikploce.com.hr\/opuzen\/wp-content\/uploads\/2026\/04\/GridArt_20260412_202732179-scaled.jpg\",\"datePublished\":\"2026-04-12T18:28:33+00:00\",\"dateModified\":\"2026-04-13T05:18:50+00:00\",\"breadcrumb\":{\"@id\":\"https:\/\/klikploce.com.hr\/opuzen\/opuzenska-veza-na-pariskom-maratonu-antonio-blazanovic-istrcao-utrku-zivota-medu-60-tisuca-trkaca\/#breadcrumb\"},\"inLanguage\":\"hr\",\"potentialAction\":[{\"@type\":\"ReadAction\",\"target\":[\"https:\/\/klikploce.com.hr\/opuzen\/opuzenska-veza-na-pariskom-maratonu-antonio-blazanovic-istrcao-utrku-zivota-medu-60-tisuca-trkaca\/\"]}]},{\"@type\":\"ImageObject\",\"inLanguage\":\"hr\",\"@id\":\"https:\/\/klikploce.com.hr\/opuzen\/opuzenska-veza-na-pariskom-maratonu-antonio-blazanovic-istrcao-utrku-zivota-medu-60-tisuca-trkaca\/#primaryimage\",\"url\":\"https:\/\/klikploce.com.hr\/opuzen\/wp-content\/uploads\/2026\/04\/GridArt_20260412_202732179-scaled.jpg\",\"contentUrl\":\"https:\/\/klikploce.com.hr\/opuzen\/wp-content\/uploads\/2026\/04\/GridArt_20260412_202732179-scaled.jpg\",\"width\":2560,\"height\":2048},{\"@type\":\"BreadcrumbList\",\"@id\":\"https:\/\/klikploce.com.hr\/opuzen\/opuzenska-veza-na-pariskom-maratonu-antonio-blazanovic-istrcao-utrku-zivota-medu-60-tisuca-trkaca\/#breadcrumb\",\"itemListElement\":[{\"@type\":\"ListItem\",\"position\":1,\"name\":\"Po\u010detna stranica\",\"item\":\"https:\/\/klikploce.com.hr\/opuzen\/\"},{\"@type\":\"ListItem\",\"position\":2,\"name\":\"Prijavio se kao Opuzenac i istr\u010dao Pari\u0161ki maraton me\u0111u 60 tisu\u0107a trka\u010da\"}]},{\"@type\":\"WebSite\",\"@id\":\"https:\/\/klikploce.com.hr\/opuzen\/#website\",\"url\":\"https:\/\/klikploce.com.hr\/opuzen\/\",\"name\":\"Klik Opuzen\",\"description\":\"\",\"publisher\":{\"@id\":\"https:\/\/klikploce.com.hr\/opuzen\/#organization\"},\"potentialAction\":[{\"@type\":\"SearchAction\",\"target\":{\"@type\":\"EntryPoint\",\"urlTemplate\":\"https:\/\/klikploce.com.hr\/opuzen\/?s={search_term_string}\"},\"query-input\":{\"@type\":\"PropertyValueSpecification\",\"valueRequired\":true,\"valueName\":\"search_term_string\"}}],\"inLanguage\":\"hr\"},{\"@type\":\"Organization\",\"@id\":\"https:\/\/klikploce.com.hr\/opuzen\/#organization\",\"name\":\"Klik Opuzen\",\"url\":\"https:\/\/klikploce.com.hr\/opuzen\/\",\"logo\":{\"@type\":\"ImageObject\",\"inLanguage\":\"hr\",\"@id\":\"https:\/\/klikploce.com.hr\/opuzen\/#\/schema\/logo\/image\/\",\"url\":\"https:\/\/klikploce.com.hr\/opuzen\/wp-content\/uploads\/2025\/09\/KLIK-Opuzen.png\",\"contentUrl\":\"https:\/\/klikploce.com.hr\/opuzen\/wp-content\/uploads\/2025\/09\/KLIK-Opuzen.png\",\"width\":849,\"height\":222,\"caption\":\"Klik Opuzen\"},\"image\":{\"@id\":\"https:\/\/klikploce.com.hr\/opuzen\/#\/schema\/logo\/image\/\"},\"sameAs\":[\"https:\/\/www.facebook.com\/klik.ploce\"]},{\"@type\":\"Person\",\"@id\":\"https:\/\/klikploce.com.hr\/opuzen\/#\/schema\/person\/b85ea61b159cb5355f1c77fda4341407\",\"name\":\"Klik Opuzen\",\"image\":{\"@type\":\"ImageObject\",\"inLanguage\":\"hr\",\"@id\":\"https:\/\/klikploce.com.hr\/opuzen\/#\/schema\/person\/image\/\",\"url\":\"https:\/\/secure.gravatar.com\/avatar\/8da98b2203f72dd20af5e6c35a035011808c19454706473a25dd256759a6f3e7?s=96&d=mm&r=g\",\"contentUrl\":\"https:\/\/secure.gravatar.com\/avatar\/8da98b2203f72dd20af5e6c35a035011808c19454706473a25dd256759a6f3e7?s=96&d=mm&r=g\",\"caption\":\"Klik Opuzen\"},\"url\":\"https:\/\/klikploce.com.hr\/opuzen\/author\/opuzen\/\"}]}<\/script>\n<!-- \/ Yoast SEO plugin. -->","yoast_head_json":{"title":"Prijavio se kao Opuzenac i istr\u010dao Pari\u0161ki maraton me\u0111u 60 tisu\u0107a trka\u010da - Klik Opuzen","robots":{"index":"index","follow":"follow","max-snippet":"max-snippet:-1","max-image-preview":"max-image-preview:large","max-video-preview":"max-video-preview:-1"},"canonical":"https:\/\/klikploce.com.hr\/opuzen\/opuzenska-veza-na-pariskom-maratonu-antonio-blazanovic-istrcao-utrku-zivota-medu-60-tisuca-trkaca\/","og_locale":"hr_HR","og_type":"article","og_title":"Prijavio se kao Opuzenac i istr\u010dao Pari\u0161ki maraton me\u0111u 60 tisu\u0107a trka\u010da - Klik Opuzen","og_description":"Maraton je otvoren utrkom 15 sporta\u0161a u invalidskim kolicima koji su prvi krenuli na stazu dugu ne\u0161to vi\u0161e od 42 kilometra. Pet minuta kasnije startali su elitni trka\u010di, a potom i ostali sudionici iz cijelog svijeta. Ovogodi\u0161nje izdanje utrke odr\u017eava se bez kori\u0161tenja plastike. Organizatori su ukinuli plasti\u010dne boce, pa su svi sudionici pozvani koristiti vlastite vi\u0161ekratne boce za vodu, \u010dime se dodatno nagla\u0161ava ekolo\u0161ka dimenzija doga\u0111aja. Me\u0111u tisu\u0107ama trka\u010da bio je i Antonio Bla\u017eanovi\u0107, koji \u017eivi u Stuttgartu, dok njegova obitelj posljednjih pet godina ima ku\u0107u u Opuzenu. Antonio je uspje\u0161no istr\u010dao maraton s vremenom od 4 sata i [&hellip;]","og_url":"https:\/\/klikploce.com.hr\/opuzen\/opuzenska-veza-na-pariskom-maratonu-antonio-blazanovic-istrcao-utrku-zivota-medu-60-tisuca-trkaca\/","og_site_name":"Klik Opuzen","article_publisher":"https:\/\/www.facebook.com\/klik.ploce","article_published_time":"2026-04-12T18:28:33+00:00","article_modified_time":"2026-04-13T05:18:50+00:00","og_image":[{"width":2560,"height":2048,"url":"https:\/\/klikploce.com.hr\/opuzen\/wp-content\/uploads\/2026\/04\/GridArt_20260412_202732179-scaled.jpg","type":"image\/jpeg"}],"author":"Klik Opuzen","twitter_card":"summary_large_image","twitter_misc":{"Napisao\/la":"Klik Opuzen","Procijenjeno vrijeme \u010ditanja":"2 minute"},"schema":{"@context":"https:\/\/schema.org","@graph":[{"@type":"Article","@id":"https:\/\/klikploce.com.hr\/opuzen\/opuzenska-veza-na-pariskom-maratonu-antonio-blazanovic-istrcao-utrku-zivota-medu-60-tisuca-trkaca\/#article","isPartOf":{"@id":"https:\/\/klikploce.com.hr\/opuzen\/opuzenska-veza-na-pariskom-maratonu-antonio-blazanovic-istrcao-utrku-zivota-medu-60-tisuca-trkaca\/"},"author":{"name":"Klik Opuzen","@id":"https:\/\/klikploce.com.hr\/opuzen\/#\/schema\/person\/b85ea61b159cb5355f1c77fda4341407"},"headline":"Prijavio se kao Opuzenac i istr\u010dao Pari\u0161ki maraton me\u0111u 60 tisu\u0107a trka\u010da","datePublished":"2026-04-12T18:28:33+00:00","dateModified":"2026-04-13T05:18:50+00:00","mainEntityOfPage":{"@id":"https:\/\/klikploce.com.hr\/opuzen\/opuzenska-veza-na-pariskom-maratonu-antonio-blazanovic-istrcao-utrku-zivota-medu-60-tisuca-trkaca\/"},"wordCount":158,"commentCount":0,"publisher":{"@id":"https:\/\/klikploce.com.hr\/opuzen\/#organization"},"image":{"@id":"https:\/\/klikploce.com.hr\/opuzen\/opuzenska-veza-na-pariskom-maratonu-antonio-blazanovic-istrcao-utrku-zivota-medu-60-tisuca-trkaca\/#primaryimage"},"thumbnailUrl":"https:\/\/klikploce.com.hr\/opuzen\/wp-content\/uploads\/2026\/04\/GridArt_20260412_202732179-scaled.jpg","keywords":["antonio bla\u017eanovi\u0107","maraton","pariz"],"articleSection":["Izdvojeno","Opuzen","Sport"],"inLanguage":"hr","potentialAction":[{"@type":"CommentAction","name":"Comment","target":["https:\/\/klikploce.com.hr\/opuzen\/opuzenska-veza-na-pariskom-maratonu-antonio-blazanovic-istrcao-utrku-zivota-medu-60-tisuca-trkaca\/#respond"]}]},{"@type":"WebPage","@id":"https:\/\/klikploce.com.hr\/opuzen\/opuzenska-veza-na-pariskom-maratonu-antonio-blazanovic-istrcao-utrku-zivota-medu-60-tisuca-trkaca\/","url":"https:\/\/klikploce.com.hr\/opuzen\/opuzenska-veza-na-pariskom-maratonu-antonio-blazanovic-istrcao-utrku-zivota-medu-60-tisuca-trkaca\/","name":"Prijavio se kao Opuzenac i istr\u010dao Pari\u0161ki maraton me\u0111u 60 tisu\u0107a trka\u010da - Klik Opuzen","isPartOf":{"@id":"https:\/\/klikploce.com.hr\/opuzen\/#website"},"primaryImageOfPage":{"@id":"https:\/\/klikploce.com.hr\/opuzen\/opuzenska-veza-na-pariskom-maratonu-antonio-blazanovic-istrcao-utrku-zivota-medu-60-tisuca-trkaca\/#primaryimage"},"image":{"@id":"https:\/\/klikploce.com.hr\/opuzen\/opuzenska-veza-na-pariskom-maratonu-antonio-blazanovic-istrcao-utrku-zivota-medu-60-tisuca-trkaca\/#primaryimage"},"thumbnailUrl":"https:\/\/klikploce.com.hr\/opuzen\/wp-content\/uploads\/2026\/04\/GridArt_20260412_202732179-scaled.jpg","datePublished":"2026-04-12T18:28:33+00:00","dateModified":"2026-04-13T05:18:50+00:00","breadcrumb":{"@id":"https:\/\/klikploce.com.hr\/opuzen\/opuzenska-veza-na-pariskom-maratonu-antonio-blazanovic-istrcao-utrku-zivota-medu-60-tisuca-trkaca\/#breadcrumb"},"inLanguage":"hr","potentialAction":[{"@type":"ReadAction","target":["https:\/\/klikploce.com.hr\/opuzen\/opuzenska-veza-na-pariskom-maratonu-antonio-blazanovic-istrcao-utrku-zivota-medu-60-tisuca-trkaca\/"]}]},{"@type":"ImageObject","inLanguage":"hr","@id":"https:\/\/klikploce.com.hr\/opuzen\/opuzenska-veza-na-pariskom-maratonu-antonio-blazanovic-istrcao-utrku-zivota-medu-60-tisuca-trkaca\/#primaryimage","url":"https:\/\/klikploce.com.hr\/opuzen\/wp-content\/uploads\/2026\/04\/GridArt_20260412_202732179-scaled.jpg","contentUrl":"https:\/\/klikploce.com.hr\/opuzen\/wp-content\/uploads\/2026\/04\/GridArt_20260412_202732179-scaled.jpg","width":2560,"height":2048},{"@type":"BreadcrumbList","@id":"https:\/\/klikploce.com.hr\/opuzen\/opuzenska-veza-na-pariskom-maratonu-antonio-blazanovic-istrcao-utrku-zivota-medu-60-tisuca-trkaca\/#breadcrumb","itemListElement":[{"@type":"ListItem","position":1,"name":"Po\u010detna stranica","item":"https:\/\/klikploce.com.hr\/opuzen\/"},{"@type":"ListItem","position":2,"name":"Prijavio se kao Opuzenac i istr\u010dao Pari\u0161ki maraton me\u0111u 60 tisu\u0107a trka\u010da"}]},{"@type":"WebSite","@id":"https:\/\/klikploce.com.hr\/opuzen\/#website","url":"https:\/\/klikploce.com.hr\/opuzen\/","name":"Klik Opuzen","description":"","publisher":{"@id":"https:\/\/klikploce.com.hr\/opuzen\/#organization"},"potentialAction":[{"@type":"SearchAction","target":{"@type":"EntryPoint","urlTemplate":"https:\/\/klikploce.com.hr\/opuzen\/?s={search_term_string}"},"query-input":{"@type":"PropertyValueSpecification","valueRequired":true,"valueName":"search_term_string"}}],"inLanguage":"hr"},{"@type":"Organization","@id":"https:\/\/klikploce.com.hr\/opuzen\/#organization","name":"Klik Opuzen","url":"https:\/\/klikploce.com.hr\/opuzen\/","logo":{"@type":"ImageObject","inLanguage":"hr","@id":"https:\/\/klikploce.com.hr\/opuzen\/#\/schema\/logo\/image\/","url":"https:\/\/klikploce.com.hr\/opuzen\/wp-content\/uploads\/2025\/09\/KLIK-Opuzen.png","contentUrl":"https:\/\/klikploce.com.hr\/opuzen\/wp-content\/uploads\/2025\/09\/KLIK-Opuzen.png","width":849,"height":222,"caption":"Klik Opuzen"},"image":{"@id":"https:\/\/klikploce.com.hr\/opuzen\/#\/schema\/logo\/image\/"},"sameAs":["https:\/\/www.facebook.com\/klik.ploce"]},{"@type":"Person","@id":"https:\/\/klikploce.com.hr\/opuzen\/#\/schema\/person\/b85ea61b159cb5355f1c77fda4341407","name":"Klik Opuzen","image":{"@type":"ImageObject","inLanguage":"hr","@id":"https:\/\/klikploce.com.hr\/opuzen\/#\/schema\/person\/image\/","url":"https:\/\/secure.gravatar.com\/avatar\/8da98b2203f72dd20af5e6c35a035011808c19454706473a25dd256759a6f3e7?s=96&d=mm&r=g","contentUrl":"https:\/\/secure.gravatar.com\/avatar\/8da98b2203f72dd20af5e6c35a035011808c19454706473a25dd256759a6f3e7?s=96&d=mm&r=g","caption":"Klik Opuzen"},"url":"https:\/\/klikploce.com.hr\/opuzen\/author\/opuzen\/"}]}},"_links":{"self":[{"href":"https:\/\/klikploce.com.hr\/opuzen\/wp-json\/wp\/v2\/posts\/3468","targetHints":{"allow":["GET"]}}],"collection":[{"href":"https:\/\/klikploce.com.hr\/opuzen\/wp-json\/wp\/v2\/posts"}],"about":[{"href":"https:\/\/klikploce.com.hr\/opuzen\/wp-json\/wp\/v2\/types\/post"}],"author":[{"embeddable":true,"href":"https:\/\/klikploce.com.hr\/opuzen\/wp-json\/wp\/v2\/users\/2"}],"replies":[{"embeddable":true,"href":"https:\/\/klikploce.com.hr\/opuzen\/wp-json\/wp\/v2\/comments?post=3468"}],"version-history":[{"count":5,"href":"https:\/\/klikploce.com.hr\/opuzen\/wp-json\/wp\/v2\/posts\/3468\/revisions"}],"predecessor-version":[{"id":3477,"href":"https:\/\/klikploce.com.hr\/opuzen\/wp-json\/wp\/v2\/posts\/3468\/revisions\/3477"}],"wp:featuredmedia":[{"embeddable":true,"href":"https:\/\/klikploce.com.hr\/opuzen\/wp-json\/wp\/v2\/media\/3474"}],"wp:attachment":[{"href":"https:\/\/klikploce.com.hr\/opuzen\/wp-json\/wp\/v2\/media?parent=3468"}],"wp:term":[{"taxonomy":"category","embeddable":true,"href":"https:\/\/klikploce.com.hr\/opuzen\/wp-json\/wp\/v2\/categories?post=3468"},{"taxonomy":"post_tag","embeddable":true,"href":"https:\/\/klikploce.com.hr\/opuzen\/wp-json\/wp\/v2\/tags?post=3468"}],"curies":[{"name":"wp","href":"https:\/\/api.w.org\/{rel}","templated":true}]}}