{"id":3443,"date":"2026-04-10T14:40:41","date_gmt":"2026-04-10T12:40:41","guid":{"rendered":"https:\/\/klikploce.com.hr\/opuzen\/?p=3443"},"modified":"2026-04-10T14:40:41","modified_gmt":"2026-04-10T12:40:41","slug":"djecji-vrtic-opuzen-proslavio-30-godina-rada","status":"publish","type":"post","link":"https:\/\/klikploce.com.hr\/opuzen\/djecji-vrtic-opuzen-proslavio-30-godina-rada\/","title":{"rendered":"Dje\u010dji vrti\u0107 Opuzen proslavio 30 godina rada"},"content":{"rendered":"<p><span style=\"font-size: 1.1429rem;\">Dje\u010dji vrti\u0107 Opuzen 1. travnja proslavio je velikih 30 godina postojanja. Od 1996. godine djeluje kao samostalna odgojno-obrazovna ustanova, a kroz njegove prostorije pro\u0161le su brojne generacije djece koje su ostavile svoj trag i uspomene.<\/span><\/p>\n<p>Proslava ro\u0111endana protekla je u veselom ozra\u010dju. Djeca su u\u017eivala u slatki\u0161ima, puhala svje\u0107ice i svojim osmijesima uljep\u0161ala ovaj poseban dan. Uz mali\u0161ane i djelatnike vrti\u0107a, obilje\u017eavanju su se pridru\u017eili i vanjski suradnici te prijatelji ustanove.<\/p>\n<p>Tijekom tri desetlje\u0107a rada vrti\u0107 je, uz lijepe trenutke, prolazio i kroz razli\u010dite izazove. Unato\u010d tome, djelatnici su ostali predani svom pozivu, ula\u017eu\u0107i znanje, trud i ljubav u odgoj i obrazovanje djece.<\/p>\n<p>Upravo su dje\u010dji osmijesi, iskrenost i radost bili pokreta\u010dka snaga u svim godinama rada, podsje\u0107aju\u0107i na va\u017enost svakodnevnog truda i predanosti. Kroz rad s djecom u\u010dilo se strpljenje, nje\u017enost i va\u017enost svakog malog koraka u odrastanju.<\/p>\n<p>Obljetnica je bila prilika za zahvalnost za sve protekle godine, ali i poticaj za nastavak rada \u2013 korak po korak, uz isti cilj: stvaranje sigurnog i poticajnog okru\u017eenja za nove generacije.<\/p>\n<p>Dje\u010djem vrti\u0107u Opuzen upu\u0107ujemo iskrene \u010destitke Dje\u010djem vrti\u0107u Opuzen povodom 30 godina rada, uz \u017eelju da i dalje ostane mjesto ispunjeno dje\u010djim smijehom, igrom i bezbri\u017enim odrastanjem te da jo\u0161 dugo stvara lijepe uspomene novim generacijama.<\/p>\n<p>Foto: Dje\u010dji vrti\u0107 Opuzen<\/p>\n<p style=\"text-align: center;\"><img loading=\"lazy\" decoding=\"async\" class=\"aligncenter size-full wp-image-3445\" src=\"https:\/\/klikploce.com.hr\/opuzen\/wp-content\/uploads\/2026\/04\/7-1024x952-1.jpeg\" alt=\"\" width=\"1024\" height=\"952\" \/> <img loading=\"lazy\" decoding=\"async\" class=\"aligncenter size-full wp-image-3446\" src=\"https:\/\/klikploce.com.hr\/opuzen\/wp-content\/uploads\/2026\/04\/21-1024x768-1.jpeg\" alt=\"\" width=\"1024\" height=\"768\" \/> <img loading=\"lazy\" decoding=\"async\" class=\"aligncenter size-full wp-image-3447\" src=\"https:\/\/klikploce.com.hr\/opuzen\/wp-content\/uploads\/2026\/04\/20-1024x768-1.jpeg\" alt=\"\" width=\"1024\" height=\"768\" \/> <img loading=\"lazy\" decoding=\"async\" class=\"aligncenter size-full wp-image-3448\" src=\"https:\/\/klikploce.com.hr\/opuzen\/wp-content\/uploads\/2026\/04\/16-813x1024-1.jpeg\" alt=\"\" width=\"813\" height=\"1024\" \/> <img loading=\"lazy\" decoding=\"async\" class=\"aligncenter size-full wp-image-3449\" src=\"https:\/\/klikploce.com.hr\/opuzen\/wp-content\/uploads\/2026\/04\/10-959x1024-1.jpeg\" alt=\"\" width=\"959\" height=\"1024\" \/> <img loading=\"lazy\" decoding=\"async\" class=\"aligncenter size-full wp-image-3450\" src=\"https:\/\/klikploce.com.hr\/opuzen\/wp-content\/uploads\/2026\/04\/6-scaled-768x1024-1.jpg\" alt=\"\" width=\"768\" height=\"1024\" \/> <img loading=\"lazy\" decoding=\"async\" class=\"aligncenter size-full wp-image-3451\" src=\"https:\/\/klikploce.com.hr\/opuzen\/wp-content\/uploads\/2026\/04\/5-1024x459-1.jpeg\" alt=\"\" width=\"1024\" height=\"459\" \/> <img loading=\"lazy\" decoding=\"async\" class=\"aligncenter size-full wp-image-3452\" src=\"https:\/\/klikploce.com.hr\/opuzen\/wp-content\/uploads\/2026\/04\/4-1024x768-1.jpeg\" alt=\"\" width=\"1024\" height=\"768\" \/> <img loading=\"lazy\" decoding=\"async\" class=\"aligncenter size-full wp-image-3453\" src=\"https:\/\/klikploce.com.hr\/opuzen\/wp-content\/uploads\/2026\/04\/3-768x1024-1.jpeg\" alt=\"\" width=\"768\" height=\"1024\" \/><\/p>\n","protected":false},"excerpt":{"rendered":"<p>Dje\u010dji vrti\u0107 Opuzen 1. travnja proslavio je velikih 30 godina postojanja. Od 1996. godine djeluje kao samostalna odgojno-obrazovna ustanova, a kroz njegove prostorije pro\u0161le su brojne generacije djece koje su ostavile svoj trag i uspomene. Proslava ro\u0111endana protekla je u veselom ozra\u010dju. Djeca su u\u017eivala u slatki\u0161ima, puhala svje\u0107ice i svojim osmijesima uljep\u0161ala ovaj poseban dan. Uz mali\u0161ane i djelatnike vrti\u0107a, obilje\u017eavanju su se pridru\u017eili i vanjski suradnici te prijatelji ustanove. Tijekom tri desetlje\u0107a rada vrti\u0107 je, uz lijepe trenutke, prolazio i kroz razli\u010dite izazove. Unato\u010d tome, djelatnici su ostali predani svom pozivu, ula\u017eu\u0107i znanje, trud i ljubav u odgoj [&hellip;]<\/p>\n","protected":false},"author":2,"featured_media":3454,"comment_status":"open","ping_status":"open","sticky":false,"template":"","format":"standard","meta":{"footnotes":""},"categories":[147,143,144],"tags":[151],"class_list":["post-3443","post","type-post","status-publish","format-standard","has-post-thumbnail","hentry","category-izdvojeno","category-opuzen","category-zabava-i-kultura","tag-djecji-vrtic"],"yoast_head":"<!-- This site is optimized with the Yoast SEO plugin v26.3 - https:\/\/yoast.com\/wordpress\/plugins\/seo\/ -->\n<title>Dje\u010dji vrti\u0107 Opuzen proslavio 30 godina rada - Klik Opuzen<\/title>\n<meta name=\"robots\" content=\"index, follow, max-snippet:-1, max-image-preview:large, max-video-preview:-1\" \/>\n<link rel=\"canonical\" href=\"https:\/\/klikploce.com.hr\/opuzen\/djecji-vrtic-opuzen-proslavio-30-godina-rada\/\" \/>\n<meta property=\"og:locale\" content=\"hr_HR\" \/>\n<meta property=\"og:type\" content=\"article\" \/>\n<meta property=\"og:title\" content=\"Dje\u010dji vrti\u0107 Opuzen proslavio 30 godina rada - Klik Opuzen\" \/>\n<meta property=\"og:description\" content=\"Dje\u010dji vrti\u0107 Opuzen 1. travnja proslavio je velikih 30 godina postojanja. Od 1996. godine djeluje kao samostalna odgojno-obrazovna ustanova, a kroz njegove prostorije pro\u0161le su brojne generacije djece koje su ostavile svoj trag i uspomene. Proslava ro\u0111endana protekla je u veselom ozra\u010dju. Djeca su u\u017eivala u slatki\u0161ima, puhala svje\u0107ice i svojim osmijesima uljep\u0161ala ovaj poseban dan. Uz mali\u0161ane i djelatnike vrti\u0107a, obilje\u017eavanju su se pridru\u017eili i vanjski suradnici te prijatelji ustanove. Tijekom tri desetlje\u0107a rada vrti\u0107 je, uz lijepe trenutke, prolazio i kroz razli\u010dite izazove. Unato\u010d tome, djelatnici su ostali predani svom pozivu, ula\u017eu\u0107i znanje, trud i ljubav u odgoj [&hellip;]\" \/>\n<meta property=\"og:url\" content=\"https:\/\/klikploce.com.hr\/opuzen\/djecji-vrtic-opuzen-proslavio-30-godina-rada\/\" \/>\n<meta property=\"og:site_name\" content=\"Klik Opuzen\" \/>\n<meta property=\"article:publisher\" content=\"https:\/\/www.facebook.com\/klik.ploce\" \/>\n<meta property=\"article:published_time\" content=\"2026-04-10T12:40:41+00:00\" \/>\n<meta property=\"og:image\" content=\"https:\/\/klikploce.com.hr\/opuzen\/wp-content\/uploads\/2026\/04\/18-1024x768-1-scaled.jpeg\" \/>\n\t<meta property=\"og:image:width\" content=\"2560\" \/>\n\t<meta property=\"og:image:height\" content=\"1920\" \/>\n\t<meta property=\"og:image:type\" content=\"image\/jpeg\" \/>\n<meta name=\"author\" content=\"Klik Opuzen\" \/>\n<meta name=\"twitter:card\" content=\"summary_large_image\" \/>\n<meta name=\"twitter:label1\" content=\"Napisao\/la\" \/>\n\t<meta name=\"twitter:data1\" content=\"Klik Opuzen\" \/>\n\t<meta name=\"twitter:label2\" content=\"Procijenjeno vrijeme \u010ditanja\" \/>\n\t<meta name=\"twitter:data2\" content=\"4 minute\" \/>\n<script type=\"application\/ld+json\" class=\"yoast-schema-graph\">{\"@context\":\"https:\/\/schema.org\",\"@graph\":[{\"@type\":\"Article\",\"@id\":\"https:\/\/klikploce.com.hr\/opuzen\/djecji-vrtic-opuzen-proslavio-30-godina-rada\/#article\",\"isPartOf\":{\"@id\":\"https:\/\/klikploce.com.hr\/opuzen\/djecji-vrtic-opuzen-proslavio-30-godina-rada\/\"},\"author\":{\"name\":\"Klik Opuzen\",\"@id\":\"https:\/\/klikploce.com.hr\/opuzen\/#\/schema\/person\/b85ea61b159cb5355f1c77fda4341407\"},\"headline\":\"Dje\u010dji vrti\u0107 Opuzen proslavio 30 godina rada\",\"datePublished\":\"2026-04-10T12:40:41+00:00\",\"mainEntityOfPage\":{\"@id\":\"https:\/\/klikploce.com.hr\/opuzen\/djecji-vrtic-opuzen-proslavio-30-godina-rada\/\"},\"wordCount\":245,\"commentCount\":0,\"publisher\":{\"@id\":\"https:\/\/klikploce.com.hr\/opuzen\/#organization\"},\"image\":{\"@id\":\"https:\/\/klikploce.com.hr\/opuzen\/djecji-vrtic-opuzen-proslavio-30-godina-rada\/#primaryimage\"},\"thumbnailUrl\":\"https:\/\/klikploce.com.hr\/opuzen\/wp-content\/uploads\/2026\/04\/18-1024x768-1-scaled.jpeg\",\"keywords\":[\"dje\u010dji vrti\u0107\"],\"articleSection\":[\"Izdvojeno\",\"Opuzen\",\"Zabava i kultura\"],\"inLanguage\":\"hr\",\"potentialAction\":[{\"@type\":\"CommentAction\",\"name\":\"Comment\",\"target\":[\"https:\/\/klikploce.com.hr\/opuzen\/djecji-vrtic-opuzen-proslavio-30-godina-rada\/#respond\"]}]},{\"@type\":\"WebPage\",\"@id\":\"https:\/\/klikploce.com.hr\/opuzen\/djecji-vrtic-opuzen-proslavio-30-godina-rada\/\",\"url\":\"https:\/\/klikploce.com.hr\/opuzen\/djecji-vrtic-opuzen-proslavio-30-godina-rada\/\",\"name\":\"Dje\u010dji vrti\u0107 Opuzen proslavio 30 godina rada - Klik Opuzen\",\"isPartOf\":{\"@id\":\"https:\/\/klikploce.com.hr\/opuzen\/#website\"},\"primaryImageOfPage\":{\"@id\":\"https:\/\/klikploce.com.hr\/opuzen\/djecji-vrtic-opuzen-proslavio-30-godina-rada\/#primaryimage\"},\"image\":{\"@id\":\"https:\/\/klikploce.com.hr\/opuzen\/djecji-vrtic-opuzen-proslavio-30-godina-rada\/#primaryimage\"},\"thumbnailUrl\":\"https:\/\/klikploce.com.hr\/opuzen\/wp-content\/uploads\/2026\/04\/18-1024x768-1-scaled.jpeg\",\"datePublished\":\"2026-04-10T12:40:41+00:00\",\"breadcrumb\":{\"@id\":\"https:\/\/klikploce.com.hr\/opuzen\/djecji-vrtic-opuzen-proslavio-30-godina-rada\/#breadcrumb\"},\"inLanguage\":\"hr\",\"potentialAction\":[{\"@type\":\"ReadAction\",\"target\":[\"https:\/\/klikploce.com.hr\/opuzen\/djecji-vrtic-opuzen-proslavio-30-godina-rada\/\"]}]},{\"@type\":\"ImageObject\",\"inLanguage\":\"hr\",\"@id\":\"https:\/\/klikploce.com.hr\/opuzen\/djecji-vrtic-opuzen-proslavio-30-godina-rada\/#primaryimage\",\"url\":\"https:\/\/klikploce.com.hr\/opuzen\/wp-content\/uploads\/2026\/04\/18-1024x768-1-scaled.jpeg\",\"contentUrl\":\"https:\/\/klikploce.com.hr\/opuzen\/wp-content\/uploads\/2026\/04\/18-1024x768-1-scaled.jpeg\",\"width\":2560,\"height\":1920},{\"@type\":\"BreadcrumbList\",\"@id\":\"https:\/\/klikploce.com.hr\/opuzen\/djecji-vrtic-opuzen-proslavio-30-godina-rada\/#breadcrumb\",\"itemListElement\":[{\"@type\":\"ListItem\",\"position\":1,\"name\":\"Po\u010detna stranica\",\"item\":\"https:\/\/klikploce.com.hr\/opuzen\/\"},{\"@type\":\"ListItem\",\"position\":2,\"name\":\"Dje\u010dji vrti\u0107 Opuzen proslavio 30 godina rada\"}]},{\"@type\":\"WebSite\",\"@id\":\"https:\/\/klikploce.com.hr\/opuzen\/#website\",\"url\":\"https:\/\/klikploce.com.hr\/opuzen\/\",\"name\":\"Klik Opuzen\",\"description\":\"\",\"publisher\":{\"@id\":\"https:\/\/klikploce.com.hr\/opuzen\/#organization\"},\"potentialAction\":[{\"@type\":\"SearchAction\",\"target\":{\"@type\":\"EntryPoint\",\"urlTemplate\":\"https:\/\/klikploce.com.hr\/opuzen\/?s={search_term_string}\"},\"query-input\":{\"@type\":\"PropertyValueSpecification\",\"valueRequired\":true,\"valueName\":\"search_term_string\"}}],\"inLanguage\":\"hr\"},{\"@type\":\"Organization\",\"@id\":\"https:\/\/klikploce.com.hr\/opuzen\/#organization\",\"name\":\"Klik Opuzen\",\"url\":\"https:\/\/klikploce.com.hr\/opuzen\/\",\"logo\":{\"@type\":\"ImageObject\",\"inLanguage\":\"hr\",\"@id\":\"https:\/\/klikploce.com.hr\/opuzen\/#\/schema\/logo\/image\/\",\"url\":\"https:\/\/klikploce.com.hr\/opuzen\/wp-content\/uploads\/2025\/09\/KLIK-Opuzen.png\",\"contentUrl\":\"https:\/\/klikploce.com.hr\/opuzen\/wp-content\/uploads\/2025\/09\/KLIK-Opuzen.png\",\"width\":849,\"height\":222,\"caption\":\"Klik Opuzen\"},\"image\":{\"@id\":\"https:\/\/klikploce.com.hr\/opuzen\/#\/schema\/logo\/image\/\"},\"sameAs\":[\"https:\/\/www.facebook.com\/klik.ploce\"]},{\"@type\":\"Person\",\"@id\":\"https:\/\/klikploce.com.hr\/opuzen\/#\/schema\/person\/b85ea61b159cb5355f1c77fda4341407\",\"name\":\"Klik Opuzen\",\"image\":{\"@type\":\"ImageObject\",\"inLanguage\":\"hr\",\"@id\":\"https:\/\/klikploce.com.hr\/opuzen\/#\/schema\/person\/image\/\",\"url\":\"https:\/\/secure.gravatar.com\/avatar\/8da98b2203f72dd20af5e6c35a035011808c19454706473a25dd256759a6f3e7?s=96&d=mm&r=g\",\"contentUrl\":\"https:\/\/secure.gravatar.com\/avatar\/8da98b2203f72dd20af5e6c35a035011808c19454706473a25dd256759a6f3e7?s=96&d=mm&r=g\",\"caption\":\"Klik Opuzen\"},\"url\":\"https:\/\/klikploce.com.hr\/opuzen\/author\/opuzen\/\"}]}<\/script>\n<!-- \/ Yoast SEO plugin. -->","yoast_head_json":{"title":"Dje\u010dji vrti\u0107 Opuzen proslavio 30 godina rada - Klik Opuzen","robots":{"index":"index","follow":"follow","max-snippet":"max-snippet:-1","max-image-preview":"max-image-preview:large","max-video-preview":"max-video-preview:-1"},"canonical":"https:\/\/klikploce.com.hr\/opuzen\/djecji-vrtic-opuzen-proslavio-30-godina-rada\/","og_locale":"hr_HR","og_type":"article","og_title":"Dje\u010dji vrti\u0107 Opuzen proslavio 30 godina rada - Klik Opuzen","og_description":"Dje\u010dji vrti\u0107 Opuzen 1. travnja proslavio je velikih 30 godina postojanja. Od 1996. godine djeluje kao samostalna odgojno-obrazovna ustanova, a kroz njegove prostorije pro\u0161le su brojne generacije djece koje su ostavile svoj trag i uspomene. Proslava ro\u0111endana protekla je u veselom ozra\u010dju. Djeca su u\u017eivala u slatki\u0161ima, puhala svje\u0107ice i svojim osmijesima uljep\u0161ala ovaj poseban dan. Uz mali\u0161ane i djelatnike vrti\u0107a, obilje\u017eavanju su se pridru\u017eili i vanjski suradnici te prijatelji ustanove. Tijekom tri desetlje\u0107a rada vrti\u0107 je, uz lijepe trenutke, prolazio i kroz razli\u010dite izazove. Unato\u010d tome, djelatnici su ostali predani svom pozivu, ula\u017eu\u0107i znanje, trud i ljubav u odgoj [&hellip;]","og_url":"https:\/\/klikploce.com.hr\/opuzen\/djecji-vrtic-opuzen-proslavio-30-godina-rada\/","og_site_name":"Klik Opuzen","article_publisher":"https:\/\/www.facebook.com\/klik.ploce","article_published_time":"2026-04-10T12:40:41+00:00","og_image":[{"width":2560,"height":1920,"url":"https:\/\/klikploce.com.hr\/opuzen\/wp-content\/uploads\/2026\/04\/18-1024x768-1-scaled.jpeg","type":"image\/jpeg"}],"author":"Klik Opuzen","twitter_card":"summary_large_image","twitter_misc":{"Napisao\/la":"Klik Opuzen","Procijenjeno vrijeme \u010ditanja":"4 minute"},"schema":{"@context":"https:\/\/schema.org","@graph":[{"@type":"Article","@id":"https:\/\/klikploce.com.hr\/opuzen\/djecji-vrtic-opuzen-proslavio-30-godina-rada\/#article","isPartOf":{"@id":"https:\/\/klikploce.com.hr\/opuzen\/djecji-vrtic-opuzen-proslavio-30-godina-rada\/"},"author":{"name":"Klik Opuzen","@id":"https:\/\/klikploce.com.hr\/opuzen\/#\/schema\/person\/b85ea61b159cb5355f1c77fda4341407"},"headline":"Dje\u010dji vrti\u0107 Opuzen proslavio 30 godina rada","datePublished":"2026-04-10T12:40:41+00:00","mainEntityOfPage":{"@id":"https:\/\/klikploce.com.hr\/opuzen\/djecji-vrtic-opuzen-proslavio-30-godina-rada\/"},"wordCount":245,"commentCount":0,"publisher":{"@id":"https:\/\/klikploce.com.hr\/opuzen\/#organization"},"image":{"@id":"https:\/\/klikploce.com.hr\/opuzen\/djecji-vrtic-opuzen-proslavio-30-godina-rada\/#primaryimage"},"thumbnailUrl":"https:\/\/klikploce.com.hr\/opuzen\/wp-content\/uploads\/2026\/04\/18-1024x768-1-scaled.jpeg","keywords":["dje\u010dji vrti\u0107"],"articleSection":["Izdvojeno","Opuzen","Zabava i kultura"],"inLanguage":"hr","potentialAction":[{"@type":"CommentAction","name":"Comment","target":["https:\/\/klikploce.com.hr\/opuzen\/djecji-vrtic-opuzen-proslavio-30-godina-rada\/#respond"]}]},{"@type":"WebPage","@id":"https:\/\/klikploce.com.hr\/opuzen\/djecji-vrtic-opuzen-proslavio-30-godina-rada\/","url":"https:\/\/klikploce.com.hr\/opuzen\/djecji-vrtic-opuzen-proslavio-30-godina-rada\/","name":"Dje\u010dji vrti\u0107 Opuzen proslavio 30 godina rada - Klik Opuzen","isPartOf":{"@id":"https:\/\/klikploce.com.hr\/opuzen\/#website"},"primaryImageOfPage":{"@id":"https:\/\/klikploce.com.hr\/opuzen\/djecji-vrtic-opuzen-proslavio-30-godina-rada\/#primaryimage"},"image":{"@id":"https:\/\/klikploce.com.hr\/opuzen\/djecji-vrtic-opuzen-proslavio-30-godina-rada\/#primaryimage"},"thumbnailUrl":"https:\/\/klikploce.com.hr\/opuzen\/wp-content\/uploads\/2026\/04\/18-1024x768-1-scaled.jpeg","datePublished":"2026-04-10T12:40:41+00:00","breadcrumb":{"@id":"https:\/\/klikploce.com.hr\/opuzen\/djecji-vrtic-opuzen-proslavio-30-godina-rada\/#breadcrumb"},"inLanguage":"hr","potentialAction":[{"@type":"ReadAction","target":["https:\/\/klikploce.com.hr\/opuzen\/djecji-vrtic-opuzen-proslavio-30-godina-rada\/"]}]},{"@type":"ImageObject","inLanguage":"hr","@id":"https:\/\/klikploce.com.hr\/opuzen\/djecji-vrtic-opuzen-proslavio-30-godina-rada\/#primaryimage","url":"https:\/\/klikploce.com.hr\/opuzen\/wp-content\/uploads\/2026\/04\/18-1024x768-1-scaled.jpeg","contentUrl":"https:\/\/klikploce.com.hr\/opuzen\/wp-content\/uploads\/2026\/04\/18-1024x768-1-scaled.jpeg","width":2560,"height":1920},{"@type":"BreadcrumbList","@id":"https:\/\/klikploce.com.hr\/opuzen\/djecji-vrtic-opuzen-proslavio-30-godina-rada\/#breadcrumb","itemListElement":[{"@type":"ListItem","position":1,"name":"Po\u010detna stranica","item":"https:\/\/klikploce.com.hr\/opuzen\/"},{"@type":"ListItem","position":2,"name":"Dje\u010dji vrti\u0107 Opuzen proslavio 30 godina rada"}]},{"@type":"WebSite","@id":"https:\/\/klikploce.com.hr\/opuzen\/#website","url":"https:\/\/klikploce.com.hr\/opuzen\/","name":"Klik Opuzen","description":"","publisher":{"@id":"https:\/\/klikploce.com.hr\/opuzen\/#organization"},"potentialAction":[{"@type":"SearchAction","target":{"@type":"EntryPoint","urlTemplate":"https:\/\/klikploce.com.hr\/opuzen\/?s={search_term_string}"},"query-input":{"@type":"PropertyValueSpecification","valueRequired":true,"valueName":"search_term_string"}}],"inLanguage":"hr"},{"@type":"Organization","@id":"https:\/\/klikploce.com.hr\/opuzen\/#organization","name":"Klik Opuzen","url":"https:\/\/klikploce.com.hr\/opuzen\/","logo":{"@type":"ImageObject","inLanguage":"hr","@id":"https:\/\/klikploce.com.hr\/opuzen\/#\/schema\/logo\/image\/","url":"https:\/\/klikploce.com.hr\/opuzen\/wp-content\/uploads\/2025\/09\/KLIK-Opuzen.png","contentUrl":"https:\/\/klikploce.com.hr\/opuzen\/wp-content\/uploads\/2025\/09\/KLIK-Opuzen.png","width":849,"height":222,"caption":"Klik Opuzen"},"image":{"@id":"https:\/\/klikploce.com.hr\/opuzen\/#\/schema\/logo\/image\/"},"sameAs":["https:\/\/www.facebook.com\/klik.ploce"]},{"@type":"Person","@id":"https:\/\/klikploce.com.hr\/opuzen\/#\/schema\/person\/b85ea61b159cb5355f1c77fda4341407","name":"Klik Opuzen","image":{"@type":"ImageObject","inLanguage":"hr","@id":"https:\/\/klikploce.com.hr\/opuzen\/#\/schema\/person\/image\/","url":"https:\/\/secure.gravatar.com\/avatar\/8da98b2203f72dd20af5e6c35a035011808c19454706473a25dd256759a6f3e7?s=96&d=mm&r=g","contentUrl":"https:\/\/secure.gravatar.com\/avatar\/8da98b2203f72dd20af5e6c35a035011808c19454706473a25dd256759a6f3e7?s=96&d=mm&r=g","caption":"Klik Opuzen"},"url":"https:\/\/klikploce.com.hr\/opuzen\/author\/opuzen\/"}]}},"_links":{"self":[{"href":"https:\/\/klikploce.com.hr\/opuzen\/wp-json\/wp\/v2\/posts\/3443","targetHints":{"allow":["GET"]}}],"collection":[{"href":"https:\/\/klikploce.com.hr\/opuzen\/wp-json\/wp\/v2\/posts"}],"about":[{"href":"https:\/\/klikploce.com.hr\/opuzen\/wp-json\/wp\/v2\/types\/post"}],"author":[{"embeddable":true,"href":"https:\/\/klikploce.com.hr\/opuzen\/wp-json\/wp\/v2\/users\/2"}],"replies":[{"embeddable":true,"href":"https:\/\/klikploce.com.hr\/opuzen\/wp-json\/wp\/v2\/comments?post=3443"}],"version-history":[{"count":2,"href":"https:\/\/klikploce.com.hr\/opuzen\/wp-json\/wp\/v2\/posts\/3443\/revisions"}],"predecessor-version":[{"id":3455,"href":"https:\/\/klikploce.com.hr\/opuzen\/wp-json\/wp\/v2\/posts\/3443\/revisions\/3455"}],"wp:featuredmedia":[{"embeddable":true,"href":"https:\/\/klikploce.com.hr\/opuzen\/wp-json\/wp\/v2\/media\/3454"}],"wp:attachment":[{"href":"https:\/\/klikploce.com.hr\/opuzen\/wp-json\/wp\/v2\/media?parent=3443"}],"wp:term":[{"taxonomy":"category","embeddable":true,"href":"https:\/\/klikploce.com.hr\/opuzen\/wp-json\/wp\/v2\/categories?post=3443"},{"taxonomy":"post_tag","embeddable":true,"href":"https:\/\/klikploce.com.hr\/opuzen\/wp-json\/wp\/v2\/tags?post=3443"}],"curies":[{"name":"wp","href":"https:\/\/api.w.org\/{rel}","templated":true}]}}