{"id":3402,"date":"2026-04-05T14:32:35","date_gmt":"2026-04-05T12:32:35","guid":{"rendered":"https:\/\/klikploce.com.hr\/opuzen\/?p=3402"},"modified":"2026-04-05T14:32:35","modified_gmt":"2026-04-05T12:32:35","slug":"gradonacelnik-opuzena-ivan-mataga-sugradanima-uputio-uskrsnu-cestitku","status":"publish","type":"post","link":"https:\/\/klikploce.com.hr\/opuzen\/gradonacelnik-opuzena-ivan-mataga-sugradanima-uputio-uskrsnu-cestitku\/","title":{"rendered":"Gradona\u010delnik Opuzena Ivan Mataga sugra\u0111anima uputio uskrsnu \u010destitku"},"content":{"rendered":"<p>Gradona\u010delnik Opuzena Ivan Mataga uputio je uskrsnu \u010destitku svim sugra\u0111ankama, sugra\u0111anima i prijateljima.<\/p>\n<p>U svojoj poruci za\u017eelio im je sretan i blagoslovljen Uskrs, istaknuv\u0161i kako ovaj blagdan nosi poruku nove nade te donosi obilje vjere, ljubavi, mira i radosti u svaki dom.<\/p>\n<p style=\"text-align: center;\"><a href=\"https:\/\/www.facebook.com\/share\/p\/186ed1V6V3\/\"><img loading=\"lazy\" decoding=\"async\" class=\"aligncenter size-full wp-image-3403\" src=\"https:\/\/klikploce.com.hr\/opuzen\/wp-content\/uploads\/2026\/04\/Screenshot_20260405_141947_Facebook.jpg\" alt=\"\" width=\"1439\" height=\"1829\" \/><\/a><\/p>\n","protected":false},"excerpt":{"rendered":"<p>Gradona\u010delnik Opuzena Ivan Mataga uputio je uskrsnu \u010destitku svim sugra\u0111ankama, sugra\u0111anima i prijateljima. U svojoj poruci za\u017eelio im je sretan i blagoslovljen Uskrs, istaknuv\u0161i kako ovaj blagdan nosi poruku nove nade te donosi obilje vjere, ljubavi, mira i radosti u svaki dom.<\/p>\n","protected":false},"author":2,"featured_media":3404,"comment_status":"open","ping_status":"open","sticky":false,"template":"","format":"standard","meta":{"footnotes":""},"categories":[147,158,143],"tags":[167,285],"class_list":["post-3402","post","type-post","status-publish","format-standard","has-post-thumbnail","hentry","category-izdvojeno","category-kultura","category-opuzen","tag-ivan-mataga","tag-uskrs"],"yoast_head":"<!-- This site is optimized with the Yoast SEO plugin v26.3 - https:\/\/yoast.com\/wordpress\/plugins\/seo\/ -->\n<title>Gradona\u010delnik Opuzena Ivan Mataga sugra\u0111anima uputio uskrsnu \u010destitku - Klik Opuzen<\/title>\n<meta name=\"robots\" content=\"index, follow, max-snippet:-1, max-image-preview:large, max-video-preview:-1\" \/>\n<link rel=\"canonical\" href=\"https:\/\/klikploce.com.hr\/opuzen\/gradonacelnik-opuzena-ivan-mataga-sugradanima-uputio-uskrsnu-cestitku\/\" \/>\n<meta property=\"og:locale\" content=\"hr_HR\" \/>\n<meta property=\"og:type\" content=\"article\" \/>\n<meta property=\"og:title\" content=\"Gradona\u010delnik Opuzena Ivan Mataga sugra\u0111anima uputio uskrsnu \u010destitku - Klik Opuzen\" \/>\n<meta property=\"og:description\" content=\"Gradona\u010delnik Opuzena Ivan Mataga uputio je uskrsnu \u010destitku svim sugra\u0111ankama, sugra\u0111anima i prijateljima. U svojoj poruci za\u017eelio im je sretan i blagoslovljen Uskrs, istaknuv\u0161i kako ovaj blagdan nosi poruku nove nade te donosi obilje vjere, ljubavi, mira i radosti u svaki dom.\" \/>\n<meta property=\"og:url\" content=\"https:\/\/klikploce.com.hr\/opuzen\/gradonacelnik-opuzena-ivan-mataga-sugradanima-uputio-uskrsnu-cestitku\/\" \/>\n<meta property=\"og:site_name\" content=\"Klik Opuzen\" \/>\n<meta property=\"article:publisher\" content=\"https:\/\/www.facebook.com\/klik.ploce\" \/>\n<meta property=\"article:published_time\" content=\"2026-04-05T12:32:35+00:00\" \/>\n<meta property=\"og:image\" content=\"https:\/\/klikploce.com.hr\/opuzen\/wp-content\/uploads\/2026\/04\/FB_IMG_1775392301460.jpg\" \/>\n\t<meta property=\"og:image:width\" content=\"1740\" \/>\n\t<meta property=\"og:image:height\" content=\"1305\" \/>\n\t<meta property=\"og:image:type\" content=\"image\/jpeg\" \/>\n<meta name=\"author\" content=\"Klik Opuzen\" \/>\n<meta name=\"twitter:card\" content=\"summary_large_image\" \/>\n<meta name=\"twitter:label1\" content=\"Napisao\/la\" \/>\n\t<meta name=\"twitter:data1\" content=\"Klik Opuzen\" \/>\n\t<meta name=\"twitter:label2\" content=\"Procijenjeno vrijeme \u010ditanja\" \/>\n\t<meta name=\"twitter:data2\" content=\"1 minuta\" \/>\n<script type=\"application\/ld+json\" class=\"yoast-schema-graph\">{\"@context\":\"https:\/\/schema.org\",\"@graph\":[{\"@type\":\"Article\",\"@id\":\"https:\/\/klikploce.com.hr\/opuzen\/gradonacelnik-opuzena-ivan-mataga-sugradanima-uputio-uskrsnu-cestitku\/#article\",\"isPartOf\":{\"@id\":\"https:\/\/klikploce.com.hr\/opuzen\/gradonacelnik-opuzena-ivan-mataga-sugradanima-uputio-uskrsnu-cestitku\/\"},\"author\":{\"name\":\"Klik Opuzen\",\"@id\":\"https:\/\/klikploce.com.hr\/opuzen\/#\/schema\/person\/b85ea61b159cb5355f1c77fda4341407\"},\"headline\":\"Gradona\u010delnik Opuzena Ivan Mataga sugra\u0111anima uputio uskrsnu \u010destitku\",\"datePublished\":\"2026-04-05T12:32:35+00:00\",\"mainEntityOfPage\":{\"@id\":\"https:\/\/klikploce.com.hr\/opuzen\/gradonacelnik-opuzena-ivan-mataga-sugradanima-uputio-uskrsnu-cestitku\/\"},\"wordCount\":57,\"commentCount\":0,\"publisher\":{\"@id\":\"https:\/\/klikploce.com.hr\/opuzen\/#organization\"},\"image\":{\"@id\":\"https:\/\/klikploce.com.hr\/opuzen\/gradonacelnik-opuzena-ivan-mataga-sugradanima-uputio-uskrsnu-cestitku\/#primaryimage\"},\"thumbnailUrl\":\"https:\/\/klikploce.com.hr\/opuzen\/wp-content\/uploads\/2026\/04\/FB_IMG_1775392301460.jpg\",\"keywords\":[\"ivan mataga\",\"uskrs\"],\"articleSection\":[\"Izdvojeno\",\"Kultura\",\"Opuzen\"],\"inLanguage\":\"hr\",\"potentialAction\":[{\"@type\":\"CommentAction\",\"name\":\"Comment\",\"target\":[\"https:\/\/klikploce.com.hr\/opuzen\/gradonacelnik-opuzena-ivan-mataga-sugradanima-uputio-uskrsnu-cestitku\/#respond\"]}]},{\"@type\":\"WebPage\",\"@id\":\"https:\/\/klikploce.com.hr\/opuzen\/gradonacelnik-opuzena-ivan-mataga-sugradanima-uputio-uskrsnu-cestitku\/\",\"url\":\"https:\/\/klikploce.com.hr\/opuzen\/gradonacelnik-opuzena-ivan-mataga-sugradanima-uputio-uskrsnu-cestitku\/\",\"name\":\"Gradona\u010delnik Opuzena Ivan Mataga sugra\u0111anima uputio uskrsnu \u010destitku - Klik Opuzen\",\"isPartOf\":{\"@id\":\"https:\/\/klikploce.com.hr\/opuzen\/#website\"},\"primaryImageOfPage\":{\"@id\":\"https:\/\/klikploce.com.hr\/opuzen\/gradonacelnik-opuzena-ivan-mataga-sugradanima-uputio-uskrsnu-cestitku\/#primaryimage\"},\"image\":{\"@id\":\"https:\/\/klikploce.com.hr\/opuzen\/gradonacelnik-opuzena-ivan-mataga-sugradanima-uputio-uskrsnu-cestitku\/#primaryimage\"},\"thumbnailUrl\":\"https:\/\/klikploce.com.hr\/opuzen\/wp-content\/uploads\/2026\/04\/FB_IMG_1775392301460.jpg\",\"datePublished\":\"2026-04-05T12:32:35+00:00\",\"breadcrumb\":{\"@id\":\"https:\/\/klikploce.com.hr\/opuzen\/gradonacelnik-opuzena-ivan-mataga-sugradanima-uputio-uskrsnu-cestitku\/#breadcrumb\"},\"inLanguage\":\"hr\",\"potentialAction\":[{\"@type\":\"ReadAction\",\"target\":[\"https:\/\/klikploce.com.hr\/opuzen\/gradonacelnik-opuzena-ivan-mataga-sugradanima-uputio-uskrsnu-cestitku\/\"]}]},{\"@type\":\"ImageObject\",\"inLanguage\":\"hr\",\"@id\":\"https:\/\/klikploce.com.hr\/opuzen\/gradonacelnik-opuzena-ivan-mataga-sugradanima-uputio-uskrsnu-cestitku\/#primaryimage\",\"url\":\"https:\/\/klikploce.com.hr\/opuzen\/wp-content\/uploads\/2026\/04\/FB_IMG_1775392301460.jpg\",\"contentUrl\":\"https:\/\/klikploce.com.hr\/opuzen\/wp-content\/uploads\/2026\/04\/FB_IMG_1775392301460.jpg\",\"width\":1740,\"height\":1305},{\"@type\":\"BreadcrumbList\",\"@id\":\"https:\/\/klikploce.com.hr\/opuzen\/gradonacelnik-opuzena-ivan-mataga-sugradanima-uputio-uskrsnu-cestitku\/#breadcrumb\",\"itemListElement\":[{\"@type\":\"ListItem\",\"position\":1,\"name\":\"Po\u010detna stranica\",\"item\":\"https:\/\/klikploce.com.hr\/opuzen\/\"},{\"@type\":\"ListItem\",\"position\":2,\"name\":\"Gradona\u010delnik Opuzena Ivan Mataga sugra\u0111anima uputio uskrsnu \u010destitku\"}]},{\"@type\":\"WebSite\",\"@id\":\"https:\/\/klikploce.com.hr\/opuzen\/#website\",\"url\":\"https:\/\/klikploce.com.hr\/opuzen\/\",\"name\":\"Klik Opuzen\",\"description\":\"\",\"publisher\":{\"@id\":\"https:\/\/klikploce.com.hr\/opuzen\/#organization\"},\"potentialAction\":[{\"@type\":\"SearchAction\",\"target\":{\"@type\":\"EntryPoint\",\"urlTemplate\":\"https:\/\/klikploce.com.hr\/opuzen\/?s={search_term_string}\"},\"query-input\":{\"@type\":\"PropertyValueSpecification\",\"valueRequired\":true,\"valueName\":\"search_term_string\"}}],\"inLanguage\":\"hr\"},{\"@type\":\"Organization\",\"@id\":\"https:\/\/klikploce.com.hr\/opuzen\/#organization\",\"name\":\"Klik Opuzen\",\"url\":\"https:\/\/klikploce.com.hr\/opuzen\/\",\"logo\":{\"@type\":\"ImageObject\",\"inLanguage\":\"hr\",\"@id\":\"https:\/\/klikploce.com.hr\/opuzen\/#\/schema\/logo\/image\/\",\"url\":\"https:\/\/klikploce.com.hr\/opuzen\/wp-content\/uploads\/2025\/09\/KLIK-Opuzen.png\",\"contentUrl\":\"https:\/\/klikploce.com.hr\/opuzen\/wp-content\/uploads\/2025\/09\/KLIK-Opuzen.png\",\"width\":849,\"height\":222,\"caption\":\"Klik Opuzen\"},\"image\":{\"@id\":\"https:\/\/klikploce.com.hr\/opuzen\/#\/schema\/logo\/image\/\"},\"sameAs\":[\"https:\/\/www.facebook.com\/klik.ploce\"]},{\"@type\":\"Person\",\"@id\":\"https:\/\/klikploce.com.hr\/opuzen\/#\/schema\/person\/b85ea61b159cb5355f1c77fda4341407\",\"name\":\"Klik Opuzen\",\"image\":{\"@type\":\"ImageObject\",\"inLanguage\":\"hr\",\"@id\":\"https:\/\/klikploce.com.hr\/opuzen\/#\/schema\/person\/image\/\",\"url\":\"https:\/\/secure.gravatar.com\/avatar\/8da98b2203f72dd20af5e6c35a035011808c19454706473a25dd256759a6f3e7?s=96&d=mm&r=g\",\"contentUrl\":\"https:\/\/secure.gravatar.com\/avatar\/8da98b2203f72dd20af5e6c35a035011808c19454706473a25dd256759a6f3e7?s=96&d=mm&r=g\",\"caption\":\"Klik Opuzen\"},\"url\":\"https:\/\/klikploce.com.hr\/opuzen\/author\/opuzen\/\"}]}<\/script>\n<!-- \/ Yoast SEO plugin. -->","yoast_head_json":{"title":"Gradona\u010delnik Opuzena Ivan Mataga sugra\u0111anima uputio uskrsnu \u010destitku - Klik Opuzen","robots":{"index":"index","follow":"follow","max-snippet":"max-snippet:-1","max-image-preview":"max-image-preview:large","max-video-preview":"max-video-preview:-1"},"canonical":"https:\/\/klikploce.com.hr\/opuzen\/gradonacelnik-opuzena-ivan-mataga-sugradanima-uputio-uskrsnu-cestitku\/","og_locale":"hr_HR","og_type":"article","og_title":"Gradona\u010delnik Opuzena Ivan Mataga sugra\u0111anima uputio uskrsnu \u010destitku - Klik Opuzen","og_description":"Gradona\u010delnik Opuzena Ivan Mataga uputio je uskrsnu \u010destitku svim sugra\u0111ankama, sugra\u0111anima i prijateljima. U svojoj poruci za\u017eelio im je sretan i blagoslovljen Uskrs, istaknuv\u0161i kako ovaj blagdan nosi poruku nove nade te donosi obilje vjere, ljubavi, mira i radosti u svaki dom.","og_url":"https:\/\/klikploce.com.hr\/opuzen\/gradonacelnik-opuzena-ivan-mataga-sugradanima-uputio-uskrsnu-cestitku\/","og_site_name":"Klik Opuzen","article_publisher":"https:\/\/www.facebook.com\/klik.ploce","article_published_time":"2026-04-05T12:32:35+00:00","og_image":[{"width":1740,"height":1305,"url":"https:\/\/klikploce.com.hr\/opuzen\/wp-content\/uploads\/2026\/04\/FB_IMG_1775392301460.jpg","type":"image\/jpeg"}],"author":"Klik Opuzen","twitter_card":"summary_large_image","twitter_misc":{"Napisao\/la":"Klik Opuzen","Procijenjeno vrijeme \u010ditanja":"1 minuta"},"schema":{"@context":"https:\/\/schema.org","@graph":[{"@type":"Article","@id":"https:\/\/klikploce.com.hr\/opuzen\/gradonacelnik-opuzena-ivan-mataga-sugradanima-uputio-uskrsnu-cestitku\/#article","isPartOf":{"@id":"https:\/\/klikploce.com.hr\/opuzen\/gradonacelnik-opuzena-ivan-mataga-sugradanima-uputio-uskrsnu-cestitku\/"},"author":{"name":"Klik Opuzen","@id":"https:\/\/klikploce.com.hr\/opuzen\/#\/schema\/person\/b85ea61b159cb5355f1c77fda4341407"},"headline":"Gradona\u010delnik Opuzena Ivan Mataga sugra\u0111anima uputio uskrsnu \u010destitku","datePublished":"2026-04-05T12:32:35+00:00","mainEntityOfPage":{"@id":"https:\/\/klikploce.com.hr\/opuzen\/gradonacelnik-opuzena-ivan-mataga-sugradanima-uputio-uskrsnu-cestitku\/"},"wordCount":57,"commentCount":0,"publisher":{"@id":"https:\/\/klikploce.com.hr\/opuzen\/#organization"},"image":{"@id":"https:\/\/klikploce.com.hr\/opuzen\/gradonacelnik-opuzena-ivan-mataga-sugradanima-uputio-uskrsnu-cestitku\/#primaryimage"},"thumbnailUrl":"https:\/\/klikploce.com.hr\/opuzen\/wp-content\/uploads\/2026\/04\/FB_IMG_1775392301460.jpg","keywords":["ivan mataga","uskrs"],"articleSection":["Izdvojeno","Kultura","Opuzen"],"inLanguage":"hr","potentialAction":[{"@type":"CommentAction","name":"Comment","target":["https:\/\/klikploce.com.hr\/opuzen\/gradonacelnik-opuzena-ivan-mataga-sugradanima-uputio-uskrsnu-cestitku\/#respond"]}]},{"@type":"WebPage","@id":"https:\/\/klikploce.com.hr\/opuzen\/gradonacelnik-opuzena-ivan-mataga-sugradanima-uputio-uskrsnu-cestitku\/","url":"https:\/\/klikploce.com.hr\/opuzen\/gradonacelnik-opuzena-ivan-mataga-sugradanima-uputio-uskrsnu-cestitku\/","name":"Gradona\u010delnik Opuzena Ivan Mataga sugra\u0111anima uputio uskrsnu \u010destitku - Klik Opuzen","isPartOf":{"@id":"https:\/\/klikploce.com.hr\/opuzen\/#website"},"primaryImageOfPage":{"@id":"https:\/\/klikploce.com.hr\/opuzen\/gradonacelnik-opuzena-ivan-mataga-sugradanima-uputio-uskrsnu-cestitku\/#primaryimage"},"image":{"@id":"https:\/\/klikploce.com.hr\/opuzen\/gradonacelnik-opuzena-ivan-mataga-sugradanima-uputio-uskrsnu-cestitku\/#primaryimage"},"thumbnailUrl":"https:\/\/klikploce.com.hr\/opuzen\/wp-content\/uploads\/2026\/04\/FB_IMG_1775392301460.jpg","datePublished":"2026-04-05T12:32:35+00:00","breadcrumb":{"@id":"https:\/\/klikploce.com.hr\/opuzen\/gradonacelnik-opuzena-ivan-mataga-sugradanima-uputio-uskrsnu-cestitku\/#breadcrumb"},"inLanguage":"hr","potentialAction":[{"@type":"ReadAction","target":["https:\/\/klikploce.com.hr\/opuzen\/gradonacelnik-opuzena-ivan-mataga-sugradanima-uputio-uskrsnu-cestitku\/"]}]},{"@type":"ImageObject","inLanguage":"hr","@id":"https:\/\/klikploce.com.hr\/opuzen\/gradonacelnik-opuzena-ivan-mataga-sugradanima-uputio-uskrsnu-cestitku\/#primaryimage","url":"https:\/\/klikploce.com.hr\/opuzen\/wp-content\/uploads\/2026\/04\/FB_IMG_1775392301460.jpg","contentUrl":"https:\/\/klikploce.com.hr\/opuzen\/wp-content\/uploads\/2026\/04\/FB_IMG_1775392301460.jpg","width":1740,"height":1305},{"@type":"BreadcrumbList","@id":"https:\/\/klikploce.com.hr\/opuzen\/gradonacelnik-opuzena-ivan-mataga-sugradanima-uputio-uskrsnu-cestitku\/#breadcrumb","itemListElement":[{"@type":"ListItem","position":1,"name":"Po\u010detna stranica","item":"https:\/\/klikploce.com.hr\/opuzen\/"},{"@type":"ListItem","position":2,"name":"Gradona\u010delnik Opuzena Ivan Mataga sugra\u0111anima uputio uskrsnu \u010destitku"}]},{"@type":"WebSite","@id":"https:\/\/klikploce.com.hr\/opuzen\/#website","url":"https:\/\/klikploce.com.hr\/opuzen\/","name":"Klik Opuzen","description":"","publisher":{"@id":"https:\/\/klikploce.com.hr\/opuzen\/#organization"},"potentialAction":[{"@type":"SearchAction","target":{"@type":"EntryPoint","urlTemplate":"https:\/\/klikploce.com.hr\/opuzen\/?s={search_term_string}"},"query-input":{"@type":"PropertyValueSpecification","valueRequired":true,"valueName":"search_term_string"}}],"inLanguage":"hr"},{"@type":"Organization","@id":"https:\/\/klikploce.com.hr\/opuzen\/#organization","name":"Klik Opuzen","url":"https:\/\/klikploce.com.hr\/opuzen\/","logo":{"@type":"ImageObject","inLanguage":"hr","@id":"https:\/\/klikploce.com.hr\/opuzen\/#\/schema\/logo\/image\/","url":"https:\/\/klikploce.com.hr\/opuzen\/wp-content\/uploads\/2025\/09\/KLIK-Opuzen.png","contentUrl":"https:\/\/klikploce.com.hr\/opuzen\/wp-content\/uploads\/2025\/09\/KLIK-Opuzen.png","width":849,"height":222,"caption":"Klik Opuzen"},"image":{"@id":"https:\/\/klikploce.com.hr\/opuzen\/#\/schema\/logo\/image\/"},"sameAs":["https:\/\/www.facebook.com\/klik.ploce"]},{"@type":"Person","@id":"https:\/\/klikploce.com.hr\/opuzen\/#\/schema\/person\/b85ea61b159cb5355f1c77fda4341407","name":"Klik Opuzen","image":{"@type":"ImageObject","inLanguage":"hr","@id":"https:\/\/klikploce.com.hr\/opuzen\/#\/schema\/person\/image\/","url":"https:\/\/secure.gravatar.com\/avatar\/8da98b2203f72dd20af5e6c35a035011808c19454706473a25dd256759a6f3e7?s=96&d=mm&r=g","contentUrl":"https:\/\/secure.gravatar.com\/avatar\/8da98b2203f72dd20af5e6c35a035011808c19454706473a25dd256759a6f3e7?s=96&d=mm&r=g","caption":"Klik Opuzen"},"url":"https:\/\/klikploce.com.hr\/opuzen\/author\/opuzen\/"}]}},"_links":{"self":[{"href":"https:\/\/klikploce.com.hr\/opuzen\/wp-json\/wp\/v2\/posts\/3402","targetHints":{"allow":["GET"]}}],"collection":[{"href":"https:\/\/klikploce.com.hr\/opuzen\/wp-json\/wp\/v2\/posts"}],"about":[{"href":"https:\/\/klikploce.com.hr\/opuzen\/wp-json\/wp\/v2\/types\/post"}],"author":[{"embeddable":true,"href":"https:\/\/klikploce.com.hr\/opuzen\/wp-json\/wp\/v2\/users\/2"}],"replies":[{"embeddable":true,"href":"https:\/\/klikploce.com.hr\/opuzen\/wp-json\/wp\/v2\/comments?post=3402"}],"version-history":[{"count":1,"href":"https:\/\/klikploce.com.hr\/opuzen\/wp-json\/wp\/v2\/posts\/3402\/revisions"}],"predecessor-version":[{"id":3405,"href":"https:\/\/klikploce.com.hr\/opuzen\/wp-json\/wp\/v2\/posts\/3402\/revisions\/3405"}],"wp:featuredmedia":[{"embeddable":true,"href":"https:\/\/klikploce.com.hr\/opuzen\/wp-json\/wp\/v2\/media\/3404"}],"wp:attachment":[{"href":"https:\/\/klikploce.com.hr\/opuzen\/wp-json\/wp\/v2\/media?parent=3402"}],"wp:term":[{"taxonomy":"category","embeddable":true,"href":"https:\/\/klikploce.com.hr\/opuzen\/wp-json\/wp\/v2\/categories?post=3402"},{"taxonomy":"post_tag","embeddable":true,"href":"https:\/\/klikploce.com.hr\/opuzen\/wp-json\/wp\/v2\/tags?post=3402"}],"curies":[{"name":"wp","href":"https:\/\/api.w.org\/{rel}","templated":true}]}}