{"id":3212,"date":"2026-03-10T13:40:36","date_gmt":"2026-03-10T12:40:36","guid":{"rendered":"https:\/\/klikploce.com.hr\/opuzen\/?p=3212"},"modified":"2026-03-10T16:02:07","modified_gmt":"2026-03-10T15:02:07","slug":"gradska-fontana-u-opuzenu-pustena-u-probni-rad","status":"publish","type":"post","link":"https:\/\/klikploce.com.hr\/opuzen\/gradska-fontana-u-opuzenu-pustena-u-probni-rad\/","title":{"rendered":"[FOTO] Gradska fontana u Opuzenu pu\u0161tena u probni rad"},"content":{"rendered":"<p><span style=\"font-size: 1.1429rem;\">Gradska fontana u sredi\u0161tu Opuzena danas je pu\u0161tena u probni rad, \u010dime su zavr\u0161eni glavni radovi na ure\u0111enju jednog od prepoznatljivih prostora gradskog trga. Rije\u010d je o projektu kojim Grad Opuzen dodatno ure\u0111uje i uljep\u0161ava javni prostor u samom srcu grada, a zavr\u0161etkom radova gra\u0111ani \u0107e dobiti funkcionalniji i estetski ure\u0111eniji prostor za dru\u017eenje i svakodnevni boravak.<\/span><\/p>\n<p>Radovi su trenuta\u010dno u zavr\u0161noj fazi te obuhva\u0107aju zavr\u0161no ure\u0111enje fontane i okolnog prostora kako bi cijela lokacija dobila ure\u0111eniji i reprezentativniji izgled. Ure\u0111enje ovog prostora dio je kontinuiranih aktivnosti Grada Opuzena usmjerenih na podizanje komunalnog standarda i kvalitetnije ure\u0111enje javnih povr\u0161ina.<\/p>\n<p style=\"text-align: center;\"><img loading=\"lazy\" decoding=\"async\" class=\"aligncenter size-full wp-image-3223\" src=\"https:\/\/klikploce.com.hr\/opuzen\/wp-content\/uploads\/2026\/03\/20260310_124020-scaled.jpg\" alt=\"\" width=\"2560\" height=\"1920\" \/><\/p>\n<p>Gradona\u010delnik Ivan Mataga istaknuo je kako su upravo ovakvi projekti va\u017eni za stvaranje ugodnijeg i privla\u010dnijeg urbanog prostora, kako za gra\u0111ane tako i za posjetitelje. Ure\u0111enjem fontane dodatno se oplemenjuje sredi\u0161te grada koje je svakodnevno mjesto susreta, ali i prostor u kojem se odr\u017eavaju brojne manifestacije i gradska doga\u0111anja.<\/p>\n<p>Zavr\u0161etkom radova Opuzen je dobio jo\u0161 jednu ure\u0111enu i vizualno atraktivnu gradsku lokaciju, a fontana \u0107e ponovno zasjati u punom sjaju i s vodoskocima vratiti \u017eivot u sredi\u0161te grada.<\/p>\n<p style=\"text-align: left;\">Fontanu krasi spomenik \u201cPobjeda nad mo\u010dvarom\u201d, podignut 1975. godine, rad doma\u0107ih umjetnika Dragana Popovi\u0107a i Mate Pe\u010di\u0107a. Spomenik simbolizira melioraciju donje Neretve, odnosno borbu lokalnog stanovni\u0161tva protiv mo\u010dvarnog podru\u010dja kako bi se dobilo plodno zemlji\u0161te za uzgoj vo\u0107a i povr\u0107a.<\/p>\n<p style=\"text-align: center;\"><img loading=\"lazy\" decoding=\"async\" class=\"aligncenter size-full wp-image-3213\" src=\"https:\/\/klikploce.com.hr\/opuzen\/wp-content\/uploads\/2026\/03\/20260310_123826-scaled.jpg\" alt=\"\" width=\"2560\" height=\"1920\" \/><\/p>\n<p style=\"text-align: center;\"><img loading=\"lazy\" decoding=\"async\" class=\"aligncenter size-full wp-image-3215\" src=\"https:\/\/klikploce.com.hr\/opuzen\/wp-content\/uploads\/2026\/03\/20260310_123656-scaled.jpg\" alt=\"\" width=\"2560\" height=\"1920\" \/> <img loading=\"lazy\" decoding=\"async\" class=\"aligncenter size-full wp-image-3216\" src=\"https:\/\/klikploce.com.hr\/opuzen\/wp-content\/uploads\/2026\/03\/20260310_123631-scaled.jpg\" alt=\"\" width=\"1920\" height=\"2560\" \/> <img loading=\"lazy\" decoding=\"async\" class=\"aligncenter size-full wp-image-3217\" src=\"https:\/\/klikploce.com.hr\/opuzen\/wp-content\/uploads\/2026\/03\/20260310_123611-scaled.jpg\" alt=\"\" width=\"2560\" height=\"1920\" \/> <img loading=\"lazy\" decoding=\"async\" class=\"aligncenter size-full wp-image-3218\" src=\"https:\/\/klikploce.com.hr\/opuzen\/wp-content\/uploads\/2026\/03\/20260310_123551-scaled.jpg\" alt=\"\" width=\"1920\" height=\"2560\" \/> <img loading=\"lazy\" decoding=\"async\" class=\"aligncenter size-full wp-image-3219\" src=\"https:\/\/klikploce.com.hr\/opuzen\/wp-content\/uploads\/2026\/03\/20260310_123544-scaled.jpg\" alt=\"\" width=\"2560\" height=\"1920\" \/><\/p>\n","protected":false},"excerpt":{"rendered":"<p>Gradska fontana u sredi\u0161tu Opuzena danas je pu\u0161tena u probni rad, \u010dime su zavr\u0161eni glavni radovi na ure\u0111enju jednog od prepoznatljivih prostora gradskog trga. Rije\u010d je o projektu kojim Grad Opuzen dodatno ure\u0111uje i uljep\u0161ava javni prostor u samom srcu grada, a zavr\u0161etkom radova gra\u0111ani \u0107e dobiti funkcionalniji i estetski ure\u0111eniji prostor za dru\u017eenje i svakodnevni boravak. Radovi su trenuta\u010dno u zavr\u0161noj fazi te obuhva\u0107aju zavr\u0161no ure\u0111enje fontane i okolnog prostora kako bi cijela lokacija dobila ure\u0111eniji i reprezentativniji izgled. Ure\u0111enje ovog prostora dio je kontinuiranih aktivnosti Grada Opuzena usmjerenih na podizanje komunalnog standarda i kvalitetnije ure\u0111enje javnih povr\u0161ina. Gradona\u010delnik [&hellip;]<\/p>\n","protected":false},"author":2,"featured_media":3220,"comment_status":"open","ping_status":"open","sticky":false,"template":"","format":"standard","meta":{"footnotes":""},"categories":[147,158,143],"tags":[246,152,167],"class_list":["post-3212","post","type-post","status-publish","format-standard","has-post-thumbnail","hentry","category-izdvojeno","category-kultura","category-opuzen","tag-fontana","tag-gradski-park","tag-ivan-mataga"],"yoast_head":"<!-- This site is optimized with the Yoast SEO plugin v26.3 - https:\/\/yoast.com\/wordpress\/plugins\/seo\/ -->\n<title>[FOTO] Gradska fontana u Opuzenu pu\u0161tena u probni rad - Klik Opuzen<\/title>\n<meta name=\"robots\" content=\"index, follow, max-snippet:-1, max-image-preview:large, max-video-preview:-1\" \/>\n<link rel=\"canonical\" href=\"https:\/\/klikploce.com.hr\/opuzen\/gradska-fontana-u-opuzenu-pustena-u-probni-rad\/\" \/>\n<meta property=\"og:locale\" content=\"hr_HR\" \/>\n<meta property=\"og:type\" content=\"article\" \/>\n<meta property=\"og:title\" content=\"[FOTO] Gradska fontana u Opuzenu pu\u0161tena u probni rad - Klik Opuzen\" \/>\n<meta property=\"og:description\" content=\"Gradska fontana u sredi\u0161tu Opuzena danas je pu\u0161tena u probni rad, \u010dime su zavr\u0161eni glavni radovi na ure\u0111enju jednog od prepoznatljivih prostora gradskog trga. Rije\u010d je o projektu kojim Grad Opuzen dodatno ure\u0111uje i uljep\u0161ava javni prostor u samom srcu grada, a zavr\u0161etkom radova gra\u0111ani \u0107e dobiti funkcionalniji i estetski ure\u0111eniji prostor za dru\u017eenje i svakodnevni boravak. Radovi su trenuta\u010dno u zavr\u0161noj fazi te obuhva\u0107aju zavr\u0161no ure\u0111enje fontane i okolnog prostora kako bi cijela lokacija dobila ure\u0111eniji i reprezentativniji izgled. Ure\u0111enje ovog prostora dio je kontinuiranih aktivnosti Grada Opuzena usmjerenih na podizanje komunalnog standarda i kvalitetnije ure\u0111enje javnih povr\u0161ina. Gradona\u010delnik [&hellip;]\" \/>\n<meta property=\"og:url\" content=\"https:\/\/klikploce.com.hr\/opuzen\/gradska-fontana-u-opuzenu-pustena-u-probni-rad\/\" \/>\n<meta property=\"og:site_name\" content=\"Klik Opuzen\" \/>\n<meta property=\"article:publisher\" content=\"https:\/\/www.facebook.com\/klik.ploce\" \/>\n<meta property=\"article:published_time\" content=\"2026-03-10T12:40:36+00:00\" \/>\n<meta property=\"article:modified_time\" content=\"2026-03-10T15:02:07+00:00\" \/>\n<meta property=\"og:image\" content=\"https:\/\/klikploce.com.hr\/opuzen\/wp-content\/uploads\/2026\/03\/20260310_123910-scaled.jpg\" \/>\n\t<meta property=\"og:image:width\" content=\"2560\" \/>\n\t<meta property=\"og:image:height\" content=\"2219\" \/>\n\t<meta property=\"og:image:type\" content=\"image\/jpeg\" \/>\n<meta name=\"author\" content=\"Klik Opuzen\" \/>\n<meta name=\"twitter:card\" content=\"summary_large_image\" \/>\n<meta name=\"twitter:label1\" content=\"Napisao\/la\" \/>\n\t<meta name=\"twitter:data1\" content=\"Klik Opuzen\" \/>\n\t<meta name=\"twitter:label2\" content=\"Procijenjeno vrijeme \u010ditanja\" \/>\n\t<meta name=\"twitter:data2\" content=\"3 minute\" \/>\n<script type=\"application\/ld+json\" class=\"yoast-schema-graph\">{\"@context\":\"https:\/\/schema.org\",\"@graph\":[{\"@type\":\"Article\",\"@id\":\"https:\/\/klikploce.com.hr\/opuzen\/gradska-fontana-u-opuzenu-pustena-u-probni-rad\/#article\",\"isPartOf\":{\"@id\":\"https:\/\/klikploce.com.hr\/opuzen\/gradska-fontana-u-opuzenu-pustena-u-probni-rad\/\"},\"author\":{\"name\":\"Klik Opuzen\",\"@id\":\"https:\/\/klikploce.com.hr\/opuzen\/#\/schema\/person\/b85ea61b159cb5355f1c77fda4341407\"},\"headline\":\"[FOTO] Gradska fontana u Opuzenu pu\u0161tena u probni rad\",\"datePublished\":\"2026-03-10T12:40:36+00:00\",\"dateModified\":\"2026-03-10T15:02:07+00:00\",\"mainEntityOfPage\":{\"@id\":\"https:\/\/klikploce.com.hr\/opuzen\/gradska-fontana-u-opuzenu-pustena-u-probni-rad\/\"},\"wordCount\":267,\"commentCount\":0,\"publisher\":{\"@id\":\"https:\/\/klikploce.com.hr\/opuzen\/#organization\"},\"image\":{\"@id\":\"https:\/\/klikploce.com.hr\/opuzen\/gradska-fontana-u-opuzenu-pustena-u-probni-rad\/#primaryimage\"},\"thumbnailUrl\":\"https:\/\/klikploce.com.hr\/opuzen\/wp-content\/uploads\/2026\/03\/20260310_123910-scaled.jpg\",\"keywords\":[\"fontana\",\"gradski park\",\"ivan mataga\"],\"articleSection\":[\"Izdvojeno\",\"Kultura\",\"Opuzen\"],\"inLanguage\":\"hr\",\"potentialAction\":[{\"@type\":\"CommentAction\",\"name\":\"Comment\",\"target\":[\"https:\/\/klikploce.com.hr\/opuzen\/gradska-fontana-u-opuzenu-pustena-u-probni-rad\/#respond\"]}]},{\"@type\":\"WebPage\",\"@id\":\"https:\/\/klikploce.com.hr\/opuzen\/gradska-fontana-u-opuzenu-pustena-u-probni-rad\/\",\"url\":\"https:\/\/klikploce.com.hr\/opuzen\/gradska-fontana-u-opuzenu-pustena-u-probni-rad\/\",\"name\":\"[FOTO] Gradska fontana u Opuzenu pu\u0161tena u probni rad - Klik Opuzen\",\"isPartOf\":{\"@id\":\"https:\/\/klikploce.com.hr\/opuzen\/#website\"},\"primaryImageOfPage\":{\"@id\":\"https:\/\/klikploce.com.hr\/opuzen\/gradska-fontana-u-opuzenu-pustena-u-probni-rad\/#primaryimage\"},\"image\":{\"@id\":\"https:\/\/klikploce.com.hr\/opuzen\/gradska-fontana-u-opuzenu-pustena-u-probni-rad\/#primaryimage\"},\"thumbnailUrl\":\"https:\/\/klikploce.com.hr\/opuzen\/wp-content\/uploads\/2026\/03\/20260310_123910-scaled.jpg\",\"datePublished\":\"2026-03-10T12:40:36+00:00\",\"dateModified\":\"2026-03-10T15:02:07+00:00\",\"breadcrumb\":{\"@id\":\"https:\/\/klikploce.com.hr\/opuzen\/gradska-fontana-u-opuzenu-pustena-u-probni-rad\/#breadcrumb\"},\"inLanguage\":\"hr\",\"potentialAction\":[{\"@type\":\"ReadAction\",\"target\":[\"https:\/\/klikploce.com.hr\/opuzen\/gradska-fontana-u-opuzenu-pustena-u-probni-rad\/\"]}]},{\"@type\":\"ImageObject\",\"inLanguage\":\"hr\",\"@id\":\"https:\/\/klikploce.com.hr\/opuzen\/gradska-fontana-u-opuzenu-pustena-u-probni-rad\/#primaryimage\",\"url\":\"https:\/\/klikploce.com.hr\/opuzen\/wp-content\/uploads\/2026\/03\/20260310_123910-scaled.jpg\",\"contentUrl\":\"https:\/\/klikploce.com.hr\/opuzen\/wp-content\/uploads\/2026\/03\/20260310_123910-scaled.jpg\",\"width\":2560,\"height\":2219},{\"@type\":\"BreadcrumbList\",\"@id\":\"https:\/\/klikploce.com.hr\/opuzen\/gradska-fontana-u-opuzenu-pustena-u-probni-rad\/#breadcrumb\",\"itemListElement\":[{\"@type\":\"ListItem\",\"position\":1,\"name\":\"Po\u010detna stranica\",\"item\":\"https:\/\/klikploce.com.hr\/opuzen\/\"},{\"@type\":\"ListItem\",\"position\":2,\"name\":\"[FOTO] Gradska fontana u Opuzenu pu\u0161tena u probni rad\"}]},{\"@type\":\"WebSite\",\"@id\":\"https:\/\/klikploce.com.hr\/opuzen\/#website\",\"url\":\"https:\/\/klikploce.com.hr\/opuzen\/\",\"name\":\"Klik Opuzen\",\"description\":\"\",\"publisher\":{\"@id\":\"https:\/\/klikploce.com.hr\/opuzen\/#organization\"},\"potentialAction\":[{\"@type\":\"SearchAction\",\"target\":{\"@type\":\"EntryPoint\",\"urlTemplate\":\"https:\/\/klikploce.com.hr\/opuzen\/?s={search_term_string}\"},\"query-input\":{\"@type\":\"PropertyValueSpecification\",\"valueRequired\":true,\"valueName\":\"search_term_string\"}}],\"inLanguage\":\"hr\"},{\"@type\":\"Organization\",\"@id\":\"https:\/\/klikploce.com.hr\/opuzen\/#organization\",\"name\":\"Klik Opuzen\",\"url\":\"https:\/\/klikploce.com.hr\/opuzen\/\",\"logo\":{\"@type\":\"ImageObject\",\"inLanguage\":\"hr\",\"@id\":\"https:\/\/klikploce.com.hr\/opuzen\/#\/schema\/logo\/image\/\",\"url\":\"https:\/\/klikploce.com.hr\/opuzen\/wp-content\/uploads\/2025\/09\/KLIK-Opuzen.png\",\"contentUrl\":\"https:\/\/klikploce.com.hr\/opuzen\/wp-content\/uploads\/2025\/09\/KLIK-Opuzen.png\",\"width\":849,\"height\":222,\"caption\":\"Klik Opuzen\"},\"image\":{\"@id\":\"https:\/\/klikploce.com.hr\/opuzen\/#\/schema\/logo\/image\/\"},\"sameAs\":[\"https:\/\/www.facebook.com\/klik.ploce\"]},{\"@type\":\"Person\",\"@id\":\"https:\/\/klikploce.com.hr\/opuzen\/#\/schema\/person\/b85ea61b159cb5355f1c77fda4341407\",\"name\":\"Klik Opuzen\",\"image\":{\"@type\":\"ImageObject\",\"inLanguage\":\"hr\",\"@id\":\"https:\/\/klikploce.com.hr\/opuzen\/#\/schema\/person\/image\/\",\"url\":\"https:\/\/secure.gravatar.com\/avatar\/8da98b2203f72dd20af5e6c35a035011808c19454706473a25dd256759a6f3e7?s=96&d=mm&r=g\",\"contentUrl\":\"https:\/\/secure.gravatar.com\/avatar\/8da98b2203f72dd20af5e6c35a035011808c19454706473a25dd256759a6f3e7?s=96&d=mm&r=g\",\"caption\":\"Klik Opuzen\"},\"url\":\"https:\/\/klikploce.com.hr\/opuzen\/author\/opuzen\/\"}]}<\/script>\n<!-- \/ Yoast SEO plugin. -->","yoast_head_json":{"title":"[FOTO] Gradska fontana u Opuzenu pu\u0161tena u probni rad - Klik Opuzen","robots":{"index":"index","follow":"follow","max-snippet":"max-snippet:-1","max-image-preview":"max-image-preview:large","max-video-preview":"max-video-preview:-1"},"canonical":"https:\/\/klikploce.com.hr\/opuzen\/gradska-fontana-u-opuzenu-pustena-u-probni-rad\/","og_locale":"hr_HR","og_type":"article","og_title":"[FOTO] Gradska fontana u Opuzenu pu\u0161tena u probni rad - Klik Opuzen","og_description":"Gradska fontana u sredi\u0161tu Opuzena danas je pu\u0161tena u probni rad, \u010dime su zavr\u0161eni glavni radovi na ure\u0111enju jednog od prepoznatljivih prostora gradskog trga. Rije\u010d je o projektu kojim Grad Opuzen dodatno ure\u0111uje i uljep\u0161ava javni prostor u samom srcu grada, a zavr\u0161etkom radova gra\u0111ani \u0107e dobiti funkcionalniji i estetski ure\u0111eniji prostor za dru\u017eenje i svakodnevni boravak. Radovi su trenuta\u010dno u zavr\u0161noj fazi te obuhva\u0107aju zavr\u0161no ure\u0111enje fontane i okolnog prostora kako bi cijela lokacija dobila ure\u0111eniji i reprezentativniji izgled. Ure\u0111enje ovog prostora dio je kontinuiranih aktivnosti Grada Opuzena usmjerenih na podizanje komunalnog standarda i kvalitetnije ure\u0111enje javnih povr\u0161ina. Gradona\u010delnik [&hellip;]","og_url":"https:\/\/klikploce.com.hr\/opuzen\/gradska-fontana-u-opuzenu-pustena-u-probni-rad\/","og_site_name":"Klik Opuzen","article_publisher":"https:\/\/www.facebook.com\/klik.ploce","article_published_time":"2026-03-10T12:40:36+00:00","article_modified_time":"2026-03-10T15:02:07+00:00","og_image":[{"width":2560,"height":2219,"url":"https:\/\/klikploce.com.hr\/opuzen\/wp-content\/uploads\/2026\/03\/20260310_123910-scaled.jpg","type":"image\/jpeg"}],"author":"Klik Opuzen","twitter_card":"summary_large_image","twitter_misc":{"Napisao\/la":"Klik Opuzen","Procijenjeno vrijeme \u010ditanja":"3 minute"},"schema":{"@context":"https:\/\/schema.org","@graph":[{"@type":"Article","@id":"https:\/\/klikploce.com.hr\/opuzen\/gradska-fontana-u-opuzenu-pustena-u-probni-rad\/#article","isPartOf":{"@id":"https:\/\/klikploce.com.hr\/opuzen\/gradska-fontana-u-opuzenu-pustena-u-probni-rad\/"},"author":{"name":"Klik Opuzen","@id":"https:\/\/klikploce.com.hr\/opuzen\/#\/schema\/person\/b85ea61b159cb5355f1c77fda4341407"},"headline":"[FOTO] Gradska fontana u Opuzenu pu\u0161tena u probni rad","datePublished":"2026-03-10T12:40:36+00:00","dateModified":"2026-03-10T15:02:07+00:00","mainEntityOfPage":{"@id":"https:\/\/klikploce.com.hr\/opuzen\/gradska-fontana-u-opuzenu-pustena-u-probni-rad\/"},"wordCount":267,"commentCount":0,"publisher":{"@id":"https:\/\/klikploce.com.hr\/opuzen\/#organization"},"image":{"@id":"https:\/\/klikploce.com.hr\/opuzen\/gradska-fontana-u-opuzenu-pustena-u-probni-rad\/#primaryimage"},"thumbnailUrl":"https:\/\/klikploce.com.hr\/opuzen\/wp-content\/uploads\/2026\/03\/20260310_123910-scaled.jpg","keywords":["fontana","gradski park","ivan mataga"],"articleSection":["Izdvojeno","Kultura","Opuzen"],"inLanguage":"hr","potentialAction":[{"@type":"CommentAction","name":"Comment","target":["https:\/\/klikploce.com.hr\/opuzen\/gradska-fontana-u-opuzenu-pustena-u-probni-rad\/#respond"]}]},{"@type":"WebPage","@id":"https:\/\/klikploce.com.hr\/opuzen\/gradska-fontana-u-opuzenu-pustena-u-probni-rad\/","url":"https:\/\/klikploce.com.hr\/opuzen\/gradska-fontana-u-opuzenu-pustena-u-probni-rad\/","name":"[FOTO] Gradska fontana u Opuzenu pu\u0161tena u probni rad - Klik Opuzen","isPartOf":{"@id":"https:\/\/klikploce.com.hr\/opuzen\/#website"},"primaryImageOfPage":{"@id":"https:\/\/klikploce.com.hr\/opuzen\/gradska-fontana-u-opuzenu-pustena-u-probni-rad\/#primaryimage"},"image":{"@id":"https:\/\/klikploce.com.hr\/opuzen\/gradska-fontana-u-opuzenu-pustena-u-probni-rad\/#primaryimage"},"thumbnailUrl":"https:\/\/klikploce.com.hr\/opuzen\/wp-content\/uploads\/2026\/03\/20260310_123910-scaled.jpg","datePublished":"2026-03-10T12:40:36+00:00","dateModified":"2026-03-10T15:02:07+00:00","breadcrumb":{"@id":"https:\/\/klikploce.com.hr\/opuzen\/gradska-fontana-u-opuzenu-pustena-u-probni-rad\/#breadcrumb"},"inLanguage":"hr","potentialAction":[{"@type":"ReadAction","target":["https:\/\/klikploce.com.hr\/opuzen\/gradska-fontana-u-opuzenu-pustena-u-probni-rad\/"]}]},{"@type":"ImageObject","inLanguage":"hr","@id":"https:\/\/klikploce.com.hr\/opuzen\/gradska-fontana-u-opuzenu-pustena-u-probni-rad\/#primaryimage","url":"https:\/\/klikploce.com.hr\/opuzen\/wp-content\/uploads\/2026\/03\/20260310_123910-scaled.jpg","contentUrl":"https:\/\/klikploce.com.hr\/opuzen\/wp-content\/uploads\/2026\/03\/20260310_123910-scaled.jpg","width":2560,"height":2219},{"@type":"BreadcrumbList","@id":"https:\/\/klikploce.com.hr\/opuzen\/gradska-fontana-u-opuzenu-pustena-u-probni-rad\/#breadcrumb","itemListElement":[{"@type":"ListItem","position":1,"name":"Po\u010detna stranica","item":"https:\/\/klikploce.com.hr\/opuzen\/"},{"@type":"ListItem","position":2,"name":"[FOTO] Gradska fontana u Opuzenu pu\u0161tena u probni rad"}]},{"@type":"WebSite","@id":"https:\/\/klikploce.com.hr\/opuzen\/#website","url":"https:\/\/klikploce.com.hr\/opuzen\/","name":"Klik Opuzen","description":"","publisher":{"@id":"https:\/\/klikploce.com.hr\/opuzen\/#organization"},"potentialAction":[{"@type":"SearchAction","target":{"@type":"EntryPoint","urlTemplate":"https:\/\/klikploce.com.hr\/opuzen\/?s={search_term_string}"},"query-input":{"@type":"PropertyValueSpecification","valueRequired":true,"valueName":"search_term_string"}}],"inLanguage":"hr"},{"@type":"Organization","@id":"https:\/\/klikploce.com.hr\/opuzen\/#organization","name":"Klik Opuzen","url":"https:\/\/klikploce.com.hr\/opuzen\/","logo":{"@type":"ImageObject","inLanguage":"hr","@id":"https:\/\/klikploce.com.hr\/opuzen\/#\/schema\/logo\/image\/","url":"https:\/\/klikploce.com.hr\/opuzen\/wp-content\/uploads\/2025\/09\/KLIK-Opuzen.png","contentUrl":"https:\/\/klikploce.com.hr\/opuzen\/wp-content\/uploads\/2025\/09\/KLIK-Opuzen.png","width":849,"height":222,"caption":"Klik Opuzen"},"image":{"@id":"https:\/\/klikploce.com.hr\/opuzen\/#\/schema\/logo\/image\/"},"sameAs":["https:\/\/www.facebook.com\/klik.ploce"]},{"@type":"Person","@id":"https:\/\/klikploce.com.hr\/opuzen\/#\/schema\/person\/b85ea61b159cb5355f1c77fda4341407","name":"Klik Opuzen","image":{"@type":"ImageObject","inLanguage":"hr","@id":"https:\/\/klikploce.com.hr\/opuzen\/#\/schema\/person\/image\/","url":"https:\/\/secure.gravatar.com\/avatar\/8da98b2203f72dd20af5e6c35a035011808c19454706473a25dd256759a6f3e7?s=96&d=mm&r=g","contentUrl":"https:\/\/secure.gravatar.com\/avatar\/8da98b2203f72dd20af5e6c35a035011808c19454706473a25dd256759a6f3e7?s=96&d=mm&r=g","caption":"Klik Opuzen"},"url":"https:\/\/klikploce.com.hr\/opuzen\/author\/opuzen\/"}]}},"_links":{"self":[{"href":"https:\/\/klikploce.com.hr\/opuzen\/wp-json\/wp\/v2\/posts\/3212","targetHints":{"allow":["GET"]}}],"collection":[{"href":"https:\/\/klikploce.com.hr\/opuzen\/wp-json\/wp\/v2\/posts"}],"about":[{"href":"https:\/\/klikploce.com.hr\/opuzen\/wp-json\/wp\/v2\/types\/post"}],"author":[{"embeddable":true,"href":"https:\/\/klikploce.com.hr\/opuzen\/wp-json\/wp\/v2\/users\/2"}],"replies":[{"embeddable":true,"href":"https:\/\/klikploce.com.hr\/opuzen\/wp-json\/wp\/v2\/comments?post=3212"}],"version-history":[{"count":3,"href":"https:\/\/klikploce.com.hr\/opuzen\/wp-json\/wp\/v2\/posts\/3212\/revisions"}],"predecessor-version":[{"id":3224,"href":"https:\/\/klikploce.com.hr\/opuzen\/wp-json\/wp\/v2\/posts\/3212\/revisions\/3224"}],"wp:featuredmedia":[{"embeddable":true,"href":"https:\/\/klikploce.com.hr\/opuzen\/wp-json\/wp\/v2\/media\/3220"}],"wp:attachment":[{"href":"https:\/\/klikploce.com.hr\/opuzen\/wp-json\/wp\/v2\/media?parent=3212"}],"wp:term":[{"taxonomy":"category","embeddable":true,"href":"https:\/\/klikploce.com.hr\/opuzen\/wp-json\/wp\/v2\/categories?post=3212"},{"taxonomy":"post_tag","embeddable":true,"href":"https:\/\/klikploce.com.hr\/opuzen\/wp-json\/wp\/v2\/tags?post=3212"}],"curies":[{"name":"wp","href":"https:\/\/api.w.org\/{rel}","templated":true}]}}