{"id":3187,"date":"2026-03-05T21:24:00","date_gmt":"2026-03-05T20:24:00","guid":{"rendered":"https:\/\/klikploce.com.hr\/opuzen\/?p=3187"},"modified":"2026-03-05T21:26:34","modified_gmt":"2026-03-05T20:26:34","slug":"karlo-i-blaz-gradska-glazba-opuzen-dobila-nove-mlade-glazbare","status":"publish","type":"post","link":"https:\/\/klikploce.com.hr\/opuzen\/karlo-i-blaz-gradska-glazba-opuzen-dobila-nove-mlade-glazbare\/","title":{"rendered":"KARLO I BLA\u017d Gradska glazba Opuzen dobila nove mlade glazbare"},"content":{"rendered":"<p>Gradska glazba Opuzen nastavlja ja\u010dati svoje redove mladim snagama. Kolektivu su se nedavno pridru\u017eila dva nova \u010dlana \u2013 Karlo Pehar i Bla\u017e Dragobratovi\u0107, koji \u0107e svojim radom i trudom dodatno osna\u017eiti orkestar.<\/p>\n<div id=\"attachment_3188\" style=\"width: 1546px\" class=\"wp-caption aligncenter\"><img loading=\"lazy\" decoding=\"async\" aria-describedby=\"caption-attachment-3188\" class=\"size-full wp-image-3188\" src=\"https:\/\/klikploce.com.hr\/opuzen\/wp-content\/uploads\/2026\/03\/FB_IMG_1772740241693.jpg\" alt=\"\" width=\"1536\" height=\"2048\" \/><p id=\"caption-attachment-3188\" class=\"wp-caption-text\">Bla\u017e Dragobratovi\u0107<\/p><\/div>\n<div id=\"attachment_3190\" style=\"width: 1546px\" class=\"wp-caption aligncenter\"><img loading=\"lazy\" decoding=\"async\" aria-describedby=\"caption-attachment-3190\" class=\"wp-image-3190 size-full\" src=\"https:\/\/klikploce.com.hr\/opuzen\/wp-content\/uploads\/2026\/03\/FB_IMG_1772740232803-1.jpg\" alt=\"\" width=\"1536\" height=\"2048\" \/><p id=\"caption-attachment-3190\" class=\"wp-caption-text\">Karlo Pehar<\/p><\/div>\n<p>U Glazbi isti\u010du kako je rije\u010d o vrijednim i upornim mladim glazbarima koji su ve\u0107 pokazali veliku \u017eelju za u\u010denjem i sudjelovanjem u radu dru\u0161tva, \u010dime se nastavlja dugogodi\u0161nja tradicija uklju\u010divanja novih generacija u ovu opuzensku instituciju.<\/p>\n<p>Podsje\u0107amo kako je Gradska glazba Opuzen nedavno dobila vrijednu donaciju novih instrumenata \u2013 tenor horna i alt saksofona \u2013 koji \u0107e dodatno obogatiti rad i mogu\u0107nosti orkestra.<\/p>\n<p>Iz Gradske glazbe Opuzen zahvaljuju Ministarstvu kulture i medija Republike Hrvatske na donaciji instrumenata, kao i gradona\u010delniku Opuzena Ivanu Matagi te na\u010delniku Op\u0107ine Slivno Juri Mu\u0161anu na podr\u0161ci i prepoznavanju va\u017enosti rada glazbe.<\/p>\n<p>Kako isti\u010du, ovakva potpora daje dodatni poticaj za daljnji rad, napredak i o\u010duvanje glazbene tradicije koja ve\u0107 desetlje\u0107ima \u017eivi u Opuzenu.<\/p>\n","protected":false},"excerpt":{"rendered":"<p>Gradska glazba Opuzen nastavlja ja\u010dati svoje redove mladim snagama. Kolektivu su se nedavno pridru\u017eila dva nova \u010dlana \u2013 Karlo Pehar i Bla\u017e Dragobratovi\u0107, koji \u0107e svojim radom i trudom dodatno osna\u017eiti orkestar. U Glazbi isti\u010du kako je rije\u010d o vrijednim i upornim mladim glazbarima koji su ve\u0107 pokazali veliku \u017eelju za u\u010denjem i sudjelovanjem u radu dru\u0161tva, \u010dime se nastavlja dugogodi\u0161nja tradicija uklju\u010divanja novih generacija u ovu opuzensku instituciju. Podsje\u0107amo kako je Gradska glazba Opuzen nedavno dobila vrijednu donaciju novih instrumenata \u2013 tenor horna i alt saksofona \u2013 koji \u0107e dodatno obogatiti rad i mogu\u0107nosti orkestra. Iz Gradske glazbe Opuzen [&hellip;]<\/p>\n","protected":false},"author":2,"featured_media":3192,"comment_status":"open","ping_status":"open","sticky":false,"template":"","format":"standard","meta":{"footnotes":""},"categories":[147,158,143],"tags":[249],"class_list":["post-3187","post","type-post","status-publish","format-standard","has-post-thumbnail","hentry","category-izdvojeno","category-kultura","category-opuzen","tag-gradska-glazba-opuzen"],"yoast_head":"<!-- This site is optimized with the Yoast SEO plugin v26.3 - https:\/\/yoast.com\/wordpress\/plugins\/seo\/ -->\n<title>KARLO I BLA\u017d Gradska glazba Opuzen dobila nove mlade glazbare - Klik Opuzen<\/title>\n<meta name=\"robots\" content=\"index, follow, max-snippet:-1, max-image-preview:large, max-video-preview:-1\" \/>\n<link rel=\"canonical\" href=\"https:\/\/klikploce.com.hr\/opuzen\/karlo-i-blaz-gradska-glazba-opuzen-dobila-nove-mlade-glazbare\/\" \/>\n<meta property=\"og:locale\" content=\"hr_HR\" \/>\n<meta property=\"og:type\" content=\"article\" \/>\n<meta property=\"og:title\" content=\"KARLO I BLA\u017d Gradska glazba Opuzen dobila nove mlade glazbare - Klik Opuzen\" \/>\n<meta property=\"og:description\" content=\"Gradska glazba Opuzen nastavlja ja\u010dati svoje redove mladim snagama. Kolektivu su se nedavno pridru\u017eila dva nova \u010dlana \u2013 Karlo Pehar i Bla\u017e Dragobratovi\u0107, koji \u0107e svojim radom i trudom dodatno osna\u017eiti orkestar. U Glazbi isti\u010du kako je rije\u010d o vrijednim i upornim mladim glazbarima koji su ve\u0107 pokazali veliku \u017eelju za u\u010denjem i sudjelovanjem u radu dru\u0161tva, \u010dime se nastavlja dugogodi\u0161nja tradicija uklju\u010divanja novih generacija u ovu opuzensku instituciju. Podsje\u0107amo kako je Gradska glazba Opuzen nedavno dobila vrijednu donaciju novih instrumenata \u2013 tenor horna i alt saksofona \u2013 koji \u0107e dodatno obogatiti rad i mogu\u0107nosti orkestra. Iz Gradske glazbe Opuzen [&hellip;]\" \/>\n<meta property=\"og:url\" content=\"https:\/\/klikploce.com.hr\/opuzen\/karlo-i-blaz-gradska-glazba-opuzen-dobila-nove-mlade-glazbare\/\" \/>\n<meta property=\"og:site_name\" content=\"Klik Opuzen\" \/>\n<meta property=\"article:publisher\" content=\"https:\/\/www.facebook.com\/klik.ploce\" \/>\n<meta property=\"article:published_time\" content=\"2026-03-05T20:24:00+00:00\" \/>\n<meta property=\"article:modified_time\" content=\"2026-03-05T20:26:34+00:00\" \/>\n<meta property=\"og:image\" content=\"https:\/\/klikploce.com.hr\/opuzen\/wp-content\/uploads\/2026\/03\/GridArt_20260305_212313435-scaled.jpg\" \/>\n\t<meta property=\"og:image:width\" content=\"2560\" \/>\n\t<meta property=\"og:image:height\" content=\"2048\" \/>\n\t<meta property=\"og:image:type\" content=\"image\/jpeg\" \/>\n<meta name=\"author\" content=\"Klik Opuzen\" \/>\n<meta name=\"twitter:card\" content=\"summary_large_image\" \/>\n<meta name=\"twitter:label1\" content=\"Napisao\/la\" \/>\n\t<meta name=\"twitter:data1\" content=\"Klik Opuzen\" \/>\n\t<meta name=\"twitter:label2\" content=\"Procijenjeno vrijeme \u010ditanja\" \/>\n\t<meta name=\"twitter:data2\" content=\"2 minute\" \/>\n<script type=\"application\/ld+json\" class=\"yoast-schema-graph\">{\"@context\":\"https:\/\/schema.org\",\"@graph\":[{\"@type\":\"Article\",\"@id\":\"https:\/\/klikploce.com.hr\/opuzen\/karlo-i-blaz-gradska-glazba-opuzen-dobila-nove-mlade-glazbare\/#article\",\"isPartOf\":{\"@id\":\"https:\/\/klikploce.com.hr\/opuzen\/karlo-i-blaz-gradska-glazba-opuzen-dobila-nove-mlade-glazbare\/\"},\"author\":{\"name\":\"Klik Opuzen\",\"@id\":\"https:\/\/klikploce.com.hr\/opuzen\/#\/schema\/person\/b85ea61b159cb5355f1c77fda4341407\"},\"headline\":\"KARLO I BLA\u017d Gradska glazba Opuzen dobila nove mlade glazbare\",\"datePublished\":\"2026-03-05T20:24:00+00:00\",\"dateModified\":\"2026-03-05T20:26:34+00:00\",\"mainEntityOfPage\":{\"@id\":\"https:\/\/klikploce.com.hr\/opuzen\/karlo-i-blaz-gradska-glazba-opuzen-dobila-nove-mlade-glazbare\/\"},\"wordCount\":194,\"commentCount\":0,\"publisher\":{\"@id\":\"https:\/\/klikploce.com.hr\/opuzen\/#organization\"},\"image\":{\"@id\":\"https:\/\/klikploce.com.hr\/opuzen\/karlo-i-blaz-gradska-glazba-opuzen-dobila-nove-mlade-glazbare\/#primaryimage\"},\"thumbnailUrl\":\"https:\/\/klikploce.com.hr\/opuzen\/wp-content\/uploads\/2026\/03\/GridArt_20260305_212313435-scaled.jpg\",\"keywords\":[\"gradska glazba opuzen\"],\"articleSection\":[\"Izdvojeno\",\"Kultura\",\"Opuzen\"],\"inLanguage\":\"hr\",\"potentialAction\":[{\"@type\":\"CommentAction\",\"name\":\"Comment\",\"target\":[\"https:\/\/klikploce.com.hr\/opuzen\/karlo-i-blaz-gradska-glazba-opuzen-dobila-nove-mlade-glazbare\/#respond\"]}]},{\"@type\":\"WebPage\",\"@id\":\"https:\/\/klikploce.com.hr\/opuzen\/karlo-i-blaz-gradska-glazba-opuzen-dobila-nove-mlade-glazbare\/\",\"url\":\"https:\/\/klikploce.com.hr\/opuzen\/karlo-i-blaz-gradska-glazba-opuzen-dobila-nove-mlade-glazbare\/\",\"name\":\"KARLO I BLA\u017d Gradska glazba Opuzen dobila nove mlade glazbare - Klik Opuzen\",\"isPartOf\":{\"@id\":\"https:\/\/klikploce.com.hr\/opuzen\/#website\"},\"primaryImageOfPage\":{\"@id\":\"https:\/\/klikploce.com.hr\/opuzen\/karlo-i-blaz-gradska-glazba-opuzen-dobila-nove-mlade-glazbare\/#primaryimage\"},\"image\":{\"@id\":\"https:\/\/klikploce.com.hr\/opuzen\/karlo-i-blaz-gradska-glazba-opuzen-dobila-nove-mlade-glazbare\/#primaryimage\"},\"thumbnailUrl\":\"https:\/\/klikploce.com.hr\/opuzen\/wp-content\/uploads\/2026\/03\/GridArt_20260305_212313435-scaled.jpg\",\"datePublished\":\"2026-03-05T20:24:00+00:00\",\"dateModified\":\"2026-03-05T20:26:34+00:00\",\"breadcrumb\":{\"@id\":\"https:\/\/klikploce.com.hr\/opuzen\/karlo-i-blaz-gradska-glazba-opuzen-dobila-nove-mlade-glazbare\/#breadcrumb\"},\"inLanguage\":\"hr\",\"potentialAction\":[{\"@type\":\"ReadAction\",\"target\":[\"https:\/\/klikploce.com.hr\/opuzen\/karlo-i-blaz-gradska-glazba-opuzen-dobila-nove-mlade-glazbare\/\"]}]},{\"@type\":\"ImageObject\",\"inLanguage\":\"hr\",\"@id\":\"https:\/\/klikploce.com.hr\/opuzen\/karlo-i-blaz-gradska-glazba-opuzen-dobila-nove-mlade-glazbare\/#primaryimage\",\"url\":\"https:\/\/klikploce.com.hr\/opuzen\/wp-content\/uploads\/2026\/03\/GridArt_20260305_212313435-scaled.jpg\",\"contentUrl\":\"https:\/\/klikploce.com.hr\/opuzen\/wp-content\/uploads\/2026\/03\/GridArt_20260305_212313435-scaled.jpg\",\"width\":2560,\"height\":2048},{\"@type\":\"BreadcrumbList\",\"@id\":\"https:\/\/klikploce.com.hr\/opuzen\/karlo-i-blaz-gradska-glazba-opuzen-dobila-nove-mlade-glazbare\/#breadcrumb\",\"itemListElement\":[{\"@type\":\"ListItem\",\"position\":1,\"name\":\"Po\u010detna stranica\",\"item\":\"https:\/\/klikploce.com.hr\/opuzen\/\"},{\"@type\":\"ListItem\",\"position\":2,\"name\":\"KARLO I BLA\u017d Gradska glazba Opuzen dobila nove mlade glazbare\"}]},{\"@type\":\"WebSite\",\"@id\":\"https:\/\/klikploce.com.hr\/opuzen\/#website\",\"url\":\"https:\/\/klikploce.com.hr\/opuzen\/\",\"name\":\"Klik Opuzen\",\"description\":\"\",\"publisher\":{\"@id\":\"https:\/\/klikploce.com.hr\/opuzen\/#organization\"},\"potentialAction\":[{\"@type\":\"SearchAction\",\"target\":{\"@type\":\"EntryPoint\",\"urlTemplate\":\"https:\/\/klikploce.com.hr\/opuzen\/?s={search_term_string}\"},\"query-input\":{\"@type\":\"PropertyValueSpecification\",\"valueRequired\":true,\"valueName\":\"search_term_string\"}}],\"inLanguage\":\"hr\"},{\"@type\":\"Organization\",\"@id\":\"https:\/\/klikploce.com.hr\/opuzen\/#organization\",\"name\":\"Klik Opuzen\",\"url\":\"https:\/\/klikploce.com.hr\/opuzen\/\",\"logo\":{\"@type\":\"ImageObject\",\"inLanguage\":\"hr\",\"@id\":\"https:\/\/klikploce.com.hr\/opuzen\/#\/schema\/logo\/image\/\",\"url\":\"https:\/\/klikploce.com.hr\/opuzen\/wp-content\/uploads\/2025\/09\/KLIK-Opuzen.png\",\"contentUrl\":\"https:\/\/klikploce.com.hr\/opuzen\/wp-content\/uploads\/2025\/09\/KLIK-Opuzen.png\",\"width\":849,\"height\":222,\"caption\":\"Klik Opuzen\"},\"image\":{\"@id\":\"https:\/\/klikploce.com.hr\/opuzen\/#\/schema\/logo\/image\/\"},\"sameAs\":[\"https:\/\/www.facebook.com\/klik.ploce\"]},{\"@type\":\"Person\",\"@id\":\"https:\/\/klikploce.com.hr\/opuzen\/#\/schema\/person\/b85ea61b159cb5355f1c77fda4341407\",\"name\":\"Klik Opuzen\",\"image\":{\"@type\":\"ImageObject\",\"inLanguage\":\"hr\",\"@id\":\"https:\/\/klikploce.com.hr\/opuzen\/#\/schema\/person\/image\/\",\"url\":\"https:\/\/secure.gravatar.com\/avatar\/8da98b2203f72dd20af5e6c35a035011808c19454706473a25dd256759a6f3e7?s=96&d=mm&r=g\",\"contentUrl\":\"https:\/\/secure.gravatar.com\/avatar\/8da98b2203f72dd20af5e6c35a035011808c19454706473a25dd256759a6f3e7?s=96&d=mm&r=g\",\"caption\":\"Klik Opuzen\"},\"url\":\"https:\/\/klikploce.com.hr\/opuzen\/author\/opuzen\/\"}]}<\/script>\n<!-- \/ Yoast SEO plugin. -->","yoast_head_json":{"title":"KARLO I BLA\u017d Gradska glazba Opuzen dobila nove mlade glazbare - Klik Opuzen","robots":{"index":"index","follow":"follow","max-snippet":"max-snippet:-1","max-image-preview":"max-image-preview:large","max-video-preview":"max-video-preview:-1"},"canonical":"https:\/\/klikploce.com.hr\/opuzen\/karlo-i-blaz-gradska-glazba-opuzen-dobila-nove-mlade-glazbare\/","og_locale":"hr_HR","og_type":"article","og_title":"KARLO I BLA\u017d Gradska glazba Opuzen dobila nove mlade glazbare - Klik Opuzen","og_description":"Gradska glazba Opuzen nastavlja ja\u010dati svoje redove mladim snagama. Kolektivu su se nedavno pridru\u017eila dva nova \u010dlana \u2013 Karlo Pehar i Bla\u017e Dragobratovi\u0107, koji \u0107e svojim radom i trudom dodatno osna\u017eiti orkestar. U Glazbi isti\u010du kako je rije\u010d o vrijednim i upornim mladim glazbarima koji su ve\u0107 pokazali veliku \u017eelju za u\u010denjem i sudjelovanjem u radu dru\u0161tva, \u010dime se nastavlja dugogodi\u0161nja tradicija uklju\u010divanja novih generacija u ovu opuzensku instituciju. Podsje\u0107amo kako je Gradska glazba Opuzen nedavno dobila vrijednu donaciju novih instrumenata \u2013 tenor horna i alt saksofona \u2013 koji \u0107e dodatno obogatiti rad i mogu\u0107nosti orkestra. Iz Gradske glazbe Opuzen [&hellip;]","og_url":"https:\/\/klikploce.com.hr\/opuzen\/karlo-i-blaz-gradska-glazba-opuzen-dobila-nove-mlade-glazbare\/","og_site_name":"Klik Opuzen","article_publisher":"https:\/\/www.facebook.com\/klik.ploce","article_published_time":"2026-03-05T20:24:00+00:00","article_modified_time":"2026-03-05T20:26:34+00:00","og_image":[{"width":2560,"height":2048,"url":"https:\/\/klikploce.com.hr\/opuzen\/wp-content\/uploads\/2026\/03\/GridArt_20260305_212313435-scaled.jpg","type":"image\/jpeg"}],"author":"Klik Opuzen","twitter_card":"summary_large_image","twitter_misc":{"Napisao\/la":"Klik Opuzen","Procijenjeno vrijeme \u010ditanja":"2 minute"},"schema":{"@context":"https:\/\/schema.org","@graph":[{"@type":"Article","@id":"https:\/\/klikploce.com.hr\/opuzen\/karlo-i-blaz-gradska-glazba-opuzen-dobila-nove-mlade-glazbare\/#article","isPartOf":{"@id":"https:\/\/klikploce.com.hr\/opuzen\/karlo-i-blaz-gradska-glazba-opuzen-dobila-nove-mlade-glazbare\/"},"author":{"name":"Klik Opuzen","@id":"https:\/\/klikploce.com.hr\/opuzen\/#\/schema\/person\/b85ea61b159cb5355f1c77fda4341407"},"headline":"KARLO I BLA\u017d Gradska glazba Opuzen dobila nove mlade glazbare","datePublished":"2026-03-05T20:24:00+00:00","dateModified":"2026-03-05T20:26:34+00:00","mainEntityOfPage":{"@id":"https:\/\/klikploce.com.hr\/opuzen\/karlo-i-blaz-gradska-glazba-opuzen-dobila-nove-mlade-glazbare\/"},"wordCount":194,"commentCount":0,"publisher":{"@id":"https:\/\/klikploce.com.hr\/opuzen\/#organization"},"image":{"@id":"https:\/\/klikploce.com.hr\/opuzen\/karlo-i-blaz-gradska-glazba-opuzen-dobila-nove-mlade-glazbare\/#primaryimage"},"thumbnailUrl":"https:\/\/klikploce.com.hr\/opuzen\/wp-content\/uploads\/2026\/03\/GridArt_20260305_212313435-scaled.jpg","keywords":["gradska glazba opuzen"],"articleSection":["Izdvojeno","Kultura","Opuzen"],"inLanguage":"hr","potentialAction":[{"@type":"CommentAction","name":"Comment","target":["https:\/\/klikploce.com.hr\/opuzen\/karlo-i-blaz-gradska-glazba-opuzen-dobila-nove-mlade-glazbare\/#respond"]}]},{"@type":"WebPage","@id":"https:\/\/klikploce.com.hr\/opuzen\/karlo-i-blaz-gradska-glazba-opuzen-dobila-nove-mlade-glazbare\/","url":"https:\/\/klikploce.com.hr\/opuzen\/karlo-i-blaz-gradska-glazba-opuzen-dobila-nove-mlade-glazbare\/","name":"KARLO I BLA\u017d Gradska glazba Opuzen dobila nove mlade glazbare - Klik Opuzen","isPartOf":{"@id":"https:\/\/klikploce.com.hr\/opuzen\/#website"},"primaryImageOfPage":{"@id":"https:\/\/klikploce.com.hr\/opuzen\/karlo-i-blaz-gradska-glazba-opuzen-dobila-nove-mlade-glazbare\/#primaryimage"},"image":{"@id":"https:\/\/klikploce.com.hr\/opuzen\/karlo-i-blaz-gradska-glazba-opuzen-dobila-nove-mlade-glazbare\/#primaryimage"},"thumbnailUrl":"https:\/\/klikploce.com.hr\/opuzen\/wp-content\/uploads\/2026\/03\/GridArt_20260305_212313435-scaled.jpg","datePublished":"2026-03-05T20:24:00+00:00","dateModified":"2026-03-05T20:26:34+00:00","breadcrumb":{"@id":"https:\/\/klikploce.com.hr\/opuzen\/karlo-i-blaz-gradska-glazba-opuzen-dobila-nove-mlade-glazbare\/#breadcrumb"},"inLanguage":"hr","potentialAction":[{"@type":"ReadAction","target":["https:\/\/klikploce.com.hr\/opuzen\/karlo-i-blaz-gradska-glazba-opuzen-dobila-nove-mlade-glazbare\/"]}]},{"@type":"ImageObject","inLanguage":"hr","@id":"https:\/\/klikploce.com.hr\/opuzen\/karlo-i-blaz-gradska-glazba-opuzen-dobila-nove-mlade-glazbare\/#primaryimage","url":"https:\/\/klikploce.com.hr\/opuzen\/wp-content\/uploads\/2026\/03\/GridArt_20260305_212313435-scaled.jpg","contentUrl":"https:\/\/klikploce.com.hr\/opuzen\/wp-content\/uploads\/2026\/03\/GridArt_20260305_212313435-scaled.jpg","width":2560,"height":2048},{"@type":"BreadcrumbList","@id":"https:\/\/klikploce.com.hr\/opuzen\/karlo-i-blaz-gradska-glazba-opuzen-dobila-nove-mlade-glazbare\/#breadcrumb","itemListElement":[{"@type":"ListItem","position":1,"name":"Po\u010detna stranica","item":"https:\/\/klikploce.com.hr\/opuzen\/"},{"@type":"ListItem","position":2,"name":"KARLO I BLA\u017d Gradska glazba Opuzen dobila nove mlade glazbare"}]},{"@type":"WebSite","@id":"https:\/\/klikploce.com.hr\/opuzen\/#website","url":"https:\/\/klikploce.com.hr\/opuzen\/","name":"Klik Opuzen","description":"","publisher":{"@id":"https:\/\/klikploce.com.hr\/opuzen\/#organization"},"potentialAction":[{"@type":"SearchAction","target":{"@type":"EntryPoint","urlTemplate":"https:\/\/klikploce.com.hr\/opuzen\/?s={search_term_string}"},"query-input":{"@type":"PropertyValueSpecification","valueRequired":true,"valueName":"search_term_string"}}],"inLanguage":"hr"},{"@type":"Organization","@id":"https:\/\/klikploce.com.hr\/opuzen\/#organization","name":"Klik Opuzen","url":"https:\/\/klikploce.com.hr\/opuzen\/","logo":{"@type":"ImageObject","inLanguage":"hr","@id":"https:\/\/klikploce.com.hr\/opuzen\/#\/schema\/logo\/image\/","url":"https:\/\/klikploce.com.hr\/opuzen\/wp-content\/uploads\/2025\/09\/KLIK-Opuzen.png","contentUrl":"https:\/\/klikploce.com.hr\/opuzen\/wp-content\/uploads\/2025\/09\/KLIK-Opuzen.png","width":849,"height":222,"caption":"Klik Opuzen"},"image":{"@id":"https:\/\/klikploce.com.hr\/opuzen\/#\/schema\/logo\/image\/"},"sameAs":["https:\/\/www.facebook.com\/klik.ploce"]},{"@type":"Person","@id":"https:\/\/klikploce.com.hr\/opuzen\/#\/schema\/person\/b85ea61b159cb5355f1c77fda4341407","name":"Klik Opuzen","image":{"@type":"ImageObject","inLanguage":"hr","@id":"https:\/\/klikploce.com.hr\/opuzen\/#\/schema\/person\/image\/","url":"https:\/\/secure.gravatar.com\/avatar\/8da98b2203f72dd20af5e6c35a035011808c19454706473a25dd256759a6f3e7?s=96&d=mm&r=g","contentUrl":"https:\/\/secure.gravatar.com\/avatar\/8da98b2203f72dd20af5e6c35a035011808c19454706473a25dd256759a6f3e7?s=96&d=mm&r=g","caption":"Klik Opuzen"},"url":"https:\/\/klikploce.com.hr\/opuzen\/author\/opuzen\/"}]}},"_links":{"self":[{"href":"https:\/\/klikploce.com.hr\/opuzen\/wp-json\/wp\/v2\/posts\/3187","targetHints":{"allow":["GET"]}}],"collection":[{"href":"https:\/\/klikploce.com.hr\/opuzen\/wp-json\/wp\/v2\/posts"}],"about":[{"href":"https:\/\/klikploce.com.hr\/opuzen\/wp-json\/wp\/v2\/types\/post"}],"author":[{"embeddable":true,"href":"https:\/\/klikploce.com.hr\/opuzen\/wp-json\/wp\/v2\/users\/2"}],"replies":[{"embeddable":true,"href":"https:\/\/klikploce.com.hr\/opuzen\/wp-json\/wp\/v2\/comments?post=3187"}],"version-history":[{"count":1,"href":"https:\/\/klikploce.com.hr\/opuzen\/wp-json\/wp\/v2\/posts\/3187\/revisions"}],"predecessor-version":[{"id":3191,"href":"https:\/\/klikploce.com.hr\/opuzen\/wp-json\/wp\/v2\/posts\/3187\/revisions\/3191"}],"wp:featuredmedia":[{"embeddable":true,"href":"https:\/\/klikploce.com.hr\/opuzen\/wp-json\/wp\/v2\/media\/3192"}],"wp:attachment":[{"href":"https:\/\/klikploce.com.hr\/opuzen\/wp-json\/wp\/v2\/media?parent=3187"}],"wp:term":[{"taxonomy":"category","embeddable":true,"href":"https:\/\/klikploce.com.hr\/opuzen\/wp-json\/wp\/v2\/categories?post=3187"},{"taxonomy":"post_tag","embeddable":true,"href":"https:\/\/klikploce.com.hr\/opuzen\/wp-json\/wp\/v2\/tags?post=3187"}],"curies":[{"name":"wp","href":"https:\/\/api.w.org\/{rel}","templated":true}]}}