{"id":3126,"date":"2026-02-25T10:22:53","date_gmt":"2026-02-25T09:22:53","guid":{"rendered":"https:\/\/klikploce.com.hr\/opuzen\/?p=3126"},"modified":"2026-02-25T10:22:53","modified_gmt":"2026-02-25T09:22:53","slug":"iz-opuzena-do-poljuda-pa-u-najtezu-zivotnu-borbu-ante-babic-ne-odustaje","status":"publish","type":"post","link":"https:\/\/klikploce.com.hr\/opuzen\/iz-opuzena-do-poljuda-pa-u-najtezu-zivotnu-borbu-ante-babic-ne-odustaje\/","title":{"rendered":"Iz Opuzena do Poljuda, pa u najte\u017eu \u017eivotnu borbu: Ante Babi\u0107 ne odustaje"},"content":{"rendered":"<p>Fotografija Ante Babi\u0107a (36) i njegovog imenjaka Rebi\u0107a (32) u lo\u017ei Poljuda za vrijeme jadranskog derbija izme\u0111u Hajduka i Rijeke (1-0) otkrila je posebnu \u017eivotnu pri\u010du o \u010dovjeku koji se nakon borbe na sportskom terenu na\u0161ao u borbi za normalan \u017eivot, i njegovom nekada\u0161njem suigra\u010du, danas prijatelju koji mu je podr\u0161ka na tom putu. I ne samo on, nego i mnogi drugi koji su stali uz njega u te\u0161koj situaciji u kojoj se na\u0161ao.<\/p>\n<p>Ante Babi\u0107 ro\u0111en je u Dubrovniku, odrastao je u Komarni koja je danas poznata po Pelje\u0161kom mostu. Osnovnu \u0161kolu zavr\u0161io je u Opuzenu, srednju u Metkovi\u0107u, ali cijeli \u017eivot je \u017eelio biti sporta\u0161, nogomet je od malih nogu bio njegova najve\u0107a ljubav.<\/p>\n<p>&#8211; Igrali smo po ulicama svaki dan, bez velikih planova, samo iz \u010diste ljubavi prema igri. Prvi klub bio mi je Neretvanac iz Opuzena, gdje sam pro\u0161ao sve uzraste do seniora. Ozbiljnije sam po\u010deo shva\u0107ati nogomet sa 16 godina, kada sam odlu\u010dio da \u017eelim vidjeti koliko daleko mogu i\u0107i. Kad sam spojio rad i talent, brzo sam dobio priliku u prvoj mom\u010dadi. Prekretnica je bila skautska utakmica koju je organizirao Hajduk, susret najboljih igra\u010da druge i tre\u0107e lige. To je bila velika prilika za nas iz manjih sredina. Nakon te utakmice stigli su pozivi i bez agenta sam donio odluku prihvatiti ponudu RNK Splita jer su me vidjeli odmah u prvoj mom\u010dadi, dok je druga opcija bila Hajduk i posudba. Htio sam igrati odmah, bez \u010dekanja &#8211; zapo\u010deo je svoju pri\u010du za <a href=\"https:\/\/www.24sata.hr\/sport\/bivsi-nogometas-splita-bori-se-s-opakom-bolesti-rebic-i-perisic-su-uz-mene-obitelj-mi-je-sve-1110412?fbclid=IwY2xjawQLFOpleHRuA2FlbQIxMABicmlkETFKSmt4ejZnZ01GV080ZERyc3J0YwZhcHBfaWQQMjIyMDM5MTc4ODIwMDg5MgABHtB5SLuRzmeNRV5VToi2LG8GSbIYVLD_fBrVThRM0ZEGHd5ssfghL7h2qcl__aem_9NxonFK8O_m6z8Bl_SS7GA\" target=\"_blank\" rel=\"noopener\"><strong>24 sata<\/strong><\/a>\u00a0Ante.<\/p>\n<p>U Splitu ga je do\u010dekala svla\u010dionica krcata ozbiljnim imenima, od <strong>Kri\u017eanca\u00a0<\/strong>i\u00a0<strong>\u010copa<\/strong>, preko <strong>Rebi\u0107a\u00a0<\/strong>i\u00a0<strong>Vojnovi\u0107a<\/strong>, do <strong>Ercega<\/strong>,\u00a0<strong>Vitai\u0107a<\/strong>,\u00a0<strong>Hrgovi\u0107a<\/strong>&#8230;. Nije bilo lako izboriti se za mjesto, ali uspio je. I tu je upoznao imenjaka Rebi\u0107a.<\/p>\n<p>&#8211; Bio je mla\u0111i, ali odmah se vidjelo da je druga\u010diji, eksplozivan, brz i gladan pobjede. Imao je mentalitet da nikad ne odustaje i da uvijek ide do kraja. U toj mom\u010dadi bilo je puno mladih igra\u010da koji su htjeli napraviti iskorak i dokazati se. U to vrijeme nismo razmi\u0161ljali o reprezentaciji ni o velikim europskim klubovima. Bili smo samo momci koji \u017eele uspjeti. S vremenom se prirodno zbli\u017ei\u0161, svla\u010dionica te pove\u017ee. Dijelite iste snove, iste strahove, isti pritisak. Igrali smo zajedno, putovali zajedno i prolazili kroz uspone i padove &#8211; rekao je Babi\u0107 i nastavio:<\/p>\n<p>&#8211; U toj mom\u010dadi bilo je stvarno puno jakih imena i karaktera. To nisu bili samo dobri igra\u010di, nego osobnosti. Svla\u010dionica je bila puna energije, iskustva i \u0161ale. Ako moram nekoga izdvojiti po posebnom duhu, onda je to svakako\u00a0<strong>Romano Obilinovi\u0107<\/strong>, pravi kralj svla\u010dionice. S njim nikad nije bilo dosadno. Najzanimljivija su bila putovanja na pripreme. To je bio mali cirkus, ali u najboljem smislu rije\u010di puno smijeha i zajedni\u0161tva. Jednom prilikom, na letu za Tursku, Obilinovi\u0107 je doslovno &#8216;plivao&#8217; prsno kroz avion izme\u0111u sjedala. Naravno, onda se od starih igra\u010da tra\u017ei da &#8216;posole ne\u0161to \u0161oldi&#8217; nakon predstave. Na\u0161a neslu\u017ebena himna bila je pjesma &#8216;Ovdje nitko nije normalan&#8217;,\u00a0i to vam dovoljno govori o atmosferi koja je tada vladala.<\/p>\n<p>Na\u017ealost, Antino tijelo nije uspijevalo pratiti snove, ozlijedio je koljeno, zatim gle\u017eanj, nakon sedam mjeseci pauze dijagnosticirana mu je epilepsija pa je morao svako malo kod lije\u010dnika&#8230; Poku\u0161avao se vratiti, ali nikada vi\u0161e nije zaigrao na vrhunskom nivou. No bez obzira na sve, nikad nije odustajao.<\/p>\n<p>&#8211; Put me dalje vodio kroz Hrvatski dragovoljac, Neretvanac, Dugopolje, kratko i u Dansku. Vratio sam se jer sam odlu\u010dio da je vrijeme za mirniji \u017eivot uz obitelj. Ponovno sam zaigrao za Split, paralelno igrao mali nogomet za Vrgorac. Igrao sam do 2023. godine, kada sam se odlu\u010dio oprostiti od ozbiljnijeg nogometa. Nedugo nakon toga stigla je dijagnoza koja je otvorila novo, puno te\u017ee poglavlje. U\u0161ao sam u novu borbu i,\u00a0kao i uvijek, poku\u0161avam je voditi s osmijehom i vjerom.<\/p>\n<p>Karijeru Ante Rebi\u0107a je cijelo to vrijeme pratio.<\/p>\n<p>&#8211; Putevi su nam se razi\u0161li, ali uvijek sam pratio Rebu i njegov put i iskreno navijao za njegov uspjeh. Kad je postao veliko ime i reprezentativac, nisam od onih koji zovu i name\u0107u se, ne volim nikoga optere\u0107ivati. Zato me njegov poziv na utakmicu i poklonjeni dres posebno dirnuo. Pokazao mi je da je ostao isti onaj de\u010dko iz svla\u010dionice,\u00a0samo zreliji. Temperament na terenu i dalje je tu, zato je i sjedio sa mnom na tribinama jer je zaradio \u010detiri \u017euta kartona, ali to je dio njega, ba\u0161 zato je poseban.<\/p>\n<p>&#8211; Sve je pripremio moj prijatelj\u00a0<strong>Mirko \u017daja\u00a0<\/strong>koji radi u Hajdukovoj skautskoj slu\u017ebi. Odlu\u010dio mi je prirediti iznena\u0111enje, pripremio je Hajdukov dres s mojim imenom i dao da ga potpi\u0161u svi igra\u010di. Kad je Ante Rebi\u0107 \u010duo da se radi o meni, odlu\u010dio je napraviti korak dalje. Organizirali su da do\u0111em na utakmicu protiv Rijeke, a kako on nije igrao, utakmicu smo gledali zajedno. I sve su to organizirali i izveli u tajnosti, u dogovoru s mojom suprugom <strong>Kristinom\u00a0<\/strong>koja je uspjela sa\u010duvati tajnu. Kad sam shvatio \u0161to su mi pripremili, stvarno me iznenadilo i dirnulo. U tim trenucima shvati\u0161 koliko male geste zna\u010de i koliko ljudi oko tebe imaju veliko srce.<\/p>\n<p>&#8211; Ante je uvijek imao \u010disto srce. Oduvijek je bio netko tko poma\u017ee bez velike pri\u010de i bez potrebe da se to javno isti\u010de. Meni, hvala Bogu, nikada nije trebalo tra\u017eiti konkretnu pomo\u0107 i zato ga nisam dovodio u tu situaciju. Ali ne sumnjam ni sekunde da bi bio tu kad bi trebalo.<\/p>\n<p>Cijeli \u010dlanak mo\u017eete pro\u010ditati\u00a0<a href=\"https:\/\/www.24sata.hr\/sport\/bivsi-nogometas-splita-bori-se-s-opakom-bolesti-rebic-i-perisic-su-uz-mene-obitelj-mi-je-sve-1110412?fbclid=IwY2xjawQLFOpleHRuA2FlbQIxMABicmlkETFKSmt4ejZnZ01GV080ZERyc3J0YwZhcHBfaWQQMjIyMDM5MTc4ODIwMDg5MgABHtB5SLuRzmeNRV5VToi2LG8GSbIYVLD_fBrVThRM0ZEGHd5ssfghL7h2qcl__aem_9NxonFK8O_m6z8Bl_SS7GA\" target=\"_blank\" rel=\"noopener\"><strong>ovdje<\/strong><\/a>.<\/p>\n","protected":false},"excerpt":{"rendered":"<p>Fotografija Ante Babi\u0107a (36) i njegovog imenjaka Rebi\u0107a (32) u lo\u017ei Poljuda za vrijeme jadranskog derbija izme\u0111u Hajduka i Rijeke (1-0) otkrila je posebnu \u017eivotnu pri\u010du o \u010dovjeku koji se nakon borbe na sportskom terenu na\u0161ao u borbi za normalan \u017eivot, i njegovom nekada\u0161njem suigra\u010du, danas prijatelju koji mu je podr\u0161ka na tom putu. I ne samo on, nego i mnogi drugi koji su stali uz njega u te\u0161koj situaciji u kojoj se na\u0161ao. Ante Babi\u0107 ro\u0111en je u Dubrovniku, odrastao je u Komarni koja je danas poznata po Pelje\u0161kom mostu. Osnovnu \u0161kolu zavr\u0161io je u Opuzenu, srednju u Metkovi\u0107u, [&hellip;]<\/p>\n","protected":false},"author":2,"featured_media":3127,"comment_status":"open","ping_status":"open","sticky":false,"template":"","format":"standard","meta":{"footnotes":""},"categories":[147,143,157],"tags":[251],"class_list":["post-3126","post","type-post","status-publish","format-standard","has-post-thumbnail","hentry","category-izdvojeno","category-opuzen","category-sport","tag-ante-babic"],"yoast_head":"<!-- This site is optimized with the Yoast SEO plugin v26.3 - https:\/\/yoast.com\/wordpress\/plugins\/seo\/ -->\n<title>Iz Opuzena do Poljuda, pa u najte\u017eu \u017eivotnu borbu: Ante Babi\u0107 ne odustaje - Klik Opuzen<\/title>\n<meta name=\"robots\" content=\"index, follow, max-snippet:-1, max-image-preview:large, max-video-preview:-1\" \/>\n<link rel=\"canonical\" href=\"https:\/\/klikploce.com.hr\/opuzen\/iz-opuzena-do-poljuda-pa-u-najtezu-zivotnu-borbu-ante-babic-ne-odustaje\/\" \/>\n<meta property=\"og:locale\" content=\"hr_HR\" \/>\n<meta property=\"og:type\" content=\"article\" \/>\n<meta property=\"og:title\" content=\"Iz Opuzena do Poljuda, pa u najte\u017eu \u017eivotnu borbu: Ante Babi\u0107 ne odustaje - Klik Opuzen\" \/>\n<meta property=\"og:description\" content=\"Fotografija Ante Babi\u0107a (36) i njegovog imenjaka Rebi\u0107a (32) u lo\u017ei Poljuda za vrijeme jadranskog derbija izme\u0111u Hajduka i Rijeke (1-0) otkrila je posebnu \u017eivotnu pri\u010du o \u010dovjeku koji se nakon borbe na sportskom terenu na\u0161ao u borbi za normalan \u017eivot, i njegovom nekada\u0161njem suigra\u010du, danas prijatelju koji mu je podr\u0161ka na tom putu. I ne samo on, nego i mnogi drugi koji su stali uz njega u te\u0161koj situaciji u kojoj se na\u0161ao. Ante Babi\u0107 ro\u0111en je u Dubrovniku, odrastao je u Komarni koja je danas poznata po Pelje\u0161kom mostu. Osnovnu \u0161kolu zavr\u0161io je u Opuzenu, srednju u Metkovi\u0107u, [&hellip;]\" \/>\n<meta property=\"og:url\" content=\"https:\/\/klikploce.com.hr\/opuzen\/iz-opuzena-do-poljuda-pa-u-najtezu-zivotnu-borbu-ante-babic-ne-odustaje\/\" \/>\n<meta property=\"og:site_name\" content=\"Klik Opuzen\" \/>\n<meta property=\"article:publisher\" content=\"https:\/\/www.facebook.com\/klik.ploce\" \/>\n<meta property=\"article:published_time\" content=\"2026-02-25T09:22:53+00:00\" \/>\n<meta property=\"og:image\" content=\"https:\/\/klikploce.com.hr\/opuzen\/wp-content\/uploads\/2026\/02\/whatsapp-image-2026-02-23-at-21-49-31-1-censored.jpg\" \/>\n\t<meta property=\"og:image:width\" content=\"1656\" \/>\n\t<meta property=\"og:image:height\" content=\"1276\" \/>\n\t<meta property=\"og:image:type\" content=\"image\/jpeg\" \/>\n<meta name=\"author\" content=\"Klik Opuzen\" \/>\n<meta name=\"twitter:card\" content=\"summary_large_image\" \/>\n<meta name=\"twitter:label1\" content=\"Napisao\/la\" \/>\n\t<meta name=\"twitter:data1\" content=\"Klik Opuzen\" \/>\n\t<meta name=\"twitter:label2\" content=\"Procijenjeno vrijeme \u010ditanja\" \/>\n\t<meta name=\"twitter:data2\" content=\"6 minuta\" \/>\n<script type=\"application\/ld+json\" class=\"yoast-schema-graph\">{\"@context\":\"https:\/\/schema.org\",\"@graph\":[{\"@type\":\"Article\",\"@id\":\"https:\/\/klikploce.com.hr\/opuzen\/iz-opuzena-do-poljuda-pa-u-najtezu-zivotnu-borbu-ante-babic-ne-odustaje\/#article\",\"isPartOf\":{\"@id\":\"https:\/\/klikploce.com.hr\/opuzen\/iz-opuzena-do-poljuda-pa-u-najtezu-zivotnu-borbu-ante-babic-ne-odustaje\/\"},\"author\":{\"name\":\"Klik Opuzen\",\"@id\":\"https:\/\/klikploce.com.hr\/opuzen\/#\/schema\/person\/b85ea61b159cb5355f1c77fda4341407\"},\"headline\":\"Iz Opuzena do Poljuda, pa u najte\u017eu \u017eivotnu borbu: Ante Babi\u0107 ne odustaje\",\"datePublished\":\"2026-02-25T09:22:53+00:00\",\"mainEntityOfPage\":{\"@id\":\"https:\/\/klikploce.com.hr\/opuzen\/iz-opuzena-do-poljuda-pa-u-najtezu-zivotnu-borbu-ante-babic-ne-odustaje\/\"},\"wordCount\":997,\"commentCount\":0,\"publisher\":{\"@id\":\"https:\/\/klikploce.com.hr\/opuzen\/#organization\"},\"image\":{\"@id\":\"https:\/\/klikploce.com.hr\/opuzen\/iz-opuzena-do-poljuda-pa-u-najtezu-zivotnu-borbu-ante-babic-ne-odustaje\/#primaryimage\"},\"thumbnailUrl\":\"https:\/\/klikploce.com.hr\/opuzen\/wp-content\/uploads\/2026\/02\/whatsapp-image-2026-02-23-at-21-49-31-1-censored.jpg\",\"keywords\":[\"ante babi\u0107\"],\"articleSection\":[\"Izdvojeno\",\"Opuzen\",\"Sport\"],\"inLanguage\":\"hr\",\"potentialAction\":[{\"@type\":\"CommentAction\",\"name\":\"Comment\",\"target\":[\"https:\/\/klikploce.com.hr\/opuzen\/iz-opuzena-do-poljuda-pa-u-najtezu-zivotnu-borbu-ante-babic-ne-odustaje\/#respond\"]}]},{\"@type\":\"WebPage\",\"@id\":\"https:\/\/klikploce.com.hr\/opuzen\/iz-opuzena-do-poljuda-pa-u-najtezu-zivotnu-borbu-ante-babic-ne-odustaje\/\",\"url\":\"https:\/\/klikploce.com.hr\/opuzen\/iz-opuzena-do-poljuda-pa-u-najtezu-zivotnu-borbu-ante-babic-ne-odustaje\/\",\"name\":\"Iz Opuzena do Poljuda, pa u najte\u017eu \u017eivotnu borbu: Ante Babi\u0107 ne odustaje - Klik Opuzen\",\"isPartOf\":{\"@id\":\"https:\/\/klikploce.com.hr\/opuzen\/#website\"},\"primaryImageOfPage\":{\"@id\":\"https:\/\/klikploce.com.hr\/opuzen\/iz-opuzena-do-poljuda-pa-u-najtezu-zivotnu-borbu-ante-babic-ne-odustaje\/#primaryimage\"},\"image\":{\"@id\":\"https:\/\/klikploce.com.hr\/opuzen\/iz-opuzena-do-poljuda-pa-u-najtezu-zivotnu-borbu-ante-babic-ne-odustaje\/#primaryimage\"},\"thumbnailUrl\":\"https:\/\/klikploce.com.hr\/opuzen\/wp-content\/uploads\/2026\/02\/whatsapp-image-2026-02-23-at-21-49-31-1-censored.jpg\",\"datePublished\":\"2026-02-25T09:22:53+00:00\",\"breadcrumb\":{\"@id\":\"https:\/\/klikploce.com.hr\/opuzen\/iz-opuzena-do-poljuda-pa-u-najtezu-zivotnu-borbu-ante-babic-ne-odustaje\/#breadcrumb\"},\"inLanguage\":\"hr\",\"potentialAction\":[{\"@type\":\"ReadAction\",\"target\":[\"https:\/\/klikploce.com.hr\/opuzen\/iz-opuzena-do-poljuda-pa-u-najtezu-zivotnu-borbu-ante-babic-ne-odustaje\/\"]}]},{\"@type\":\"ImageObject\",\"inLanguage\":\"hr\",\"@id\":\"https:\/\/klikploce.com.hr\/opuzen\/iz-opuzena-do-poljuda-pa-u-najtezu-zivotnu-borbu-ante-babic-ne-odustaje\/#primaryimage\",\"url\":\"https:\/\/klikploce.com.hr\/opuzen\/wp-content\/uploads\/2026\/02\/whatsapp-image-2026-02-23-at-21-49-31-1-censored.jpg\",\"contentUrl\":\"https:\/\/klikploce.com.hr\/opuzen\/wp-content\/uploads\/2026\/02\/whatsapp-image-2026-02-23-at-21-49-31-1-censored.jpg\",\"width\":1656,\"height\":1276},{\"@type\":\"BreadcrumbList\",\"@id\":\"https:\/\/klikploce.com.hr\/opuzen\/iz-opuzena-do-poljuda-pa-u-najtezu-zivotnu-borbu-ante-babic-ne-odustaje\/#breadcrumb\",\"itemListElement\":[{\"@type\":\"ListItem\",\"position\":1,\"name\":\"Po\u010detna stranica\",\"item\":\"https:\/\/klikploce.com.hr\/opuzen\/\"},{\"@type\":\"ListItem\",\"position\":2,\"name\":\"Iz Opuzena do Poljuda, pa u najte\u017eu \u017eivotnu borbu: Ante Babi\u0107 ne odustaje\"}]},{\"@type\":\"WebSite\",\"@id\":\"https:\/\/klikploce.com.hr\/opuzen\/#website\",\"url\":\"https:\/\/klikploce.com.hr\/opuzen\/\",\"name\":\"Klik Opuzen\",\"description\":\"\",\"publisher\":{\"@id\":\"https:\/\/klikploce.com.hr\/opuzen\/#organization\"},\"potentialAction\":[{\"@type\":\"SearchAction\",\"target\":{\"@type\":\"EntryPoint\",\"urlTemplate\":\"https:\/\/klikploce.com.hr\/opuzen\/?s={search_term_string}\"},\"query-input\":{\"@type\":\"PropertyValueSpecification\",\"valueRequired\":true,\"valueName\":\"search_term_string\"}}],\"inLanguage\":\"hr\"},{\"@type\":\"Organization\",\"@id\":\"https:\/\/klikploce.com.hr\/opuzen\/#organization\",\"name\":\"Klik Opuzen\",\"url\":\"https:\/\/klikploce.com.hr\/opuzen\/\",\"logo\":{\"@type\":\"ImageObject\",\"inLanguage\":\"hr\",\"@id\":\"https:\/\/klikploce.com.hr\/opuzen\/#\/schema\/logo\/image\/\",\"url\":\"https:\/\/klikploce.com.hr\/opuzen\/wp-content\/uploads\/2025\/09\/KLIK-Opuzen.png\",\"contentUrl\":\"https:\/\/klikploce.com.hr\/opuzen\/wp-content\/uploads\/2025\/09\/KLIK-Opuzen.png\",\"width\":849,\"height\":222,\"caption\":\"Klik Opuzen\"},\"image\":{\"@id\":\"https:\/\/klikploce.com.hr\/opuzen\/#\/schema\/logo\/image\/\"},\"sameAs\":[\"https:\/\/www.facebook.com\/klik.ploce\"]},{\"@type\":\"Person\",\"@id\":\"https:\/\/klikploce.com.hr\/opuzen\/#\/schema\/person\/b85ea61b159cb5355f1c77fda4341407\",\"name\":\"Klik Opuzen\",\"image\":{\"@type\":\"ImageObject\",\"inLanguage\":\"hr\",\"@id\":\"https:\/\/klikploce.com.hr\/opuzen\/#\/schema\/person\/image\/\",\"url\":\"https:\/\/secure.gravatar.com\/avatar\/8da98b2203f72dd20af5e6c35a035011808c19454706473a25dd256759a6f3e7?s=96&d=mm&r=g\",\"contentUrl\":\"https:\/\/secure.gravatar.com\/avatar\/8da98b2203f72dd20af5e6c35a035011808c19454706473a25dd256759a6f3e7?s=96&d=mm&r=g\",\"caption\":\"Klik Opuzen\"},\"url\":\"https:\/\/klikploce.com.hr\/opuzen\/author\/opuzen\/\"}]}<\/script>\n<!-- \/ Yoast SEO plugin. -->","yoast_head_json":{"title":"Iz Opuzena do Poljuda, pa u najte\u017eu \u017eivotnu borbu: Ante Babi\u0107 ne odustaje - Klik Opuzen","robots":{"index":"index","follow":"follow","max-snippet":"max-snippet:-1","max-image-preview":"max-image-preview:large","max-video-preview":"max-video-preview:-1"},"canonical":"https:\/\/klikploce.com.hr\/opuzen\/iz-opuzena-do-poljuda-pa-u-najtezu-zivotnu-borbu-ante-babic-ne-odustaje\/","og_locale":"hr_HR","og_type":"article","og_title":"Iz Opuzena do Poljuda, pa u najte\u017eu \u017eivotnu borbu: Ante Babi\u0107 ne odustaje - Klik Opuzen","og_description":"Fotografija Ante Babi\u0107a (36) i njegovog imenjaka Rebi\u0107a (32) u lo\u017ei Poljuda za vrijeme jadranskog derbija izme\u0111u Hajduka i Rijeke (1-0) otkrila je posebnu \u017eivotnu pri\u010du o \u010dovjeku koji se nakon borbe na sportskom terenu na\u0161ao u borbi za normalan \u017eivot, i njegovom nekada\u0161njem suigra\u010du, danas prijatelju koji mu je podr\u0161ka na tom putu. I ne samo on, nego i mnogi drugi koji su stali uz njega u te\u0161koj situaciji u kojoj se na\u0161ao. Ante Babi\u0107 ro\u0111en je u Dubrovniku, odrastao je u Komarni koja je danas poznata po Pelje\u0161kom mostu. Osnovnu \u0161kolu zavr\u0161io je u Opuzenu, srednju u Metkovi\u0107u, [&hellip;]","og_url":"https:\/\/klikploce.com.hr\/opuzen\/iz-opuzena-do-poljuda-pa-u-najtezu-zivotnu-borbu-ante-babic-ne-odustaje\/","og_site_name":"Klik Opuzen","article_publisher":"https:\/\/www.facebook.com\/klik.ploce","article_published_time":"2026-02-25T09:22:53+00:00","og_image":[{"width":1656,"height":1276,"url":"https:\/\/klikploce.com.hr\/opuzen\/wp-content\/uploads\/2026\/02\/whatsapp-image-2026-02-23-at-21-49-31-1-censored.jpg","type":"image\/jpeg"}],"author":"Klik Opuzen","twitter_card":"summary_large_image","twitter_misc":{"Napisao\/la":"Klik Opuzen","Procijenjeno vrijeme \u010ditanja":"6 minuta"},"schema":{"@context":"https:\/\/schema.org","@graph":[{"@type":"Article","@id":"https:\/\/klikploce.com.hr\/opuzen\/iz-opuzena-do-poljuda-pa-u-najtezu-zivotnu-borbu-ante-babic-ne-odustaje\/#article","isPartOf":{"@id":"https:\/\/klikploce.com.hr\/opuzen\/iz-opuzena-do-poljuda-pa-u-najtezu-zivotnu-borbu-ante-babic-ne-odustaje\/"},"author":{"name":"Klik Opuzen","@id":"https:\/\/klikploce.com.hr\/opuzen\/#\/schema\/person\/b85ea61b159cb5355f1c77fda4341407"},"headline":"Iz Opuzena do Poljuda, pa u najte\u017eu \u017eivotnu borbu: Ante Babi\u0107 ne odustaje","datePublished":"2026-02-25T09:22:53+00:00","mainEntityOfPage":{"@id":"https:\/\/klikploce.com.hr\/opuzen\/iz-opuzena-do-poljuda-pa-u-najtezu-zivotnu-borbu-ante-babic-ne-odustaje\/"},"wordCount":997,"commentCount":0,"publisher":{"@id":"https:\/\/klikploce.com.hr\/opuzen\/#organization"},"image":{"@id":"https:\/\/klikploce.com.hr\/opuzen\/iz-opuzena-do-poljuda-pa-u-najtezu-zivotnu-borbu-ante-babic-ne-odustaje\/#primaryimage"},"thumbnailUrl":"https:\/\/klikploce.com.hr\/opuzen\/wp-content\/uploads\/2026\/02\/whatsapp-image-2026-02-23-at-21-49-31-1-censored.jpg","keywords":["ante babi\u0107"],"articleSection":["Izdvojeno","Opuzen","Sport"],"inLanguage":"hr","potentialAction":[{"@type":"CommentAction","name":"Comment","target":["https:\/\/klikploce.com.hr\/opuzen\/iz-opuzena-do-poljuda-pa-u-najtezu-zivotnu-borbu-ante-babic-ne-odustaje\/#respond"]}]},{"@type":"WebPage","@id":"https:\/\/klikploce.com.hr\/opuzen\/iz-opuzena-do-poljuda-pa-u-najtezu-zivotnu-borbu-ante-babic-ne-odustaje\/","url":"https:\/\/klikploce.com.hr\/opuzen\/iz-opuzena-do-poljuda-pa-u-najtezu-zivotnu-borbu-ante-babic-ne-odustaje\/","name":"Iz Opuzena do Poljuda, pa u najte\u017eu \u017eivotnu borbu: Ante Babi\u0107 ne odustaje - Klik Opuzen","isPartOf":{"@id":"https:\/\/klikploce.com.hr\/opuzen\/#website"},"primaryImageOfPage":{"@id":"https:\/\/klikploce.com.hr\/opuzen\/iz-opuzena-do-poljuda-pa-u-najtezu-zivotnu-borbu-ante-babic-ne-odustaje\/#primaryimage"},"image":{"@id":"https:\/\/klikploce.com.hr\/opuzen\/iz-opuzena-do-poljuda-pa-u-najtezu-zivotnu-borbu-ante-babic-ne-odustaje\/#primaryimage"},"thumbnailUrl":"https:\/\/klikploce.com.hr\/opuzen\/wp-content\/uploads\/2026\/02\/whatsapp-image-2026-02-23-at-21-49-31-1-censored.jpg","datePublished":"2026-02-25T09:22:53+00:00","breadcrumb":{"@id":"https:\/\/klikploce.com.hr\/opuzen\/iz-opuzena-do-poljuda-pa-u-najtezu-zivotnu-borbu-ante-babic-ne-odustaje\/#breadcrumb"},"inLanguage":"hr","potentialAction":[{"@type":"ReadAction","target":["https:\/\/klikploce.com.hr\/opuzen\/iz-opuzena-do-poljuda-pa-u-najtezu-zivotnu-borbu-ante-babic-ne-odustaje\/"]}]},{"@type":"ImageObject","inLanguage":"hr","@id":"https:\/\/klikploce.com.hr\/opuzen\/iz-opuzena-do-poljuda-pa-u-najtezu-zivotnu-borbu-ante-babic-ne-odustaje\/#primaryimage","url":"https:\/\/klikploce.com.hr\/opuzen\/wp-content\/uploads\/2026\/02\/whatsapp-image-2026-02-23-at-21-49-31-1-censored.jpg","contentUrl":"https:\/\/klikploce.com.hr\/opuzen\/wp-content\/uploads\/2026\/02\/whatsapp-image-2026-02-23-at-21-49-31-1-censored.jpg","width":1656,"height":1276},{"@type":"BreadcrumbList","@id":"https:\/\/klikploce.com.hr\/opuzen\/iz-opuzena-do-poljuda-pa-u-najtezu-zivotnu-borbu-ante-babic-ne-odustaje\/#breadcrumb","itemListElement":[{"@type":"ListItem","position":1,"name":"Po\u010detna stranica","item":"https:\/\/klikploce.com.hr\/opuzen\/"},{"@type":"ListItem","position":2,"name":"Iz Opuzena do Poljuda, pa u najte\u017eu \u017eivotnu borbu: Ante Babi\u0107 ne odustaje"}]},{"@type":"WebSite","@id":"https:\/\/klikploce.com.hr\/opuzen\/#website","url":"https:\/\/klikploce.com.hr\/opuzen\/","name":"Klik Opuzen","description":"","publisher":{"@id":"https:\/\/klikploce.com.hr\/opuzen\/#organization"},"potentialAction":[{"@type":"SearchAction","target":{"@type":"EntryPoint","urlTemplate":"https:\/\/klikploce.com.hr\/opuzen\/?s={search_term_string}"},"query-input":{"@type":"PropertyValueSpecification","valueRequired":true,"valueName":"search_term_string"}}],"inLanguage":"hr"},{"@type":"Organization","@id":"https:\/\/klikploce.com.hr\/opuzen\/#organization","name":"Klik Opuzen","url":"https:\/\/klikploce.com.hr\/opuzen\/","logo":{"@type":"ImageObject","inLanguage":"hr","@id":"https:\/\/klikploce.com.hr\/opuzen\/#\/schema\/logo\/image\/","url":"https:\/\/klikploce.com.hr\/opuzen\/wp-content\/uploads\/2025\/09\/KLIK-Opuzen.png","contentUrl":"https:\/\/klikploce.com.hr\/opuzen\/wp-content\/uploads\/2025\/09\/KLIK-Opuzen.png","width":849,"height":222,"caption":"Klik Opuzen"},"image":{"@id":"https:\/\/klikploce.com.hr\/opuzen\/#\/schema\/logo\/image\/"},"sameAs":["https:\/\/www.facebook.com\/klik.ploce"]},{"@type":"Person","@id":"https:\/\/klikploce.com.hr\/opuzen\/#\/schema\/person\/b85ea61b159cb5355f1c77fda4341407","name":"Klik Opuzen","image":{"@type":"ImageObject","inLanguage":"hr","@id":"https:\/\/klikploce.com.hr\/opuzen\/#\/schema\/person\/image\/","url":"https:\/\/secure.gravatar.com\/avatar\/8da98b2203f72dd20af5e6c35a035011808c19454706473a25dd256759a6f3e7?s=96&d=mm&r=g","contentUrl":"https:\/\/secure.gravatar.com\/avatar\/8da98b2203f72dd20af5e6c35a035011808c19454706473a25dd256759a6f3e7?s=96&d=mm&r=g","caption":"Klik Opuzen"},"url":"https:\/\/klikploce.com.hr\/opuzen\/author\/opuzen\/"}]}},"_links":{"self":[{"href":"https:\/\/klikploce.com.hr\/opuzen\/wp-json\/wp\/v2\/posts\/3126","targetHints":{"allow":["GET"]}}],"collection":[{"href":"https:\/\/klikploce.com.hr\/opuzen\/wp-json\/wp\/v2\/posts"}],"about":[{"href":"https:\/\/klikploce.com.hr\/opuzen\/wp-json\/wp\/v2\/types\/post"}],"author":[{"embeddable":true,"href":"https:\/\/klikploce.com.hr\/opuzen\/wp-json\/wp\/v2\/users\/2"}],"replies":[{"embeddable":true,"href":"https:\/\/klikploce.com.hr\/opuzen\/wp-json\/wp\/v2\/comments?post=3126"}],"version-history":[{"count":2,"href":"https:\/\/klikploce.com.hr\/opuzen\/wp-json\/wp\/v2\/posts\/3126\/revisions"}],"predecessor-version":[{"id":3129,"href":"https:\/\/klikploce.com.hr\/opuzen\/wp-json\/wp\/v2\/posts\/3126\/revisions\/3129"}],"wp:featuredmedia":[{"embeddable":true,"href":"https:\/\/klikploce.com.hr\/opuzen\/wp-json\/wp\/v2\/media\/3127"}],"wp:attachment":[{"href":"https:\/\/klikploce.com.hr\/opuzen\/wp-json\/wp\/v2\/media?parent=3126"}],"wp:term":[{"taxonomy":"category","embeddable":true,"href":"https:\/\/klikploce.com.hr\/opuzen\/wp-json\/wp\/v2\/categories?post=3126"},{"taxonomy":"post_tag","embeddable":true,"href":"https:\/\/klikploce.com.hr\/opuzen\/wp-json\/wp\/v2\/tags?post=3126"}],"curies":[{"name":"wp","href":"https:\/\/api.w.org\/{rel}","templated":true}]}}