{"id":3111,"date":"2026-02-22T16:49:21","date_gmt":"2026-02-22T15:49:21","guid":{"rendered":"https:\/\/klikploce.com.hr\/opuzen\/?p=3111"},"modified":"2026-02-22T16:49:21","modified_gmt":"2026-02-22T15:49:21","slug":"gradonacelnik-opuzena-ivan-mataga-uplovio-u-bracnu-luku","status":"publish","type":"post","link":"https:\/\/klikploce.com.hr\/opuzen\/gradonacelnik-opuzena-ivan-mataga-uplovio-u-bracnu-luku\/","title":{"rendered":"Gradona\u010delnik Opuzena Ivan Mataga uplovio u bra\u010dnu luku"},"content":{"rendered":"<p>Gradona\u010delnik Opuzena Ivan Mataga i njegova Magdalena sklopili su gra\u0111anski brak na sve\u010danosti odr\u017eanoj pred mati\u010darem, uz prisutnost kumova Ivane i Tonija.<\/p>\n<p>Sretnu vijest Mataga je podijelio i javno, istaknuv\u0161i kako je rije\u010d o prvom koraku prema crkvenom vjen\u010danju, odnosno sklapanju sakramenta \u017eenidbe. Gra\u0111anskom ceremonijom zapo\u010deli su novo \u017eivotno poglavlje, koje \u0107e uskoro biti zaokru\u017eeno i crkvenim obredom.<\/p>\n<p>\u017delimo im mnogo lijepih trenutaka na njihovom zajedni\u010dkom putu. Neka ovaj novi \u017eivotni po\u010detak bude ispunjen ljubavlju, me\u0111usobnim po\u0161tovanjem i sre\u0107om, a svaki zajedni\u010dki korak donese mir, razumijevanje i radost.<\/p>\n<p>Sretno mladencima! \u2764\ufe0f<\/p>\n<p style=\"text-align: center;\"><img loading=\"lazy\" decoding=\"async\" class=\"aligncenter size-full wp-image-3112\" src=\"https:\/\/klikploce.com.hr\/opuzen\/wp-content\/uploads\/2026\/02\/FB_IMG_1771772104178.jpg\" alt=\"\" width=\"1200\" height=\"1600\" \/><\/p>\n","protected":false},"excerpt":{"rendered":"<p>Gradona\u010delnik Opuzena Ivan Mataga i njegova Magdalena sklopili su gra\u0111anski brak na sve\u010danosti odr\u017eanoj pred mati\u010darem, uz prisutnost kumova Ivane i Tonija. Sretnu vijest Mataga je podijelio i javno, istaknuv\u0161i kako je rije\u010d o prvom koraku prema crkvenom vjen\u010danju, odnosno sklapanju sakramenta \u017eenidbe. Gra\u0111anskom ceremonijom zapo\u010deli su novo \u017eivotno poglavlje, koje \u0107e uskoro biti zaokru\u017eeno i crkvenim obredom. \u017delimo im mnogo lijepih trenutaka na njihovom zajedni\u010dkom putu. Neka ovaj novi \u017eivotni po\u010detak bude ispunjen ljubavlju, me\u0111usobnim po\u0161tovanjem i sre\u0107om, a svaki zajedni\u010dki korak donese mir, razumijevanje i radost. Sretno mladencima! \u2764\ufe0f<\/p>\n","protected":false},"author":2,"featured_media":3113,"comment_status":"open","ping_status":"open","sticky":false,"template":"","format":"standard","meta":{"footnotes":""},"categories":[147,143,144],"tags":[167,247],"class_list":["post-3111","post","type-post","status-publish","format-standard","has-post-thumbnail","hentry","category-izdvojeno","category-opuzen","category-zabava-i-kultura","tag-ivan-mataga","tag-magdalena-krvavac"],"yoast_head":"<!-- This site is optimized with the Yoast SEO plugin v26.3 - https:\/\/yoast.com\/wordpress\/plugins\/seo\/ -->\n<title>Gradona\u010delnik Opuzena Ivan Mataga uplovio u bra\u010dnu luku - Klik Opuzen<\/title>\n<meta name=\"robots\" content=\"index, follow, max-snippet:-1, max-image-preview:large, max-video-preview:-1\" \/>\n<link rel=\"canonical\" href=\"https:\/\/klikploce.com.hr\/opuzen\/gradonacelnik-opuzena-ivan-mataga-uplovio-u-bracnu-luku\/\" \/>\n<meta property=\"og:locale\" content=\"hr_HR\" \/>\n<meta property=\"og:type\" content=\"article\" \/>\n<meta property=\"og:title\" content=\"Gradona\u010delnik Opuzena Ivan Mataga uplovio u bra\u010dnu luku - Klik Opuzen\" \/>\n<meta property=\"og:description\" content=\"Gradona\u010delnik Opuzena Ivan Mataga i njegova Magdalena sklopili su gra\u0111anski brak na sve\u010danosti odr\u017eanoj pred mati\u010darem, uz prisutnost kumova Ivane i Tonija. Sretnu vijest Mataga je podijelio i javno, istaknuv\u0161i kako je rije\u010d o prvom koraku prema crkvenom vjen\u010danju, odnosno sklapanju sakramenta \u017eenidbe. Gra\u0111anskom ceremonijom zapo\u010deli su novo \u017eivotno poglavlje, koje \u0107e uskoro biti zaokru\u017eeno i crkvenim obredom. \u017delimo im mnogo lijepih trenutaka na njihovom zajedni\u010dkom putu. Neka ovaj novi \u017eivotni po\u010detak bude ispunjen ljubavlju, me\u0111usobnim po\u0161tovanjem i sre\u0107om, a svaki zajedni\u010dki korak donese mir, razumijevanje i radost. Sretno mladencima! \u2764\ufe0f\" \/>\n<meta property=\"og:url\" content=\"https:\/\/klikploce.com.hr\/opuzen\/gradonacelnik-opuzena-ivan-mataga-uplovio-u-bracnu-luku\/\" \/>\n<meta property=\"og:site_name\" content=\"Klik Opuzen\" \/>\n<meta property=\"article:publisher\" content=\"https:\/\/www.facebook.com\/klik.ploce\" \/>\n<meta property=\"article:published_time\" content=\"2026-02-22T15:49:21+00:00\" \/>\n<meta property=\"og:image\" content=\"https:\/\/klikploce.com.hr\/opuzen\/wp-content\/uploads\/2026\/02\/FB_IMG_1771772104178-1.jpg\" \/>\n\t<meta property=\"og:image:width\" content=\"1198\" \/>\n\t<meta property=\"og:image:height\" content=\"1041\" \/>\n\t<meta property=\"og:image:type\" content=\"image\/jpeg\" \/>\n<meta name=\"author\" content=\"Klik Opuzen\" \/>\n<meta name=\"twitter:card\" content=\"summary_large_image\" \/>\n<meta name=\"twitter:label1\" content=\"Napisao\/la\" \/>\n\t<meta name=\"twitter:data1\" content=\"Klik Opuzen\" \/>\n\t<meta name=\"twitter:label2\" content=\"Procijenjeno vrijeme \u010ditanja\" \/>\n\t<meta name=\"twitter:data2\" content=\"1 minuta\" \/>\n<script type=\"application\/ld+json\" class=\"yoast-schema-graph\">{\"@context\":\"https:\/\/schema.org\",\"@graph\":[{\"@type\":\"Article\",\"@id\":\"https:\/\/klikploce.com.hr\/opuzen\/gradonacelnik-opuzena-ivan-mataga-uplovio-u-bracnu-luku\/#article\",\"isPartOf\":{\"@id\":\"https:\/\/klikploce.com.hr\/opuzen\/gradonacelnik-opuzena-ivan-mataga-uplovio-u-bracnu-luku\/\"},\"author\":{\"name\":\"Klik Opuzen\",\"@id\":\"https:\/\/klikploce.com.hr\/opuzen\/#\/schema\/person\/b85ea61b159cb5355f1c77fda4341407\"},\"headline\":\"Gradona\u010delnik Opuzena Ivan Mataga uplovio u bra\u010dnu luku\",\"datePublished\":\"2026-02-22T15:49:21+00:00\",\"mainEntityOfPage\":{\"@id\":\"https:\/\/klikploce.com.hr\/opuzen\/gradonacelnik-opuzena-ivan-mataga-uplovio-u-bracnu-luku\/\"},\"wordCount\":116,\"commentCount\":0,\"publisher\":{\"@id\":\"https:\/\/klikploce.com.hr\/opuzen\/#organization\"},\"image\":{\"@id\":\"https:\/\/klikploce.com.hr\/opuzen\/gradonacelnik-opuzena-ivan-mataga-uplovio-u-bracnu-luku\/#primaryimage\"},\"thumbnailUrl\":\"https:\/\/klikploce.com.hr\/opuzen\/wp-content\/uploads\/2026\/02\/FB_IMG_1771772104178-1.jpg\",\"keywords\":[\"ivan mataga\",\"magdalena krvavac\"],\"articleSection\":[\"Izdvojeno\",\"Opuzen\",\"Zabava i kultura\"],\"inLanguage\":\"hr\",\"potentialAction\":[{\"@type\":\"CommentAction\",\"name\":\"Comment\",\"target\":[\"https:\/\/klikploce.com.hr\/opuzen\/gradonacelnik-opuzena-ivan-mataga-uplovio-u-bracnu-luku\/#respond\"]}]},{\"@type\":\"WebPage\",\"@id\":\"https:\/\/klikploce.com.hr\/opuzen\/gradonacelnik-opuzena-ivan-mataga-uplovio-u-bracnu-luku\/\",\"url\":\"https:\/\/klikploce.com.hr\/opuzen\/gradonacelnik-opuzena-ivan-mataga-uplovio-u-bracnu-luku\/\",\"name\":\"Gradona\u010delnik Opuzena Ivan Mataga uplovio u bra\u010dnu luku - Klik Opuzen\",\"isPartOf\":{\"@id\":\"https:\/\/klikploce.com.hr\/opuzen\/#website\"},\"primaryImageOfPage\":{\"@id\":\"https:\/\/klikploce.com.hr\/opuzen\/gradonacelnik-opuzena-ivan-mataga-uplovio-u-bracnu-luku\/#primaryimage\"},\"image\":{\"@id\":\"https:\/\/klikploce.com.hr\/opuzen\/gradonacelnik-opuzena-ivan-mataga-uplovio-u-bracnu-luku\/#primaryimage\"},\"thumbnailUrl\":\"https:\/\/klikploce.com.hr\/opuzen\/wp-content\/uploads\/2026\/02\/FB_IMG_1771772104178-1.jpg\",\"datePublished\":\"2026-02-22T15:49:21+00:00\",\"breadcrumb\":{\"@id\":\"https:\/\/klikploce.com.hr\/opuzen\/gradonacelnik-opuzena-ivan-mataga-uplovio-u-bracnu-luku\/#breadcrumb\"},\"inLanguage\":\"hr\",\"potentialAction\":[{\"@type\":\"ReadAction\",\"target\":[\"https:\/\/klikploce.com.hr\/opuzen\/gradonacelnik-opuzena-ivan-mataga-uplovio-u-bracnu-luku\/\"]}]},{\"@type\":\"ImageObject\",\"inLanguage\":\"hr\",\"@id\":\"https:\/\/klikploce.com.hr\/opuzen\/gradonacelnik-opuzena-ivan-mataga-uplovio-u-bracnu-luku\/#primaryimage\",\"url\":\"https:\/\/klikploce.com.hr\/opuzen\/wp-content\/uploads\/2026\/02\/FB_IMG_1771772104178-1.jpg\",\"contentUrl\":\"https:\/\/klikploce.com.hr\/opuzen\/wp-content\/uploads\/2026\/02\/FB_IMG_1771772104178-1.jpg\",\"width\":1198,\"height\":1041},{\"@type\":\"BreadcrumbList\",\"@id\":\"https:\/\/klikploce.com.hr\/opuzen\/gradonacelnik-opuzena-ivan-mataga-uplovio-u-bracnu-luku\/#breadcrumb\",\"itemListElement\":[{\"@type\":\"ListItem\",\"position\":1,\"name\":\"Po\u010detna stranica\",\"item\":\"https:\/\/klikploce.com.hr\/opuzen\/\"},{\"@type\":\"ListItem\",\"position\":2,\"name\":\"Gradona\u010delnik Opuzena Ivan Mataga uplovio u bra\u010dnu luku\"}]},{\"@type\":\"WebSite\",\"@id\":\"https:\/\/klikploce.com.hr\/opuzen\/#website\",\"url\":\"https:\/\/klikploce.com.hr\/opuzen\/\",\"name\":\"Klik Opuzen\",\"description\":\"\",\"publisher\":{\"@id\":\"https:\/\/klikploce.com.hr\/opuzen\/#organization\"},\"potentialAction\":[{\"@type\":\"SearchAction\",\"target\":{\"@type\":\"EntryPoint\",\"urlTemplate\":\"https:\/\/klikploce.com.hr\/opuzen\/?s={search_term_string}\"},\"query-input\":{\"@type\":\"PropertyValueSpecification\",\"valueRequired\":true,\"valueName\":\"search_term_string\"}}],\"inLanguage\":\"hr\"},{\"@type\":\"Organization\",\"@id\":\"https:\/\/klikploce.com.hr\/opuzen\/#organization\",\"name\":\"Klik Opuzen\",\"url\":\"https:\/\/klikploce.com.hr\/opuzen\/\",\"logo\":{\"@type\":\"ImageObject\",\"inLanguage\":\"hr\",\"@id\":\"https:\/\/klikploce.com.hr\/opuzen\/#\/schema\/logo\/image\/\",\"url\":\"https:\/\/klikploce.com.hr\/opuzen\/wp-content\/uploads\/2025\/09\/KLIK-Opuzen.png\",\"contentUrl\":\"https:\/\/klikploce.com.hr\/opuzen\/wp-content\/uploads\/2025\/09\/KLIK-Opuzen.png\",\"width\":849,\"height\":222,\"caption\":\"Klik Opuzen\"},\"image\":{\"@id\":\"https:\/\/klikploce.com.hr\/opuzen\/#\/schema\/logo\/image\/\"},\"sameAs\":[\"https:\/\/www.facebook.com\/klik.ploce\"]},{\"@type\":\"Person\",\"@id\":\"https:\/\/klikploce.com.hr\/opuzen\/#\/schema\/person\/b85ea61b159cb5355f1c77fda4341407\",\"name\":\"Klik Opuzen\",\"image\":{\"@type\":\"ImageObject\",\"inLanguage\":\"hr\",\"@id\":\"https:\/\/klikploce.com.hr\/opuzen\/#\/schema\/person\/image\/\",\"url\":\"https:\/\/secure.gravatar.com\/avatar\/8da98b2203f72dd20af5e6c35a035011808c19454706473a25dd256759a6f3e7?s=96&d=mm&r=g\",\"contentUrl\":\"https:\/\/secure.gravatar.com\/avatar\/8da98b2203f72dd20af5e6c35a035011808c19454706473a25dd256759a6f3e7?s=96&d=mm&r=g\",\"caption\":\"Klik Opuzen\"},\"url\":\"https:\/\/klikploce.com.hr\/opuzen\/author\/opuzen\/\"}]}<\/script>\n<!-- \/ Yoast SEO plugin. -->","yoast_head_json":{"title":"Gradona\u010delnik Opuzena Ivan Mataga uplovio u bra\u010dnu luku - Klik Opuzen","robots":{"index":"index","follow":"follow","max-snippet":"max-snippet:-1","max-image-preview":"max-image-preview:large","max-video-preview":"max-video-preview:-1"},"canonical":"https:\/\/klikploce.com.hr\/opuzen\/gradonacelnik-opuzena-ivan-mataga-uplovio-u-bracnu-luku\/","og_locale":"hr_HR","og_type":"article","og_title":"Gradona\u010delnik Opuzena Ivan Mataga uplovio u bra\u010dnu luku - Klik Opuzen","og_description":"Gradona\u010delnik Opuzena Ivan Mataga i njegova Magdalena sklopili su gra\u0111anski brak na sve\u010danosti odr\u017eanoj pred mati\u010darem, uz prisutnost kumova Ivane i Tonija. Sretnu vijest Mataga je podijelio i javno, istaknuv\u0161i kako je rije\u010d o prvom koraku prema crkvenom vjen\u010danju, odnosno sklapanju sakramenta \u017eenidbe. Gra\u0111anskom ceremonijom zapo\u010deli su novo \u017eivotno poglavlje, koje \u0107e uskoro biti zaokru\u017eeno i crkvenim obredom. \u017delimo im mnogo lijepih trenutaka na njihovom zajedni\u010dkom putu. Neka ovaj novi \u017eivotni po\u010detak bude ispunjen ljubavlju, me\u0111usobnim po\u0161tovanjem i sre\u0107om, a svaki zajedni\u010dki korak donese mir, razumijevanje i radost. Sretno mladencima! \u2764\ufe0f","og_url":"https:\/\/klikploce.com.hr\/opuzen\/gradonacelnik-opuzena-ivan-mataga-uplovio-u-bracnu-luku\/","og_site_name":"Klik Opuzen","article_publisher":"https:\/\/www.facebook.com\/klik.ploce","article_published_time":"2026-02-22T15:49:21+00:00","og_image":[{"width":1198,"height":1041,"url":"https:\/\/klikploce.com.hr\/opuzen\/wp-content\/uploads\/2026\/02\/FB_IMG_1771772104178-1.jpg","type":"image\/jpeg"}],"author":"Klik Opuzen","twitter_card":"summary_large_image","twitter_misc":{"Napisao\/la":"Klik Opuzen","Procijenjeno vrijeme \u010ditanja":"1 minuta"},"schema":{"@context":"https:\/\/schema.org","@graph":[{"@type":"Article","@id":"https:\/\/klikploce.com.hr\/opuzen\/gradonacelnik-opuzena-ivan-mataga-uplovio-u-bracnu-luku\/#article","isPartOf":{"@id":"https:\/\/klikploce.com.hr\/opuzen\/gradonacelnik-opuzena-ivan-mataga-uplovio-u-bracnu-luku\/"},"author":{"name":"Klik Opuzen","@id":"https:\/\/klikploce.com.hr\/opuzen\/#\/schema\/person\/b85ea61b159cb5355f1c77fda4341407"},"headline":"Gradona\u010delnik Opuzena Ivan Mataga uplovio u bra\u010dnu luku","datePublished":"2026-02-22T15:49:21+00:00","mainEntityOfPage":{"@id":"https:\/\/klikploce.com.hr\/opuzen\/gradonacelnik-opuzena-ivan-mataga-uplovio-u-bracnu-luku\/"},"wordCount":116,"commentCount":0,"publisher":{"@id":"https:\/\/klikploce.com.hr\/opuzen\/#organization"},"image":{"@id":"https:\/\/klikploce.com.hr\/opuzen\/gradonacelnik-opuzena-ivan-mataga-uplovio-u-bracnu-luku\/#primaryimage"},"thumbnailUrl":"https:\/\/klikploce.com.hr\/opuzen\/wp-content\/uploads\/2026\/02\/FB_IMG_1771772104178-1.jpg","keywords":["ivan mataga","magdalena krvavac"],"articleSection":["Izdvojeno","Opuzen","Zabava i kultura"],"inLanguage":"hr","potentialAction":[{"@type":"CommentAction","name":"Comment","target":["https:\/\/klikploce.com.hr\/opuzen\/gradonacelnik-opuzena-ivan-mataga-uplovio-u-bracnu-luku\/#respond"]}]},{"@type":"WebPage","@id":"https:\/\/klikploce.com.hr\/opuzen\/gradonacelnik-opuzena-ivan-mataga-uplovio-u-bracnu-luku\/","url":"https:\/\/klikploce.com.hr\/opuzen\/gradonacelnik-opuzena-ivan-mataga-uplovio-u-bracnu-luku\/","name":"Gradona\u010delnik Opuzena Ivan Mataga uplovio u bra\u010dnu luku - Klik Opuzen","isPartOf":{"@id":"https:\/\/klikploce.com.hr\/opuzen\/#website"},"primaryImageOfPage":{"@id":"https:\/\/klikploce.com.hr\/opuzen\/gradonacelnik-opuzena-ivan-mataga-uplovio-u-bracnu-luku\/#primaryimage"},"image":{"@id":"https:\/\/klikploce.com.hr\/opuzen\/gradonacelnik-opuzena-ivan-mataga-uplovio-u-bracnu-luku\/#primaryimage"},"thumbnailUrl":"https:\/\/klikploce.com.hr\/opuzen\/wp-content\/uploads\/2026\/02\/FB_IMG_1771772104178-1.jpg","datePublished":"2026-02-22T15:49:21+00:00","breadcrumb":{"@id":"https:\/\/klikploce.com.hr\/opuzen\/gradonacelnik-opuzena-ivan-mataga-uplovio-u-bracnu-luku\/#breadcrumb"},"inLanguage":"hr","potentialAction":[{"@type":"ReadAction","target":["https:\/\/klikploce.com.hr\/opuzen\/gradonacelnik-opuzena-ivan-mataga-uplovio-u-bracnu-luku\/"]}]},{"@type":"ImageObject","inLanguage":"hr","@id":"https:\/\/klikploce.com.hr\/opuzen\/gradonacelnik-opuzena-ivan-mataga-uplovio-u-bracnu-luku\/#primaryimage","url":"https:\/\/klikploce.com.hr\/opuzen\/wp-content\/uploads\/2026\/02\/FB_IMG_1771772104178-1.jpg","contentUrl":"https:\/\/klikploce.com.hr\/opuzen\/wp-content\/uploads\/2026\/02\/FB_IMG_1771772104178-1.jpg","width":1198,"height":1041},{"@type":"BreadcrumbList","@id":"https:\/\/klikploce.com.hr\/opuzen\/gradonacelnik-opuzena-ivan-mataga-uplovio-u-bracnu-luku\/#breadcrumb","itemListElement":[{"@type":"ListItem","position":1,"name":"Po\u010detna stranica","item":"https:\/\/klikploce.com.hr\/opuzen\/"},{"@type":"ListItem","position":2,"name":"Gradona\u010delnik Opuzena Ivan Mataga uplovio u bra\u010dnu luku"}]},{"@type":"WebSite","@id":"https:\/\/klikploce.com.hr\/opuzen\/#website","url":"https:\/\/klikploce.com.hr\/opuzen\/","name":"Klik Opuzen","description":"","publisher":{"@id":"https:\/\/klikploce.com.hr\/opuzen\/#organization"},"potentialAction":[{"@type":"SearchAction","target":{"@type":"EntryPoint","urlTemplate":"https:\/\/klikploce.com.hr\/opuzen\/?s={search_term_string}"},"query-input":{"@type":"PropertyValueSpecification","valueRequired":true,"valueName":"search_term_string"}}],"inLanguage":"hr"},{"@type":"Organization","@id":"https:\/\/klikploce.com.hr\/opuzen\/#organization","name":"Klik Opuzen","url":"https:\/\/klikploce.com.hr\/opuzen\/","logo":{"@type":"ImageObject","inLanguage":"hr","@id":"https:\/\/klikploce.com.hr\/opuzen\/#\/schema\/logo\/image\/","url":"https:\/\/klikploce.com.hr\/opuzen\/wp-content\/uploads\/2025\/09\/KLIK-Opuzen.png","contentUrl":"https:\/\/klikploce.com.hr\/opuzen\/wp-content\/uploads\/2025\/09\/KLIK-Opuzen.png","width":849,"height":222,"caption":"Klik Opuzen"},"image":{"@id":"https:\/\/klikploce.com.hr\/opuzen\/#\/schema\/logo\/image\/"},"sameAs":["https:\/\/www.facebook.com\/klik.ploce"]},{"@type":"Person","@id":"https:\/\/klikploce.com.hr\/opuzen\/#\/schema\/person\/b85ea61b159cb5355f1c77fda4341407","name":"Klik Opuzen","image":{"@type":"ImageObject","inLanguage":"hr","@id":"https:\/\/klikploce.com.hr\/opuzen\/#\/schema\/person\/image\/","url":"https:\/\/secure.gravatar.com\/avatar\/8da98b2203f72dd20af5e6c35a035011808c19454706473a25dd256759a6f3e7?s=96&d=mm&r=g","contentUrl":"https:\/\/secure.gravatar.com\/avatar\/8da98b2203f72dd20af5e6c35a035011808c19454706473a25dd256759a6f3e7?s=96&d=mm&r=g","caption":"Klik Opuzen"},"url":"https:\/\/klikploce.com.hr\/opuzen\/author\/opuzen\/"}]}},"_links":{"self":[{"href":"https:\/\/klikploce.com.hr\/opuzen\/wp-json\/wp\/v2\/posts\/3111","targetHints":{"allow":["GET"]}}],"collection":[{"href":"https:\/\/klikploce.com.hr\/opuzen\/wp-json\/wp\/v2\/posts"}],"about":[{"href":"https:\/\/klikploce.com.hr\/opuzen\/wp-json\/wp\/v2\/types\/post"}],"author":[{"embeddable":true,"href":"https:\/\/klikploce.com.hr\/opuzen\/wp-json\/wp\/v2\/users\/2"}],"replies":[{"embeddable":true,"href":"https:\/\/klikploce.com.hr\/opuzen\/wp-json\/wp\/v2\/comments?post=3111"}],"version-history":[{"count":1,"href":"https:\/\/klikploce.com.hr\/opuzen\/wp-json\/wp\/v2\/posts\/3111\/revisions"}],"predecessor-version":[{"id":3114,"href":"https:\/\/klikploce.com.hr\/opuzen\/wp-json\/wp\/v2\/posts\/3111\/revisions\/3114"}],"wp:featuredmedia":[{"embeddable":true,"href":"https:\/\/klikploce.com.hr\/opuzen\/wp-json\/wp\/v2\/media\/3113"}],"wp:attachment":[{"href":"https:\/\/klikploce.com.hr\/opuzen\/wp-json\/wp\/v2\/media?parent=3111"}],"wp:term":[{"taxonomy":"category","embeddable":true,"href":"https:\/\/klikploce.com.hr\/opuzen\/wp-json\/wp\/v2\/categories?post=3111"},{"taxonomy":"post_tag","embeddable":true,"href":"https:\/\/klikploce.com.hr\/opuzen\/wp-json\/wp\/v2\/tags?post=3111"}],"curies":[{"name":"wp","href":"https:\/\/api.w.org\/{rel}","templated":true}]}}