{"id":3099,"date":"2026-02-21T15:17:03","date_gmt":"2026-02-21T14:17:03","guid":{"rendered":"https:\/\/klikploce.com.hr\/opuzen\/?p=3099"},"modified":"2026-02-21T15:17:23","modified_gmt":"2026-02-21T14:17:23","slug":"sanacija-fontane-u-opuzenu-ulazi-u-zavrsnu-fazu-zavrsetak-radova-ocekuje-se-uskoro","status":"publish","type":"post","link":"https:\/\/klikploce.com.hr\/opuzen\/sanacija-fontane-u-opuzenu-ulazi-u-zavrsnu-fazu-zavrsetak-radova-ocekuje-se-uskoro\/","title":{"rendered":"Sanacija fontane u Opuzenu ulazi u zavr\u0161nu fazu, zavr\u0161etak radova o\u010dekuje se uskoro"},"content":{"rendered":"<p>Naslovna foto: Ivo O\u017ei\u0107<\/p>\n<p>Gradona\u010delnik Opuzena Ivan Mataga izvijestio je javnost kako je zavr\u0161ena prva faza sanacije gradske fontane, a dovr\u0161etak svih radova o\u010dekuje se u naredna dva tjedna, ako to dopuste vremenske prilike.<\/p>\n<p>Kako je naveo, radovi nisu zavr\u0161eni u planiranom roku tijekom 2025. godine zbog dugotrajnog ki\u0161nog razdoblja, no sada su uspje\u0161no privedeni kraju klju\u010dni zahvati prve faze. Oni su obuhvatili pripremu podloge, polaganje dva sloja izravnavaju\u0107e glet mase, bru\u0161enje te nano\u0161enje prvog sloja hidroizolacije na rubnim zidovima.<\/p>\n<p>U nastavku radova predvi\u0111eno je nano\u0161enje dvokomponentne epoksi smole na kamenu povr\u0161inu, \u010dime \u0107e se o\u010duvati vidljivost i autohtonost izvornog kamena, ali i osigurati dodatna za\u0161tita od vode i vremenskih utjecaja.<\/p>\n<p>Gradona\u010delnik Mataga istaknuo je kako \u0107e fontana nakon zavr\u0161etka radova dobiti novi izgled te ponovno biti u punoj funkciji s vodoskocima, \u010dime \u0107e dodatno obogatiti vizuru grada i javni prostor na zadovoljstvo gra\u0111ana.<\/p>\n<p style=\"text-align: center;\"><img loading=\"lazy\" decoding=\"async\" class=\"aligncenter size-full wp-image-3100\" src=\"https:\/\/klikploce.com.hr\/opuzen\/wp-content\/uploads\/2026\/02\/FB_IMG_1771683073943.jpg\" alt=\"\" width=\"2048\" height=\"1536\" \/> <img loading=\"lazy\" decoding=\"async\" class=\"aligncenter size-full wp-image-3101\" src=\"https:\/\/klikploce.com.hr\/opuzen\/wp-content\/uploads\/2026\/02\/FB_IMG_1771683076115.jpg\" alt=\"\" width=\"2048\" height=\"1536\" \/> <img loading=\"lazy\" decoding=\"async\" class=\"aligncenter size-full wp-image-3102\" src=\"https:\/\/klikploce.com.hr\/opuzen\/wp-content\/uploads\/2026\/02\/FB_IMG_1771683078708.jpg\" alt=\"\" width=\"2048\" height=\"1536\" \/><\/p>\n","protected":false},"excerpt":{"rendered":"<p>Naslovna foto: Ivo O\u017ei\u0107 Gradona\u010delnik Opuzena Ivan Mataga izvijestio je javnost kako je zavr\u0161ena prva faza sanacije gradske fontane, a dovr\u0161etak svih radova o\u010dekuje se u naredna dva tjedna, ako to dopuste vremenske prilike. Kako je naveo, radovi nisu zavr\u0161eni u planiranom roku tijekom 2025. godine zbog dugotrajnog ki\u0161nog razdoblja, no sada su uspje\u0161no privedeni kraju klju\u010dni zahvati prve faze. Oni su obuhvatili pripremu podloge, polaganje dva sloja izravnavaju\u0107e glet mase, bru\u0161enje te nano\u0161enje prvog sloja hidroizolacije na rubnim zidovima. U nastavku radova predvi\u0111eno je nano\u0161enje dvokomponentne epoksi smole na kamenu povr\u0161inu, \u010dime \u0107e se o\u010duvati vidljivost i autohtonost izvornog [&hellip;]<\/p>\n","protected":false},"author":2,"featured_media":3103,"comment_status":"open","ping_status":"open","sticky":false,"template":"","format":"standard","meta":{"footnotes":""},"categories":[147,158,143],"tags":[246,167],"class_list":["post-3099","post","type-post","status-publish","format-standard","has-post-thumbnail","hentry","category-izdvojeno","category-kultura","category-opuzen","tag-fontana","tag-ivan-mataga"],"yoast_head":"<!-- This site is optimized with the Yoast SEO plugin v26.3 - https:\/\/yoast.com\/wordpress\/plugins\/seo\/ -->\n<title>Sanacija fontane u Opuzenu ulazi u zavr\u0161nu fazu, zavr\u0161etak radova o\u010dekuje se uskoro - Klik Opuzen<\/title>\n<meta name=\"robots\" content=\"index, follow, max-snippet:-1, max-image-preview:large, max-video-preview:-1\" \/>\n<link rel=\"canonical\" href=\"https:\/\/klikploce.com.hr\/opuzen\/sanacija-fontane-u-opuzenu-ulazi-u-zavrsnu-fazu-zavrsetak-radova-ocekuje-se-uskoro\/\" \/>\n<meta property=\"og:locale\" content=\"hr_HR\" \/>\n<meta property=\"og:type\" content=\"article\" \/>\n<meta property=\"og:title\" content=\"Sanacija fontane u Opuzenu ulazi u zavr\u0161nu fazu, zavr\u0161etak radova o\u010dekuje se uskoro - Klik Opuzen\" \/>\n<meta property=\"og:description\" content=\"Naslovna foto: Ivo O\u017ei\u0107 Gradona\u010delnik Opuzena Ivan Mataga izvijestio je javnost kako je zavr\u0161ena prva faza sanacije gradske fontane, a dovr\u0161etak svih radova o\u010dekuje se u naredna dva tjedna, ako to dopuste vremenske prilike. Kako je naveo, radovi nisu zavr\u0161eni u planiranom roku tijekom 2025. godine zbog dugotrajnog ki\u0161nog razdoblja, no sada su uspje\u0161no privedeni kraju klju\u010dni zahvati prve faze. Oni su obuhvatili pripremu podloge, polaganje dva sloja izravnavaju\u0107e glet mase, bru\u0161enje te nano\u0161enje prvog sloja hidroizolacije na rubnim zidovima. U nastavku radova predvi\u0111eno je nano\u0161enje dvokomponentne epoksi smole na kamenu povr\u0161inu, \u010dime \u0107e se o\u010duvati vidljivost i autohtonost izvornog [&hellip;]\" \/>\n<meta property=\"og:url\" content=\"https:\/\/klikploce.com.hr\/opuzen\/sanacija-fontane-u-opuzenu-ulazi-u-zavrsnu-fazu-zavrsetak-radova-ocekuje-se-uskoro\/\" \/>\n<meta property=\"og:site_name\" content=\"Klik Opuzen\" \/>\n<meta property=\"article:publisher\" content=\"https:\/\/www.facebook.com\/klik.ploce\" \/>\n<meta property=\"article:published_time\" content=\"2026-02-21T14:17:03+00:00\" \/>\n<meta property=\"article:modified_time\" content=\"2026-02-21T14:17:23+00:00\" \/>\n<meta property=\"og:image\" content=\"https:\/\/klikploce.com.hr\/opuzen\/wp-content\/uploads\/2026\/02\/FB_IMG_1771683092969.jpg\" \/>\n\t<meta property=\"og:image:width\" content=\"2000\" \/>\n\t<meta property=\"og:image:height\" content=\"1500\" \/>\n\t<meta property=\"og:image:type\" content=\"image\/jpeg\" \/>\n<meta name=\"author\" content=\"Klik Opuzen\" \/>\n<meta name=\"twitter:card\" content=\"summary_large_image\" \/>\n<meta name=\"twitter:label1\" content=\"Napisao\/la\" \/>\n\t<meta name=\"twitter:data1\" content=\"Klik Opuzen\" \/>\n\t<meta name=\"twitter:label2\" content=\"Procijenjeno vrijeme \u010ditanja\" \/>\n\t<meta name=\"twitter:data2\" content=\"2 minute\" \/>\n<script type=\"application\/ld+json\" class=\"yoast-schema-graph\">{\"@context\":\"https:\/\/schema.org\",\"@graph\":[{\"@type\":\"Article\",\"@id\":\"https:\/\/klikploce.com.hr\/opuzen\/sanacija-fontane-u-opuzenu-ulazi-u-zavrsnu-fazu-zavrsetak-radova-ocekuje-se-uskoro\/#article\",\"isPartOf\":{\"@id\":\"https:\/\/klikploce.com.hr\/opuzen\/sanacija-fontane-u-opuzenu-ulazi-u-zavrsnu-fazu-zavrsetak-radova-ocekuje-se-uskoro\/\"},\"author\":{\"name\":\"Klik Opuzen\",\"@id\":\"https:\/\/klikploce.com.hr\/opuzen\/#\/schema\/person\/b85ea61b159cb5355f1c77fda4341407\"},\"headline\":\"Sanacija fontane u Opuzenu ulazi u zavr\u0161nu fazu, zavr\u0161etak radova o\u010dekuje se uskoro\",\"datePublished\":\"2026-02-21T14:17:03+00:00\",\"dateModified\":\"2026-02-21T14:17:23+00:00\",\"mainEntityOfPage\":{\"@id\":\"https:\/\/klikploce.com.hr\/opuzen\/sanacija-fontane-u-opuzenu-ulazi-u-zavrsnu-fazu-zavrsetak-radova-ocekuje-se-uskoro\/\"},\"wordCount\":179,\"commentCount\":0,\"publisher\":{\"@id\":\"https:\/\/klikploce.com.hr\/opuzen\/#organization\"},\"image\":{\"@id\":\"https:\/\/klikploce.com.hr\/opuzen\/sanacija-fontane-u-opuzenu-ulazi-u-zavrsnu-fazu-zavrsetak-radova-ocekuje-se-uskoro\/#primaryimage\"},\"thumbnailUrl\":\"https:\/\/klikploce.com.hr\/opuzen\/wp-content\/uploads\/2026\/02\/FB_IMG_1771683092969.jpg\",\"keywords\":[\"fontana\",\"ivan mataga\"],\"articleSection\":[\"Izdvojeno\",\"Kultura\",\"Opuzen\"],\"inLanguage\":\"hr\",\"potentialAction\":[{\"@type\":\"CommentAction\",\"name\":\"Comment\",\"target\":[\"https:\/\/klikploce.com.hr\/opuzen\/sanacija-fontane-u-opuzenu-ulazi-u-zavrsnu-fazu-zavrsetak-radova-ocekuje-se-uskoro\/#respond\"]}]},{\"@type\":\"WebPage\",\"@id\":\"https:\/\/klikploce.com.hr\/opuzen\/sanacija-fontane-u-opuzenu-ulazi-u-zavrsnu-fazu-zavrsetak-radova-ocekuje-se-uskoro\/\",\"url\":\"https:\/\/klikploce.com.hr\/opuzen\/sanacija-fontane-u-opuzenu-ulazi-u-zavrsnu-fazu-zavrsetak-radova-ocekuje-se-uskoro\/\",\"name\":\"Sanacija fontane u Opuzenu ulazi u zavr\u0161nu fazu, zavr\u0161etak radova o\u010dekuje se uskoro - Klik Opuzen\",\"isPartOf\":{\"@id\":\"https:\/\/klikploce.com.hr\/opuzen\/#website\"},\"primaryImageOfPage\":{\"@id\":\"https:\/\/klikploce.com.hr\/opuzen\/sanacija-fontane-u-opuzenu-ulazi-u-zavrsnu-fazu-zavrsetak-radova-ocekuje-se-uskoro\/#primaryimage\"},\"image\":{\"@id\":\"https:\/\/klikploce.com.hr\/opuzen\/sanacija-fontane-u-opuzenu-ulazi-u-zavrsnu-fazu-zavrsetak-radova-ocekuje-se-uskoro\/#primaryimage\"},\"thumbnailUrl\":\"https:\/\/klikploce.com.hr\/opuzen\/wp-content\/uploads\/2026\/02\/FB_IMG_1771683092969.jpg\",\"datePublished\":\"2026-02-21T14:17:03+00:00\",\"dateModified\":\"2026-02-21T14:17:23+00:00\",\"breadcrumb\":{\"@id\":\"https:\/\/klikploce.com.hr\/opuzen\/sanacija-fontane-u-opuzenu-ulazi-u-zavrsnu-fazu-zavrsetak-radova-ocekuje-se-uskoro\/#breadcrumb\"},\"inLanguage\":\"hr\",\"potentialAction\":[{\"@type\":\"ReadAction\",\"target\":[\"https:\/\/klikploce.com.hr\/opuzen\/sanacija-fontane-u-opuzenu-ulazi-u-zavrsnu-fazu-zavrsetak-radova-ocekuje-se-uskoro\/\"]}]},{\"@type\":\"ImageObject\",\"inLanguage\":\"hr\",\"@id\":\"https:\/\/klikploce.com.hr\/opuzen\/sanacija-fontane-u-opuzenu-ulazi-u-zavrsnu-fazu-zavrsetak-radova-ocekuje-se-uskoro\/#primaryimage\",\"url\":\"https:\/\/klikploce.com.hr\/opuzen\/wp-content\/uploads\/2026\/02\/FB_IMG_1771683092969.jpg\",\"contentUrl\":\"https:\/\/klikploce.com.hr\/opuzen\/wp-content\/uploads\/2026\/02\/FB_IMG_1771683092969.jpg\",\"width\":2000,\"height\":1500},{\"@type\":\"BreadcrumbList\",\"@id\":\"https:\/\/klikploce.com.hr\/opuzen\/sanacija-fontane-u-opuzenu-ulazi-u-zavrsnu-fazu-zavrsetak-radova-ocekuje-se-uskoro\/#breadcrumb\",\"itemListElement\":[{\"@type\":\"ListItem\",\"position\":1,\"name\":\"Po\u010detna stranica\",\"item\":\"https:\/\/klikploce.com.hr\/opuzen\/\"},{\"@type\":\"ListItem\",\"position\":2,\"name\":\"Sanacija fontane u Opuzenu ulazi u zavr\u0161nu fazu, zavr\u0161etak radova o\u010dekuje se uskoro\"}]},{\"@type\":\"WebSite\",\"@id\":\"https:\/\/klikploce.com.hr\/opuzen\/#website\",\"url\":\"https:\/\/klikploce.com.hr\/opuzen\/\",\"name\":\"Klik Opuzen\",\"description\":\"\",\"publisher\":{\"@id\":\"https:\/\/klikploce.com.hr\/opuzen\/#organization\"},\"potentialAction\":[{\"@type\":\"SearchAction\",\"target\":{\"@type\":\"EntryPoint\",\"urlTemplate\":\"https:\/\/klikploce.com.hr\/opuzen\/?s={search_term_string}\"},\"query-input\":{\"@type\":\"PropertyValueSpecification\",\"valueRequired\":true,\"valueName\":\"search_term_string\"}}],\"inLanguage\":\"hr\"},{\"@type\":\"Organization\",\"@id\":\"https:\/\/klikploce.com.hr\/opuzen\/#organization\",\"name\":\"Klik Opuzen\",\"url\":\"https:\/\/klikploce.com.hr\/opuzen\/\",\"logo\":{\"@type\":\"ImageObject\",\"inLanguage\":\"hr\",\"@id\":\"https:\/\/klikploce.com.hr\/opuzen\/#\/schema\/logo\/image\/\",\"url\":\"https:\/\/klikploce.com.hr\/opuzen\/wp-content\/uploads\/2025\/09\/KLIK-Opuzen.png\",\"contentUrl\":\"https:\/\/klikploce.com.hr\/opuzen\/wp-content\/uploads\/2025\/09\/KLIK-Opuzen.png\",\"width\":849,\"height\":222,\"caption\":\"Klik Opuzen\"},\"image\":{\"@id\":\"https:\/\/klikploce.com.hr\/opuzen\/#\/schema\/logo\/image\/\"},\"sameAs\":[\"https:\/\/www.facebook.com\/klik.ploce\"]},{\"@type\":\"Person\",\"@id\":\"https:\/\/klikploce.com.hr\/opuzen\/#\/schema\/person\/b85ea61b159cb5355f1c77fda4341407\",\"name\":\"Klik Opuzen\",\"image\":{\"@type\":\"ImageObject\",\"inLanguage\":\"hr\",\"@id\":\"https:\/\/klikploce.com.hr\/opuzen\/#\/schema\/person\/image\/\",\"url\":\"https:\/\/secure.gravatar.com\/avatar\/8da98b2203f72dd20af5e6c35a035011808c19454706473a25dd256759a6f3e7?s=96&d=mm&r=g\",\"contentUrl\":\"https:\/\/secure.gravatar.com\/avatar\/8da98b2203f72dd20af5e6c35a035011808c19454706473a25dd256759a6f3e7?s=96&d=mm&r=g\",\"caption\":\"Klik Opuzen\"},\"url\":\"https:\/\/klikploce.com.hr\/opuzen\/author\/opuzen\/\"}]}<\/script>\n<!-- \/ Yoast SEO plugin. -->","yoast_head_json":{"title":"Sanacija fontane u Opuzenu ulazi u zavr\u0161nu fazu, zavr\u0161etak radova o\u010dekuje se uskoro - Klik Opuzen","robots":{"index":"index","follow":"follow","max-snippet":"max-snippet:-1","max-image-preview":"max-image-preview:large","max-video-preview":"max-video-preview:-1"},"canonical":"https:\/\/klikploce.com.hr\/opuzen\/sanacija-fontane-u-opuzenu-ulazi-u-zavrsnu-fazu-zavrsetak-radova-ocekuje-se-uskoro\/","og_locale":"hr_HR","og_type":"article","og_title":"Sanacija fontane u Opuzenu ulazi u zavr\u0161nu fazu, zavr\u0161etak radova o\u010dekuje se uskoro - Klik Opuzen","og_description":"Naslovna foto: Ivo O\u017ei\u0107 Gradona\u010delnik Opuzena Ivan Mataga izvijestio je javnost kako je zavr\u0161ena prva faza sanacije gradske fontane, a dovr\u0161etak svih radova o\u010dekuje se u naredna dva tjedna, ako to dopuste vremenske prilike. Kako je naveo, radovi nisu zavr\u0161eni u planiranom roku tijekom 2025. godine zbog dugotrajnog ki\u0161nog razdoblja, no sada su uspje\u0161no privedeni kraju klju\u010dni zahvati prve faze. Oni su obuhvatili pripremu podloge, polaganje dva sloja izravnavaju\u0107e glet mase, bru\u0161enje te nano\u0161enje prvog sloja hidroizolacije na rubnim zidovima. U nastavku radova predvi\u0111eno je nano\u0161enje dvokomponentne epoksi smole na kamenu povr\u0161inu, \u010dime \u0107e se o\u010duvati vidljivost i autohtonost izvornog [&hellip;]","og_url":"https:\/\/klikploce.com.hr\/opuzen\/sanacija-fontane-u-opuzenu-ulazi-u-zavrsnu-fazu-zavrsetak-radova-ocekuje-se-uskoro\/","og_site_name":"Klik Opuzen","article_publisher":"https:\/\/www.facebook.com\/klik.ploce","article_published_time":"2026-02-21T14:17:03+00:00","article_modified_time":"2026-02-21T14:17:23+00:00","og_image":[{"width":2000,"height":1500,"url":"https:\/\/klikploce.com.hr\/opuzen\/wp-content\/uploads\/2026\/02\/FB_IMG_1771683092969.jpg","type":"image\/jpeg"}],"author":"Klik Opuzen","twitter_card":"summary_large_image","twitter_misc":{"Napisao\/la":"Klik Opuzen","Procijenjeno vrijeme \u010ditanja":"2 minute"},"schema":{"@context":"https:\/\/schema.org","@graph":[{"@type":"Article","@id":"https:\/\/klikploce.com.hr\/opuzen\/sanacija-fontane-u-opuzenu-ulazi-u-zavrsnu-fazu-zavrsetak-radova-ocekuje-se-uskoro\/#article","isPartOf":{"@id":"https:\/\/klikploce.com.hr\/opuzen\/sanacija-fontane-u-opuzenu-ulazi-u-zavrsnu-fazu-zavrsetak-radova-ocekuje-se-uskoro\/"},"author":{"name":"Klik Opuzen","@id":"https:\/\/klikploce.com.hr\/opuzen\/#\/schema\/person\/b85ea61b159cb5355f1c77fda4341407"},"headline":"Sanacija fontane u Opuzenu ulazi u zavr\u0161nu fazu, zavr\u0161etak radova o\u010dekuje se uskoro","datePublished":"2026-02-21T14:17:03+00:00","dateModified":"2026-02-21T14:17:23+00:00","mainEntityOfPage":{"@id":"https:\/\/klikploce.com.hr\/opuzen\/sanacija-fontane-u-opuzenu-ulazi-u-zavrsnu-fazu-zavrsetak-radova-ocekuje-se-uskoro\/"},"wordCount":179,"commentCount":0,"publisher":{"@id":"https:\/\/klikploce.com.hr\/opuzen\/#organization"},"image":{"@id":"https:\/\/klikploce.com.hr\/opuzen\/sanacija-fontane-u-opuzenu-ulazi-u-zavrsnu-fazu-zavrsetak-radova-ocekuje-se-uskoro\/#primaryimage"},"thumbnailUrl":"https:\/\/klikploce.com.hr\/opuzen\/wp-content\/uploads\/2026\/02\/FB_IMG_1771683092969.jpg","keywords":["fontana","ivan mataga"],"articleSection":["Izdvojeno","Kultura","Opuzen"],"inLanguage":"hr","potentialAction":[{"@type":"CommentAction","name":"Comment","target":["https:\/\/klikploce.com.hr\/opuzen\/sanacija-fontane-u-opuzenu-ulazi-u-zavrsnu-fazu-zavrsetak-radova-ocekuje-se-uskoro\/#respond"]}]},{"@type":"WebPage","@id":"https:\/\/klikploce.com.hr\/opuzen\/sanacija-fontane-u-opuzenu-ulazi-u-zavrsnu-fazu-zavrsetak-radova-ocekuje-se-uskoro\/","url":"https:\/\/klikploce.com.hr\/opuzen\/sanacija-fontane-u-opuzenu-ulazi-u-zavrsnu-fazu-zavrsetak-radova-ocekuje-se-uskoro\/","name":"Sanacija fontane u Opuzenu ulazi u zavr\u0161nu fazu, zavr\u0161etak radova o\u010dekuje se uskoro - Klik Opuzen","isPartOf":{"@id":"https:\/\/klikploce.com.hr\/opuzen\/#website"},"primaryImageOfPage":{"@id":"https:\/\/klikploce.com.hr\/opuzen\/sanacija-fontane-u-opuzenu-ulazi-u-zavrsnu-fazu-zavrsetak-radova-ocekuje-se-uskoro\/#primaryimage"},"image":{"@id":"https:\/\/klikploce.com.hr\/opuzen\/sanacija-fontane-u-opuzenu-ulazi-u-zavrsnu-fazu-zavrsetak-radova-ocekuje-se-uskoro\/#primaryimage"},"thumbnailUrl":"https:\/\/klikploce.com.hr\/opuzen\/wp-content\/uploads\/2026\/02\/FB_IMG_1771683092969.jpg","datePublished":"2026-02-21T14:17:03+00:00","dateModified":"2026-02-21T14:17:23+00:00","breadcrumb":{"@id":"https:\/\/klikploce.com.hr\/opuzen\/sanacija-fontane-u-opuzenu-ulazi-u-zavrsnu-fazu-zavrsetak-radova-ocekuje-se-uskoro\/#breadcrumb"},"inLanguage":"hr","potentialAction":[{"@type":"ReadAction","target":["https:\/\/klikploce.com.hr\/opuzen\/sanacija-fontane-u-opuzenu-ulazi-u-zavrsnu-fazu-zavrsetak-radova-ocekuje-se-uskoro\/"]}]},{"@type":"ImageObject","inLanguage":"hr","@id":"https:\/\/klikploce.com.hr\/opuzen\/sanacija-fontane-u-opuzenu-ulazi-u-zavrsnu-fazu-zavrsetak-radova-ocekuje-se-uskoro\/#primaryimage","url":"https:\/\/klikploce.com.hr\/opuzen\/wp-content\/uploads\/2026\/02\/FB_IMG_1771683092969.jpg","contentUrl":"https:\/\/klikploce.com.hr\/opuzen\/wp-content\/uploads\/2026\/02\/FB_IMG_1771683092969.jpg","width":2000,"height":1500},{"@type":"BreadcrumbList","@id":"https:\/\/klikploce.com.hr\/opuzen\/sanacija-fontane-u-opuzenu-ulazi-u-zavrsnu-fazu-zavrsetak-radova-ocekuje-se-uskoro\/#breadcrumb","itemListElement":[{"@type":"ListItem","position":1,"name":"Po\u010detna stranica","item":"https:\/\/klikploce.com.hr\/opuzen\/"},{"@type":"ListItem","position":2,"name":"Sanacija fontane u Opuzenu ulazi u zavr\u0161nu fazu, zavr\u0161etak radova o\u010dekuje se uskoro"}]},{"@type":"WebSite","@id":"https:\/\/klikploce.com.hr\/opuzen\/#website","url":"https:\/\/klikploce.com.hr\/opuzen\/","name":"Klik Opuzen","description":"","publisher":{"@id":"https:\/\/klikploce.com.hr\/opuzen\/#organization"},"potentialAction":[{"@type":"SearchAction","target":{"@type":"EntryPoint","urlTemplate":"https:\/\/klikploce.com.hr\/opuzen\/?s={search_term_string}"},"query-input":{"@type":"PropertyValueSpecification","valueRequired":true,"valueName":"search_term_string"}}],"inLanguage":"hr"},{"@type":"Organization","@id":"https:\/\/klikploce.com.hr\/opuzen\/#organization","name":"Klik Opuzen","url":"https:\/\/klikploce.com.hr\/opuzen\/","logo":{"@type":"ImageObject","inLanguage":"hr","@id":"https:\/\/klikploce.com.hr\/opuzen\/#\/schema\/logo\/image\/","url":"https:\/\/klikploce.com.hr\/opuzen\/wp-content\/uploads\/2025\/09\/KLIK-Opuzen.png","contentUrl":"https:\/\/klikploce.com.hr\/opuzen\/wp-content\/uploads\/2025\/09\/KLIK-Opuzen.png","width":849,"height":222,"caption":"Klik Opuzen"},"image":{"@id":"https:\/\/klikploce.com.hr\/opuzen\/#\/schema\/logo\/image\/"},"sameAs":["https:\/\/www.facebook.com\/klik.ploce"]},{"@type":"Person","@id":"https:\/\/klikploce.com.hr\/opuzen\/#\/schema\/person\/b85ea61b159cb5355f1c77fda4341407","name":"Klik Opuzen","image":{"@type":"ImageObject","inLanguage":"hr","@id":"https:\/\/klikploce.com.hr\/opuzen\/#\/schema\/person\/image\/","url":"https:\/\/secure.gravatar.com\/avatar\/8da98b2203f72dd20af5e6c35a035011808c19454706473a25dd256759a6f3e7?s=96&d=mm&r=g","contentUrl":"https:\/\/secure.gravatar.com\/avatar\/8da98b2203f72dd20af5e6c35a035011808c19454706473a25dd256759a6f3e7?s=96&d=mm&r=g","caption":"Klik Opuzen"},"url":"https:\/\/klikploce.com.hr\/opuzen\/author\/opuzen\/"}]}},"_links":{"self":[{"href":"https:\/\/klikploce.com.hr\/opuzen\/wp-json\/wp\/v2\/posts\/3099","targetHints":{"allow":["GET"]}}],"collection":[{"href":"https:\/\/klikploce.com.hr\/opuzen\/wp-json\/wp\/v2\/posts"}],"about":[{"href":"https:\/\/klikploce.com.hr\/opuzen\/wp-json\/wp\/v2\/types\/post"}],"author":[{"embeddable":true,"href":"https:\/\/klikploce.com.hr\/opuzen\/wp-json\/wp\/v2\/users\/2"}],"replies":[{"embeddable":true,"href":"https:\/\/klikploce.com.hr\/opuzen\/wp-json\/wp\/v2\/comments?post=3099"}],"version-history":[{"count":1,"href":"https:\/\/klikploce.com.hr\/opuzen\/wp-json\/wp\/v2\/posts\/3099\/revisions"}],"predecessor-version":[{"id":3104,"href":"https:\/\/klikploce.com.hr\/opuzen\/wp-json\/wp\/v2\/posts\/3099\/revisions\/3104"}],"wp:featuredmedia":[{"embeddable":true,"href":"https:\/\/klikploce.com.hr\/opuzen\/wp-json\/wp\/v2\/media\/3103"}],"wp:attachment":[{"href":"https:\/\/klikploce.com.hr\/opuzen\/wp-json\/wp\/v2\/media?parent=3099"}],"wp:term":[{"taxonomy":"category","embeddable":true,"href":"https:\/\/klikploce.com.hr\/opuzen\/wp-json\/wp\/v2\/categories?post=3099"},{"taxonomy":"post_tag","embeddable":true,"href":"https:\/\/klikploce.com.hr\/opuzen\/wp-json\/wp\/v2\/tags?post=3099"}],"curies":[{"name":"wp","href":"https:\/\/api.w.org\/{rel}","templated":true}]}}