{"id":3090,"date":"2026-02-19T16:49:52","date_gmt":"2026-02-19T15:49:52","guid":{"rendered":"https:\/\/klikploce.com.hr\/opuzen\/?p=3090"},"modified":"2026-02-19T16:49:52","modified_gmt":"2026-02-19T15:49:52","slug":"ucenici-srednje-poljoprivredne-i-tehnicke-skole-iz-opuzena-na-erasmusu-u-njemackoj","status":"publish","type":"post","link":"https:\/\/klikploce.com.hr\/opuzen\/ucenici-srednje-poljoprivredne-i-tehnicke-skole-iz-opuzena-na-erasmusu-u-njemackoj\/","title":{"rendered":"U\u010denici Srednje poljoprivredne i tehni\u010dke \u0161kole iz Opuzena na Erasmusu u Njema\u010dkoj"},"content":{"rendered":"<p>U\u010denici Srednje poljoprivredne i tehni\u010dke \u0161kole sudjeluju u Erasmus+ stru\u010dnoj praksi u Frankfurtu na Majni (Frankfurt am Main), koja se odr\u017eava u razdoblju od 9. do 20. velja\u010de. Mobilnost uklju\u010duje u\u010denike obrazovnih programa web dizajner, komercijalist i agroturisti\u010dki tehni\u010dar, a cilj je stjecanje prakti\u010dnih znanja i iskustava u me\u0111unarodnom radnom okru\u017eenju.<\/p>\n<p>Tijekom boravka u Njema\u010dkoj u\u010denici \u0107e raditi u organizacijama i poduze\u0107ima gdje \u0107e razvijati stru\u010dne kompetencije povezane s njihovim zanimanjima. U\u010denici smjera web dizajn usmjerit \u0107e se na primjenu na\u010dela web dizajna, izradu i razvoj web stranica kori\u0161tenjem suvremenih tehnologija, te implementaciju dizajna za razli\u010dite ure\u0111aje. Tako\u0111er \u0107e koristiti digitalne alate za stvaranje i ure\u0111ivanje sadr\u017eaja te razvijati vje\u0161tine rje\u0161avanja tehni\u010dkih problema i organizacije rada u stvarnom poslovnom okru\u017eenju.<\/p>\n<p>U\u010denici smjera komercijalist stjecat \u0107e prakti\u010dna znanja iz podru\u010dja prodaje i poslovnih procesa. Tijekom mobilnosti sudjelovat \u0107e u provedbi prodajnih aktivnosti, pripremi i vo\u0111enju komercijalne dokumentacije poput ponuda, ra\u010duna i narud\u017ebi te obavljanju osnovnih administrativnih poslova. Poseban naglasak stavljen je i na razvoj komunikacijskih vje\u0161tina u profesionalnim situacijama, primjenu komunikacijskih tehnika u radu s klijentima, te ja\u010danje prezentacijskih sposobnosti. Osim toga, u\u010denici \u0107e razvijati poduzetni\u010dki na\u010din razmi\u0161ljanja, timski rad i prilagodljivost u dinami\u010dnom radnom okru\u017eenju.<\/p>\n<p>U\u010denici smjera agroturisti\u010dki tehni\u010dar usavr\u0161avat \u0107e stru\u010dne kompetencije povezane s modernim pristupima odr\u017eavanju i ure\u0111enju prostora te odr\u017eivim praksama, uklju\u010duju\u0107i planiranje aktivnosti, pravilnu brigu o biljkama, kori\u0161tenje ekolo\u0161ki prihvatljivih metoda rada, rad u kuhinji, te profesionalnu komunikaciju s kolegama i klijentima.<\/p>\n<p>Projekt se provodi u sklopu Erasmus+ akreditacije te je sufinanciran sredstvima Europske unije.<\/p>\n<p>Ovaj projekt je sufinanciran sredstvima Europske unije u sklopu Erasmus+ akreditacije, kodni broj projekta: 2025-1-HR01-KA121-VET-000313923.<\/p>\n<p style=\"text-align: center;\"><img loading=\"lazy\" decoding=\"async\" class=\"aligncenter size-full wp-image-3091\" src=\"https:\/\/klikploce.com.hr\/opuzen\/wp-content\/uploads\/2026\/02\/WhatsApp-Image-2026-02-18-at-15.10.07.jpeg\" alt=\"\" width=\"1600\" height=\"1200\" \/> <img loading=\"lazy\" decoding=\"async\" class=\"aligncenter size-full wp-image-3092\" src=\"https:\/\/klikploce.com.hr\/opuzen\/wp-content\/uploads\/2026\/02\/WhatsApp-Image-2026-02-18-at-15.10.20.jpeg\" alt=\"\" width=\"1170\" height=\"871\" \/> <img loading=\"lazy\" decoding=\"async\" class=\"aligncenter size-full wp-image-3093\" src=\"https:\/\/klikploce.com.hr\/opuzen\/wp-content\/uploads\/2026\/02\/WhatsApp-Image-2026-02-18-at-15.06.12.jpeg\" alt=\"\" width=\"1200\" height=\"1600\" \/> <img loading=\"lazy\" decoding=\"async\" class=\"aligncenter size-full wp-image-3094\" src=\"https:\/\/klikploce.com.hr\/opuzen\/wp-content\/uploads\/2026\/02\/WhatsApp-Image-2026-02-18-at-15.06.55.jpeg\" alt=\"\" width=\"1536\" height=\"2048\" \/> <img loading=\"lazy\" decoding=\"async\" class=\"aligncenter size-full wp-image-3095\" src=\"https:\/\/klikploce.com.hr\/opuzen\/wp-content\/uploads\/2026\/02\/WhatsApp-Image-2026-02-18-at-15.05.00.jpeg\" alt=\"\" width=\"2048\" height=\"1536\" \/> <img loading=\"lazy\" decoding=\"async\" class=\"aligncenter size-full wp-image-3096\" src=\"https:\/\/klikploce.com.hr\/opuzen\/wp-content\/uploads\/2026\/02\/WhatsApp-Image-2026-02-18-at-15.05.32.jpeg\" alt=\"\" width=\"1536\" height=\"2048\" \/> <img loading=\"lazy\" decoding=\"async\" class=\"aligncenter size-full wp-image-3097\" src=\"https:\/\/klikploce.com.hr\/opuzen\/wp-content\/uploads\/2026\/02\/WhatsApp-Image-2026-02-18-at-15.04.38.jpeg\" alt=\"\" width=\"1500\" height=\"2000\" \/><\/p>\n","protected":false},"excerpt":{"rendered":"<p>U\u010denici Srednje poljoprivredne i tehni\u010dke \u0161kole sudjeluju u Erasmus+ stru\u010dnoj praksi u Frankfurtu na Majni (Frankfurt am Main), koja se odr\u017eava u razdoblju od 9. do 20. velja\u010de. Mobilnost uklju\u010duje u\u010denike obrazovnih programa web dizajner, komercijalist i agroturisti\u010dki tehni\u010dar, a cilj je stjecanje prakti\u010dnih znanja i iskustava u me\u0111unarodnom radnom okru\u017eenju. Tijekom boravka u Njema\u010dkoj u\u010denici \u0107e raditi u organizacijama i poduze\u0107ima gdje \u0107e razvijati stru\u010dne kompetencije povezane s njihovim zanimanjima. U\u010denici smjera web dizajn usmjerit \u0107e se na primjenu na\u010dela web dizajna, izradu i razvoj web stranica kori\u0161tenjem suvremenih tehnologija, te implementaciju dizajna za razli\u010dite ure\u0111aje. Tako\u0111er \u0107e koristiti [&hellip;]<\/p>\n","protected":false},"author":2,"featured_media":3092,"comment_status":"open","ping_status":"open","sticky":false,"template":"","format":"standard","meta":{"footnotes":""},"categories":[147,143,144],"tags":[245,163],"class_list":["post-3090","post","type-post","status-publish","format-standard","has-post-thumbnail","hentry","category-izdvojeno","category-opuzen","category-zabava-i-kultura","tag-erasmus","tag-srednja-skola"],"yoast_head":"<!-- This site is optimized with the Yoast SEO plugin v26.3 - https:\/\/yoast.com\/wordpress\/plugins\/seo\/ -->\n<title>U\u010denici Srednje poljoprivredne i tehni\u010dke \u0161kole iz Opuzena na Erasmusu u Njema\u010dkoj - Klik Opuzen<\/title>\n<meta name=\"robots\" content=\"index, follow, max-snippet:-1, max-image-preview:large, max-video-preview:-1\" \/>\n<link rel=\"canonical\" href=\"https:\/\/klikploce.com.hr\/opuzen\/ucenici-srednje-poljoprivredne-i-tehnicke-skole-iz-opuzena-na-erasmusu-u-njemackoj\/\" \/>\n<meta property=\"og:locale\" content=\"hr_HR\" \/>\n<meta property=\"og:type\" content=\"article\" \/>\n<meta property=\"og:title\" content=\"U\u010denici Srednje poljoprivredne i tehni\u010dke \u0161kole iz Opuzena na Erasmusu u Njema\u010dkoj - Klik Opuzen\" \/>\n<meta property=\"og:description\" content=\"U\u010denici Srednje poljoprivredne i tehni\u010dke \u0161kole sudjeluju u Erasmus+ stru\u010dnoj praksi u Frankfurtu na Majni (Frankfurt am Main), koja se odr\u017eava u razdoblju od 9. do 20. velja\u010de. Mobilnost uklju\u010duje u\u010denike obrazovnih programa web dizajner, komercijalist i agroturisti\u010dki tehni\u010dar, a cilj je stjecanje prakti\u010dnih znanja i iskustava u me\u0111unarodnom radnom okru\u017eenju. Tijekom boravka u Njema\u010dkoj u\u010denici \u0107e raditi u organizacijama i poduze\u0107ima gdje \u0107e razvijati stru\u010dne kompetencije povezane s njihovim zanimanjima. U\u010denici smjera web dizajn usmjerit \u0107e se na primjenu na\u010dela web dizajna, izradu i razvoj web stranica kori\u0161tenjem suvremenih tehnologija, te implementaciju dizajna za razli\u010dite ure\u0111aje. Tako\u0111er \u0107e koristiti [&hellip;]\" \/>\n<meta property=\"og:url\" content=\"https:\/\/klikploce.com.hr\/opuzen\/ucenici-srednje-poljoprivredne-i-tehnicke-skole-iz-opuzena-na-erasmusu-u-njemackoj\/\" \/>\n<meta property=\"og:site_name\" content=\"Klik Opuzen\" \/>\n<meta property=\"article:publisher\" content=\"https:\/\/www.facebook.com\/klik.ploce\" \/>\n<meta property=\"article:published_time\" content=\"2026-02-19T15:49:52+00:00\" \/>\n<meta property=\"og:image\" content=\"https:\/\/klikploce.com.hr\/opuzen\/wp-content\/uploads\/2026\/02\/WhatsApp-Image-2026-02-18-at-15.10.20.jpeg\" \/>\n\t<meta property=\"og:image:width\" content=\"1170\" \/>\n\t<meta property=\"og:image:height\" content=\"871\" \/>\n\t<meta property=\"og:image:type\" content=\"image\/jpeg\" \/>\n<meta name=\"author\" content=\"Klik Opuzen\" \/>\n<meta name=\"twitter:card\" content=\"summary_large_image\" \/>\n<meta name=\"twitter:label1\" content=\"Napisao\/la\" \/>\n\t<meta name=\"twitter:data1\" content=\"Klik Opuzen\" \/>\n\t<meta name=\"twitter:label2\" content=\"Procijenjeno vrijeme \u010ditanja\" \/>\n\t<meta name=\"twitter:data2\" content=\"4 minute\" \/>\n<script type=\"application\/ld+json\" class=\"yoast-schema-graph\">{\"@context\":\"https:\/\/schema.org\",\"@graph\":[{\"@type\":\"Article\",\"@id\":\"https:\/\/klikploce.com.hr\/opuzen\/ucenici-srednje-poljoprivredne-i-tehnicke-skole-iz-opuzena-na-erasmusu-u-njemackoj\/#article\",\"isPartOf\":{\"@id\":\"https:\/\/klikploce.com.hr\/opuzen\/ucenici-srednje-poljoprivredne-i-tehnicke-skole-iz-opuzena-na-erasmusu-u-njemackoj\/\"},\"author\":{\"name\":\"Klik Opuzen\",\"@id\":\"https:\/\/klikploce.com.hr\/opuzen\/#\/schema\/person\/b85ea61b159cb5355f1c77fda4341407\"},\"headline\":\"U\u010denici Srednje poljoprivredne i tehni\u010dke \u0161kole iz Opuzena na Erasmusu u Njema\u010dkoj\",\"datePublished\":\"2026-02-19T15:49:52+00:00\",\"mainEntityOfPage\":{\"@id\":\"https:\/\/klikploce.com.hr\/opuzen\/ucenici-srednje-poljoprivredne-i-tehnicke-skole-iz-opuzena-na-erasmusu-u-njemackoj\/\"},\"wordCount\":334,\"commentCount\":0,\"publisher\":{\"@id\":\"https:\/\/klikploce.com.hr\/opuzen\/#organization\"},\"image\":{\"@id\":\"https:\/\/klikploce.com.hr\/opuzen\/ucenici-srednje-poljoprivredne-i-tehnicke-skole-iz-opuzena-na-erasmusu-u-njemackoj\/#primaryimage\"},\"thumbnailUrl\":\"https:\/\/klikploce.com.hr\/opuzen\/wp-content\/uploads\/2026\/02\/WhatsApp-Image-2026-02-18-at-15.10.20.jpeg\",\"keywords\":[\"erasmus\",\"srednja \u0161kola\"],\"articleSection\":[\"Izdvojeno\",\"Opuzen\",\"Zabava i kultura\"],\"inLanguage\":\"hr\",\"potentialAction\":[{\"@type\":\"CommentAction\",\"name\":\"Comment\",\"target\":[\"https:\/\/klikploce.com.hr\/opuzen\/ucenici-srednje-poljoprivredne-i-tehnicke-skole-iz-opuzena-na-erasmusu-u-njemackoj\/#respond\"]}]},{\"@type\":\"WebPage\",\"@id\":\"https:\/\/klikploce.com.hr\/opuzen\/ucenici-srednje-poljoprivredne-i-tehnicke-skole-iz-opuzena-na-erasmusu-u-njemackoj\/\",\"url\":\"https:\/\/klikploce.com.hr\/opuzen\/ucenici-srednje-poljoprivredne-i-tehnicke-skole-iz-opuzena-na-erasmusu-u-njemackoj\/\",\"name\":\"U\u010denici Srednje poljoprivredne i tehni\u010dke \u0161kole iz Opuzena na Erasmusu u Njema\u010dkoj - Klik Opuzen\",\"isPartOf\":{\"@id\":\"https:\/\/klikploce.com.hr\/opuzen\/#website\"},\"primaryImageOfPage\":{\"@id\":\"https:\/\/klikploce.com.hr\/opuzen\/ucenici-srednje-poljoprivredne-i-tehnicke-skole-iz-opuzena-na-erasmusu-u-njemackoj\/#primaryimage\"},\"image\":{\"@id\":\"https:\/\/klikploce.com.hr\/opuzen\/ucenici-srednje-poljoprivredne-i-tehnicke-skole-iz-opuzena-na-erasmusu-u-njemackoj\/#primaryimage\"},\"thumbnailUrl\":\"https:\/\/klikploce.com.hr\/opuzen\/wp-content\/uploads\/2026\/02\/WhatsApp-Image-2026-02-18-at-15.10.20.jpeg\",\"datePublished\":\"2026-02-19T15:49:52+00:00\",\"breadcrumb\":{\"@id\":\"https:\/\/klikploce.com.hr\/opuzen\/ucenici-srednje-poljoprivredne-i-tehnicke-skole-iz-opuzena-na-erasmusu-u-njemackoj\/#breadcrumb\"},\"inLanguage\":\"hr\",\"potentialAction\":[{\"@type\":\"ReadAction\",\"target\":[\"https:\/\/klikploce.com.hr\/opuzen\/ucenici-srednje-poljoprivredne-i-tehnicke-skole-iz-opuzena-na-erasmusu-u-njemackoj\/\"]}]},{\"@type\":\"ImageObject\",\"inLanguage\":\"hr\",\"@id\":\"https:\/\/klikploce.com.hr\/opuzen\/ucenici-srednje-poljoprivredne-i-tehnicke-skole-iz-opuzena-na-erasmusu-u-njemackoj\/#primaryimage\",\"url\":\"https:\/\/klikploce.com.hr\/opuzen\/wp-content\/uploads\/2026\/02\/WhatsApp-Image-2026-02-18-at-15.10.20.jpeg\",\"contentUrl\":\"https:\/\/klikploce.com.hr\/opuzen\/wp-content\/uploads\/2026\/02\/WhatsApp-Image-2026-02-18-at-15.10.20.jpeg\",\"width\":1170,\"height\":871},{\"@type\":\"BreadcrumbList\",\"@id\":\"https:\/\/klikploce.com.hr\/opuzen\/ucenici-srednje-poljoprivredne-i-tehnicke-skole-iz-opuzena-na-erasmusu-u-njemackoj\/#breadcrumb\",\"itemListElement\":[{\"@type\":\"ListItem\",\"position\":1,\"name\":\"Po\u010detna stranica\",\"item\":\"https:\/\/klikploce.com.hr\/opuzen\/\"},{\"@type\":\"ListItem\",\"position\":2,\"name\":\"U\u010denici Srednje poljoprivredne i tehni\u010dke \u0161kole iz Opuzena na Erasmusu u Njema\u010dkoj\"}]},{\"@type\":\"WebSite\",\"@id\":\"https:\/\/klikploce.com.hr\/opuzen\/#website\",\"url\":\"https:\/\/klikploce.com.hr\/opuzen\/\",\"name\":\"Klik Opuzen\",\"description\":\"\",\"publisher\":{\"@id\":\"https:\/\/klikploce.com.hr\/opuzen\/#organization\"},\"potentialAction\":[{\"@type\":\"SearchAction\",\"target\":{\"@type\":\"EntryPoint\",\"urlTemplate\":\"https:\/\/klikploce.com.hr\/opuzen\/?s={search_term_string}\"},\"query-input\":{\"@type\":\"PropertyValueSpecification\",\"valueRequired\":true,\"valueName\":\"search_term_string\"}}],\"inLanguage\":\"hr\"},{\"@type\":\"Organization\",\"@id\":\"https:\/\/klikploce.com.hr\/opuzen\/#organization\",\"name\":\"Klik Opuzen\",\"url\":\"https:\/\/klikploce.com.hr\/opuzen\/\",\"logo\":{\"@type\":\"ImageObject\",\"inLanguage\":\"hr\",\"@id\":\"https:\/\/klikploce.com.hr\/opuzen\/#\/schema\/logo\/image\/\",\"url\":\"https:\/\/klikploce.com.hr\/opuzen\/wp-content\/uploads\/2025\/09\/KLIK-Opuzen.png\",\"contentUrl\":\"https:\/\/klikploce.com.hr\/opuzen\/wp-content\/uploads\/2025\/09\/KLIK-Opuzen.png\",\"width\":849,\"height\":222,\"caption\":\"Klik Opuzen\"},\"image\":{\"@id\":\"https:\/\/klikploce.com.hr\/opuzen\/#\/schema\/logo\/image\/\"},\"sameAs\":[\"https:\/\/www.facebook.com\/klik.ploce\"]},{\"@type\":\"Person\",\"@id\":\"https:\/\/klikploce.com.hr\/opuzen\/#\/schema\/person\/b85ea61b159cb5355f1c77fda4341407\",\"name\":\"Klik Opuzen\",\"image\":{\"@type\":\"ImageObject\",\"inLanguage\":\"hr\",\"@id\":\"https:\/\/klikploce.com.hr\/opuzen\/#\/schema\/person\/image\/\",\"url\":\"https:\/\/secure.gravatar.com\/avatar\/8da98b2203f72dd20af5e6c35a035011808c19454706473a25dd256759a6f3e7?s=96&d=mm&r=g\",\"contentUrl\":\"https:\/\/secure.gravatar.com\/avatar\/8da98b2203f72dd20af5e6c35a035011808c19454706473a25dd256759a6f3e7?s=96&d=mm&r=g\",\"caption\":\"Klik Opuzen\"},\"url\":\"https:\/\/klikploce.com.hr\/opuzen\/author\/opuzen\/\"}]}<\/script>\n<!-- \/ Yoast SEO plugin. -->","yoast_head_json":{"title":"U\u010denici Srednje poljoprivredne i tehni\u010dke \u0161kole iz Opuzena na Erasmusu u Njema\u010dkoj - Klik Opuzen","robots":{"index":"index","follow":"follow","max-snippet":"max-snippet:-1","max-image-preview":"max-image-preview:large","max-video-preview":"max-video-preview:-1"},"canonical":"https:\/\/klikploce.com.hr\/opuzen\/ucenici-srednje-poljoprivredne-i-tehnicke-skole-iz-opuzena-na-erasmusu-u-njemackoj\/","og_locale":"hr_HR","og_type":"article","og_title":"U\u010denici Srednje poljoprivredne i tehni\u010dke \u0161kole iz Opuzena na Erasmusu u Njema\u010dkoj - Klik Opuzen","og_description":"U\u010denici Srednje poljoprivredne i tehni\u010dke \u0161kole sudjeluju u Erasmus+ stru\u010dnoj praksi u Frankfurtu na Majni (Frankfurt am Main), koja se odr\u017eava u razdoblju od 9. do 20. velja\u010de. Mobilnost uklju\u010duje u\u010denike obrazovnih programa web dizajner, komercijalist i agroturisti\u010dki tehni\u010dar, a cilj je stjecanje prakti\u010dnih znanja i iskustava u me\u0111unarodnom radnom okru\u017eenju. Tijekom boravka u Njema\u010dkoj u\u010denici \u0107e raditi u organizacijama i poduze\u0107ima gdje \u0107e razvijati stru\u010dne kompetencije povezane s njihovim zanimanjima. U\u010denici smjera web dizajn usmjerit \u0107e se na primjenu na\u010dela web dizajna, izradu i razvoj web stranica kori\u0161tenjem suvremenih tehnologija, te implementaciju dizajna za razli\u010dite ure\u0111aje. Tako\u0111er \u0107e koristiti [&hellip;]","og_url":"https:\/\/klikploce.com.hr\/opuzen\/ucenici-srednje-poljoprivredne-i-tehnicke-skole-iz-opuzena-na-erasmusu-u-njemackoj\/","og_site_name":"Klik Opuzen","article_publisher":"https:\/\/www.facebook.com\/klik.ploce","article_published_time":"2026-02-19T15:49:52+00:00","og_image":[{"width":1170,"height":871,"url":"https:\/\/klikploce.com.hr\/opuzen\/wp-content\/uploads\/2026\/02\/WhatsApp-Image-2026-02-18-at-15.10.20.jpeg","type":"image\/jpeg"}],"author":"Klik Opuzen","twitter_card":"summary_large_image","twitter_misc":{"Napisao\/la":"Klik Opuzen","Procijenjeno vrijeme \u010ditanja":"4 minute"},"schema":{"@context":"https:\/\/schema.org","@graph":[{"@type":"Article","@id":"https:\/\/klikploce.com.hr\/opuzen\/ucenici-srednje-poljoprivredne-i-tehnicke-skole-iz-opuzena-na-erasmusu-u-njemackoj\/#article","isPartOf":{"@id":"https:\/\/klikploce.com.hr\/opuzen\/ucenici-srednje-poljoprivredne-i-tehnicke-skole-iz-opuzena-na-erasmusu-u-njemackoj\/"},"author":{"name":"Klik Opuzen","@id":"https:\/\/klikploce.com.hr\/opuzen\/#\/schema\/person\/b85ea61b159cb5355f1c77fda4341407"},"headline":"U\u010denici Srednje poljoprivredne i tehni\u010dke \u0161kole iz Opuzena na Erasmusu u Njema\u010dkoj","datePublished":"2026-02-19T15:49:52+00:00","mainEntityOfPage":{"@id":"https:\/\/klikploce.com.hr\/opuzen\/ucenici-srednje-poljoprivredne-i-tehnicke-skole-iz-opuzena-na-erasmusu-u-njemackoj\/"},"wordCount":334,"commentCount":0,"publisher":{"@id":"https:\/\/klikploce.com.hr\/opuzen\/#organization"},"image":{"@id":"https:\/\/klikploce.com.hr\/opuzen\/ucenici-srednje-poljoprivredne-i-tehnicke-skole-iz-opuzena-na-erasmusu-u-njemackoj\/#primaryimage"},"thumbnailUrl":"https:\/\/klikploce.com.hr\/opuzen\/wp-content\/uploads\/2026\/02\/WhatsApp-Image-2026-02-18-at-15.10.20.jpeg","keywords":["erasmus","srednja \u0161kola"],"articleSection":["Izdvojeno","Opuzen","Zabava i kultura"],"inLanguage":"hr","potentialAction":[{"@type":"CommentAction","name":"Comment","target":["https:\/\/klikploce.com.hr\/opuzen\/ucenici-srednje-poljoprivredne-i-tehnicke-skole-iz-opuzena-na-erasmusu-u-njemackoj\/#respond"]}]},{"@type":"WebPage","@id":"https:\/\/klikploce.com.hr\/opuzen\/ucenici-srednje-poljoprivredne-i-tehnicke-skole-iz-opuzena-na-erasmusu-u-njemackoj\/","url":"https:\/\/klikploce.com.hr\/opuzen\/ucenici-srednje-poljoprivredne-i-tehnicke-skole-iz-opuzena-na-erasmusu-u-njemackoj\/","name":"U\u010denici Srednje poljoprivredne i tehni\u010dke \u0161kole iz Opuzena na Erasmusu u Njema\u010dkoj - Klik Opuzen","isPartOf":{"@id":"https:\/\/klikploce.com.hr\/opuzen\/#website"},"primaryImageOfPage":{"@id":"https:\/\/klikploce.com.hr\/opuzen\/ucenici-srednje-poljoprivredne-i-tehnicke-skole-iz-opuzena-na-erasmusu-u-njemackoj\/#primaryimage"},"image":{"@id":"https:\/\/klikploce.com.hr\/opuzen\/ucenici-srednje-poljoprivredne-i-tehnicke-skole-iz-opuzena-na-erasmusu-u-njemackoj\/#primaryimage"},"thumbnailUrl":"https:\/\/klikploce.com.hr\/opuzen\/wp-content\/uploads\/2026\/02\/WhatsApp-Image-2026-02-18-at-15.10.20.jpeg","datePublished":"2026-02-19T15:49:52+00:00","breadcrumb":{"@id":"https:\/\/klikploce.com.hr\/opuzen\/ucenici-srednje-poljoprivredne-i-tehnicke-skole-iz-opuzena-na-erasmusu-u-njemackoj\/#breadcrumb"},"inLanguage":"hr","potentialAction":[{"@type":"ReadAction","target":["https:\/\/klikploce.com.hr\/opuzen\/ucenici-srednje-poljoprivredne-i-tehnicke-skole-iz-opuzena-na-erasmusu-u-njemackoj\/"]}]},{"@type":"ImageObject","inLanguage":"hr","@id":"https:\/\/klikploce.com.hr\/opuzen\/ucenici-srednje-poljoprivredne-i-tehnicke-skole-iz-opuzena-na-erasmusu-u-njemackoj\/#primaryimage","url":"https:\/\/klikploce.com.hr\/opuzen\/wp-content\/uploads\/2026\/02\/WhatsApp-Image-2026-02-18-at-15.10.20.jpeg","contentUrl":"https:\/\/klikploce.com.hr\/opuzen\/wp-content\/uploads\/2026\/02\/WhatsApp-Image-2026-02-18-at-15.10.20.jpeg","width":1170,"height":871},{"@type":"BreadcrumbList","@id":"https:\/\/klikploce.com.hr\/opuzen\/ucenici-srednje-poljoprivredne-i-tehnicke-skole-iz-opuzena-na-erasmusu-u-njemackoj\/#breadcrumb","itemListElement":[{"@type":"ListItem","position":1,"name":"Po\u010detna stranica","item":"https:\/\/klikploce.com.hr\/opuzen\/"},{"@type":"ListItem","position":2,"name":"U\u010denici Srednje poljoprivredne i tehni\u010dke \u0161kole iz Opuzena na Erasmusu u Njema\u010dkoj"}]},{"@type":"WebSite","@id":"https:\/\/klikploce.com.hr\/opuzen\/#website","url":"https:\/\/klikploce.com.hr\/opuzen\/","name":"Klik Opuzen","description":"","publisher":{"@id":"https:\/\/klikploce.com.hr\/opuzen\/#organization"},"potentialAction":[{"@type":"SearchAction","target":{"@type":"EntryPoint","urlTemplate":"https:\/\/klikploce.com.hr\/opuzen\/?s={search_term_string}"},"query-input":{"@type":"PropertyValueSpecification","valueRequired":true,"valueName":"search_term_string"}}],"inLanguage":"hr"},{"@type":"Organization","@id":"https:\/\/klikploce.com.hr\/opuzen\/#organization","name":"Klik Opuzen","url":"https:\/\/klikploce.com.hr\/opuzen\/","logo":{"@type":"ImageObject","inLanguage":"hr","@id":"https:\/\/klikploce.com.hr\/opuzen\/#\/schema\/logo\/image\/","url":"https:\/\/klikploce.com.hr\/opuzen\/wp-content\/uploads\/2025\/09\/KLIK-Opuzen.png","contentUrl":"https:\/\/klikploce.com.hr\/opuzen\/wp-content\/uploads\/2025\/09\/KLIK-Opuzen.png","width":849,"height":222,"caption":"Klik Opuzen"},"image":{"@id":"https:\/\/klikploce.com.hr\/opuzen\/#\/schema\/logo\/image\/"},"sameAs":["https:\/\/www.facebook.com\/klik.ploce"]},{"@type":"Person","@id":"https:\/\/klikploce.com.hr\/opuzen\/#\/schema\/person\/b85ea61b159cb5355f1c77fda4341407","name":"Klik Opuzen","image":{"@type":"ImageObject","inLanguage":"hr","@id":"https:\/\/klikploce.com.hr\/opuzen\/#\/schema\/person\/image\/","url":"https:\/\/secure.gravatar.com\/avatar\/8da98b2203f72dd20af5e6c35a035011808c19454706473a25dd256759a6f3e7?s=96&d=mm&r=g","contentUrl":"https:\/\/secure.gravatar.com\/avatar\/8da98b2203f72dd20af5e6c35a035011808c19454706473a25dd256759a6f3e7?s=96&d=mm&r=g","caption":"Klik Opuzen"},"url":"https:\/\/klikploce.com.hr\/opuzen\/author\/opuzen\/"}]}},"_links":{"self":[{"href":"https:\/\/klikploce.com.hr\/opuzen\/wp-json\/wp\/v2\/posts\/3090","targetHints":{"allow":["GET"]}}],"collection":[{"href":"https:\/\/klikploce.com.hr\/opuzen\/wp-json\/wp\/v2\/posts"}],"about":[{"href":"https:\/\/klikploce.com.hr\/opuzen\/wp-json\/wp\/v2\/types\/post"}],"author":[{"embeddable":true,"href":"https:\/\/klikploce.com.hr\/opuzen\/wp-json\/wp\/v2\/users\/2"}],"replies":[{"embeddable":true,"href":"https:\/\/klikploce.com.hr\/opuzen\/wp-json\/wp\/v2\/comments?post=3090"}],"version-history":[{"count":1,"href":"https:\/\/klikploce.com.hr\/opuzen\/wp-json\/wp\/v2\/posts\/3090\/revisions"}],"predecessor-version":[{"id":3098,"href":"https:\/\/klikploce.com.hr\/opuzen\/wp-json\/wp\/v2\/posts\/3090\/revisions\/3098"}],"wp:featuredmedia":[{"embeddable":true,"href":"https:\/\/klikploce.com.hr\/opuzen\/wp-json\/wp\/v2\/media\/3092"}],"wp:attachment":[{"href":"https:\/\/klikploce.com.hr\/opuzen\/wp-json\/wp\/v2\/media?parent=3090"}],"wp:term":[{"taxonomy":"category","embeddable":true,"href":"https:\/\/klikploce.com.hr\/opuzen\/wp-json\/wp\/v2\/categories?post=3090"},{"taxonomy":"post_tag","embeddable":true,"href":"https:\/\/klikploce.com.hr\/opuzen\/wp-json\/wp\/v2\/tags?post=3090"}],"curies":[{"name":"wp","href":"https:\/\/api.w.org\/{rel}","templated":true}]}}