{"id":3079,"date":"2026-02-17T22:08:08","date_gmt":"2026-02-17T21:08:08","guid":{"rendered":"https:\/\/klikploce.com.hr\/opuzen\/?p=3079"},"modified":"2026-02-17T22:08:08","modified_gmt":"2026-02-17T21:08:08","slug":"opuzen-spaljen-marko-krnjeval-procitana-oporuka-i-presuda-krivcu-za-sve-nedace-u-mistu","status":"publish","type":"post","link":"https:\/\/klikploce.com.hr\/opuzen\/opuzen-spaljen-marko-krnjeval-procitana-oporuka-i-presuda-krivcu-za-sve-nedace-u-mistu\/","title":{"rendered":"OPUZEN Spaljen Marko Krnjeval: pro\u010ditana oporuka i presuda krivcu za sve neda\u0107e u Mistu"},"content":{"rendered":"<p>U Opuzenu je ve\u010deras, pred brojnim okupljenima, odr\u017eano tradicionalno su\u0111enje Marku Krnjevalu, koji je i ove godine progla\u0161en krivcem za sve neda\u0107e koje su zadesile misto. Nakon \u010ditanja optu\u017enice i presude, Marko Krnjeval je, u skladu s dugogodi\u0161njom tradicijom, spaljen, \u010dime je simboli\u010dno zavr\u0161io ovogodi\u0161nji krnjeval.<\/p>\n<p>Sudac je Krnjevalu uputio oporuku u kojoj su, kroz satiru i humor, istaknuti brojni doga\u0111aji i problemi koji su obilje\u017eili proteklo razdoblje.<\/p>\n<p><em>marko, tereti\u0161 se:<\/em><\/p>\n<p><em>\u0161to je advent u mistu tako dobro organiziran,<\/em><\/p>\n<p><em>da ne zaslu\u017euje ni da bude fotografiran!<\/em><\/p>\n<p><em>napravija si \u0161ator, lampice i sjaj,<\/em><\/p>\n<p><em>al fale judi i dica \u2013 da bi bio pravi raj!<\/em><\/p>\n<p><em>u\u0161tipci i frutule se ispekli,<\/em><\/p>\n<p><em>al svi sidu doma \u2013 da se ne bi opet opekli!<\/em><\/p>\n<p><em>kriv si,<\/em><\/p>\n<p><em>\u0161to direktora turisti\u010dke jo\u0161 nemamo!<\/em><\/p>\n<p><em>pola godine ve\u0107 stolica prazna,<\/em><\/p>\n<p><em>kao da nam sve ostalo nije dovoljna kazna!<\/em><\/p>\n<p><em>kriv si marko,<\/em><\/p>\n<p><em>\u0161to vije\u0107a do lita nismo imali<\/em><\/p>\n<p><em>sami sobon smo vladali,<\/em><\/p>\n<p><em>jer se politi\u010dari na\u0161i vrli \u2013 dogovorit nisu znali!<\/em><\/p>\n<p><em>nadaje marko\u2026<\/em><\/p>\n<p><em>na teret ti se stavja i ovo te\u0161ko djelo:<\/em><\/p>\n<p><em>treneri neretvanca kratkih su rukava ostali,<\/em><\/p>\n<p><em>pod novom upravom umalo nezaposleni postali!<\/em><\/p>\n<p><em>umisto zvi\u017eduka, trke i znoja,<\/em><\/p>\n<p><em>zavladala ti\u0161ina bez sportskog boja!<\/em><\/p>\n<p><em>kriv si marko \u0161to je vrti\u0107 bio bez ravnatelja<\/em><\/p>\n<p><em>skoro do nove godine,<\/em><\/p>\n<p><em>pa su tete slale \u017eivotopis i u plodine!<\/em><\/p>\n<p><em>papiri kru\u017ee, sastanci traju, a dica rastu i u \u0161kolu skoro staju!<\/em><\/p>\n<p><em>na samu godinu staru \u2013 u\u0161etali u gradski dvor,<\/em><\/p>\n<p><em>odabrali v.d. ka poklon pod bor!<\/em><\/p>\n<p><em>kriv si,<\/em><\/p>\n<p><em>jer se na\u0161i mi\u0161\u0107ani i mi\u0161\u0107anke<\/em><\/p>\n<p><em>u malo koji doga\u0111aj uklju\u010de sami,<\/em><\/p>\n<p><em>a onda kukaju kako \u017eivimo u potpunoj tami!<\/em><\/p>\n<p><em>kad triba radit nema ih nigdi, a kad triba pri\u010dat prvi su svugdi!<\/em><\/p>\n<p><em>nema ih za do\u0107 pomo\u0107, dat ruke,<\/em><\/p>\n<p><em>al kad fe\u0161ta pro\u0111e i svitla se ugase \u2013<\/em><\/p>\n<p><em>kre\u0107u komentirat bez imalo muke!<\/em><\/p>\n<p>Na kraju, Marko Krnjeval je simboli\u010dno platio za sve nevolje, lo\u0161e i zlo u mistu, a njegovim spaljivanjem zavr\u0161ene su ovogodi\u0161nje pokladne sve\u010danosti u Opuzenu.<\/p>\n<p style=\"text-align: center;\"><img loading=\"lazy\" decoding=\"async\" class=\"aligncenter size-full wp-image-3080\" src=\"https:\/\/klikploce.com.hr\/opuzen\/wp-content\/uploads\/2026\/02\/FB_IMG_1771362033532.jpg\" alt=\"\" width=\"2048\" height=\"1536\" \/> <img loading=\"lazy\" decoding=\"async\" class=\"aligncenter size-full wp-image-3081\" src=\"https:\/\/klikploce.com.hr\/opuzen\/wp-content\/uploads\/2026\/02\/FB_IMG_1771362038335.jpg\" alt=\"\" width=\"2048\" height=\"1536\" \/> <img loading=\"lazy\" decoding=\"async\" class=\"aligncenter size-full wp-image-3082\" src=\"https:\/\/klikploce.com.hr\/opuzen\/wp-content\/uploads\/2026\/02\/FB_IMG_1771362035866.jpg\" alt=\"\" width=\"2048\" height=\"1536\" \/> <img loading=\"lazy\" decoding=\"async\" class=\"aligncenter size-full wp-image-3083\" src=\"https:\/\/klikploce.com.hr\/opuzen\/wp-content\/uploads\/2026\/02\/FB_IMG_1771362041821.jpg\" alt=\"\" width=\"2048\" height=\"1536\" \/> <img loading=\"lazy\" decoding=\"async\" class=\"aligncenter size-full wp-image-3084\" src=\"https:\/\/klikploce.com.hr\/opuzen\/wp-content\/uploads\/2026\/02\/FB_IMG_1771362044185.jpg\" alt=\"\" width=\"2048\" height=\"1536\" \/> <img loading=\"lazy\" decoding=\"async\" class=\"aligncenter size-full wp-image-3085\" src=\"https:\/\/klikploce.com.hr\/opuzen\/wp-content\/uploads\/2026\/02\/FB_IMG_1771362050727.jpg\" alt=\"\" width=\"2048\" height=\"1536\" \/><\/p>\n","protected":false},"excerpt":{"rendered":"<p>U Opuzenu je ve\u010deras, pred brojnim okupljenima, odr\u017eano tradicionalno su\u0111enje Marku Krnjevalu, koji je i ove godine progla\u0161en krivcem za sve neda\u0107e koje su zadesile misto. Nakon \u010ditanja optu\u017enice i presude, Marko Krnjeval je, u skladu s dugogodi\u0161njom tradicijom, spaljen, \u010dime je simboli\u010dno zavr\u0161io ovogodi\u0161nji krnjeval. Sudac je Krnjevalu uputio oporuku u kojoj su, kroz satiru i humor, istaknuti brojni doga\u0111aji i problemi koji su obilje\u017eili proteklo razdoblje. marko, tereti\u0161 se: \u0161to je advent u mistu tako dobro organiziran, da ne zaslu\u017euje ni da bude fotografiran! napravija si \u0161ator, lampice i sjaj, al fale judi i dica \u2013 da bi [&hellip;]<\/p>\n","protected":false},"author":2,"featured_media":3086,"comment_status":"open","ping_status":"open","sticky":false,"template":"","format":"standard","meta":{"footnotes":""},"categories":[147,143,144],"tags":[],"class_list":["post-3079","post","type-post","status-publish","format-standard","has-post-thumbnail","hentry","category-izdvojeno","category-opuzen","category-zabava-i-kultura"],"yoast_head":"<!-- This site is optimized with the Yoast SEO plugin v26.3 - https:\/\/yoast.com\/wordpress\/plugins\/seo\/ -->\n<title>OPUZEN Spaljen Marko Krnjeval: pro\u010ditana oporuka i presuda krivcu za sve neda\u0107e u Mistu - Klik Opuzen<\/title>\n<meta name=\"robots\" content=\"index, follow, max-snippet:-1, max-image-preview:large, max-video-preview:-1\" \/>\n<link rel=\"canonical\" href=\"https:\/\/klikploce.com.hr\/opuzen\/opuzen-spaljen-marko-krnjeval-procitana-oporuka-i-presuda-krivcu-za-sve-nedace-u-mistu\/\" \/>\n<meta property=\"og:locale\" content=\"hr_HR\" \/>\n<meta property=\"og:type\" content=\"article\" \/>\n<meta property=\"og:title\" content=\"OPUZEN Spaljen Marko Krnjeval: pro\u010ditana oporuka i presuda krivcu za sve neda\u0107e u Mistu - Klik Opuzen\" \/>\n<meta property=\"og:description\" content=\"U Opuzenu je ve\u010deras, pred brojnim okupljenima, odr\u017eano tradicionalno su\u0111enje Marku Krnjevalu, koji je i ove godine progla\u0161en krivcem za sve neda\u0107e koje su zadesile misto. Nakon \u010ditanja optu\u017enice i presude, Marko Krnjeval je, u skladu s dugogodi\u0161njom tradicijom, spaljen, \u010dime je simboli\u010dno zavr\u0161io ovogodi\u0161nji krnjeval. Sudac je Krnjevalu uputio oporuku u kojoj su, kroz satiru i humor, istaknuti brojni doga\u0111aji i problemi koji su obilje\u017eili proteklo razdoblje. marko, tereti\u0161 se: \u0161to je advent u mistu tako dobro organiziran, da ne zaslu\u017euje ni da bude fotografiran! napravija si \u0161ator, lampice i sjaj, al fale judi i dica \u2013 da bi [&hellip;]\" \/>\n<meta property=\"og:url\" content=\"https:\/\/klikploce.com.hr\/opuzen\/opuzen-spaljen-marko-krnjeval-procitana-oporuka-i-presuda-krivcu-za-sve-nedace-u-mistu\/\" \/>\n<meta property=\"og:site_name\" content=\"Klik Opuzen\" \/>\n<meta property=\"article:publisher\" content=\"https:\/\/www.facebook.com\/klik.ploce\" \/>\n<meta property=\"article:published_time\" content=\"2026-02-17T21:08:08+00:00\" \/>\n<meta property=\"og:image\" content=\"https:\/\/klikploce.com.hr\/opuzen\/wp-content\/uploads\/2026\/02\/GridArt_20260217_220128079-scaled.jpg\" \/>\n\t<meta property=\"og:image:width\" content=\"2560\" \/>\n\t<meta property=\"og:image:height\" content=\"2048\" \/>\n\t<meta property=\"og:image:type\" content=\"image\/jpeg\" \/>\n<meta name=\"author\" content=\"Klik Opuzen\" \/>\n<meta name=\"twitter:card\" content=\"summary_large_image\" \/>\n<meta name=\"twitter:label1\" content=\"Napisao\/la\" \/>\n\t<meta name=\"twitter:data1\" content=\"Klik Opuzen\" \/>\n\t<meta name=\"twitter:label2\" content=\"Procijenjeno vrijeme \u010ditanja\" \/>\n\t<meta name=\"twitter:data2\" content=\"4 minute\" \/>\n<script type=\"application\/ld+json\" class=\"yoast-schema-graph\">{\"@context\":\"https:\/\/schema.org\",\"@graph\":[{\"@type\":\"Article\",\"@id\":\"https:\/\/klikploce.com.hr\/opuzen\/opuzen-spaljen-marko-krnjeval-procitana-oporuka-i-presuda-krivcu-za-sve-nedace-u-mistu\/#article\",\"isPartOf\":{\"@id\":\"https:\/\/klikploce.com.hr\/opuzen\/opuzen-spaljen-marko-krnjeval-procitana-oporuka-i-presuda-krivcu-za-sve-nedace-u-mistu\/\"},\"author\":{\"name\":\"Klik Opuzen\",\"@id\":\"https:\/\/klikploce.com.hr\/opuzen\/#\/schema\/person\/b85ea61b159cb5355f1c77fda4341407\"},\"headline\":\"OPUZEN Spaljen Marko Krnjeval: pro\u010ditana oporuka i presuda krivcu za sve neda\u0107e u Mistu\",\"datePublished\":\"2026-02-17T21:08:08+00:00\",\"mainEntityOfPage\":{\"@id\":\"https:\/\/klikploce.com.hr\/opuzen\/opuzen-spaljen-marko-krnjeval-procitana-oporuka-i-presuda-krivcu-za-sve-nedace-u-mistu\/\"},\"wordCount\":372,\"commentCount\":0,\"publisher\":{\"@id\":\"https:\/\/klikploce.com.hr\/opuzen\/#organization\"},\"image\":{\"@id\":\"https:\/\/klikploce.com.hr\/opuzen\/opuzen-spaljen-marko-krnjeval-procitana-oporuka-i-presuda-krivcu-za-sve-nedace-u-mistu\/#primaryimage\"},\"thumbnailUrl\":\"https:\/\/klikploce.com.hr\/opuzen\/wp-content\/uploads\/2026\/02\/GridArt_20260217_220128079-scaled.jpg\",\"articleSection\":[\"Izdvojeno\",\"Opuzen\",\"Zabava i kultura\"],\"inLanguage\":\"hr\",\"potentialAction\":[{\"@type\":\"CommentAction\",\"name\":\"Comment\",\"target\":[\"https:\/\/klikploce.com.hr\/opuzen\/opuzen-spaljen-marko-krnjeval-procitana-oporuka-i-presuda-krivcu-za-sve-nedace-u-mistu\/#respond\"]}]},{\"@type\":\"WebPage\",\"@id\":\"https:\/\/klikploce.com.hr\/opuzen\/opuzen-spaljen-marko-krnjeval-procitana-oporuka-i-presuda-krivcu-za-sve-nedace-u-mistu\/\",\"url\":\"https:\/\/klikploce.com.hr\/opuzen\/opuzen-spaljen-marko-krnjeval-procitana-oporuka-i-presuda-krivcu-za-sve-nedace-u-mistu\/\",\"name\":\"OPUZEN Spaljen Marko Krnjeval: pro\u010ditana oporuka i presuda krivcu za sve neda\u0107e u Mistu - Klik Opuzen\",\"isPartOf\":{\"@id\":\"https:\/\/klikploce.com.hr\/opuzen\/#website\"},\"primaryImageOfPage\":{\"@id\":\"https:\/\/klikploce.com.hr\/opuzen\/opuzen-spaljen-marko-krnjeval-procitana-oporuka-i-presuda-krivcu-za-sve-nedace-u-mistu\/#primaryimage\"},\"image\":{\"@id\":\"https:\/\/klikploce.com.hr\/opuzen\/opuzen-spaljen-marko-krnjeval-procitana-oporuka-i-presuda-krivcu-za-sve-nedace-u-mistu\/#primaryimage\"},\"thumbnailUrl\":\"https:\/\/klikploce.com.hr\/opuzen\/wp-content\/uploads\/2026\/02\/GridArt_20260217_220128079-scaled.jpg\",\"datePublished\":\"2026-02-17T21:08:08+00:00\",\"breadcrumb\":{\"@id\":\"https:\/\/klikploce.com.hr\/opuzen\/opuzen-spaljen-marko-krnjeval-procitana-oporuka-i-presuda-krivcu-za-sve-nedace-u-mistu\/#breadcrumb\"},\"inLanguage\":\"hr\",\"potentialAction\":[{\"@type\":\"ReadAction\",\"target\":[\"https:\/\/klikploce.com.hr\/opuzen\/opuzen-spaljen-marko-krnjeval-procitana-oporuka-i-presuda-krivcu-za-sve-nedace-u-mistu\/\"]}]},{\"@type\":\"ImageObject\",\"inLanguage\":\"hr\",\"@id\":\"https:\/\/klikploce.com.hr\/opuzen\/opuzen-spaljen-marko-krnjeval-procitana-oporuka-i-presuda-krivcu-za-sve-nedace-u-mistu\/#primaryimage\",\"url\":\"https:\/\/klikploce.com.hr\/opuzen\/wp-content\/uploads\/2026\/02\/GridArt_20260217_220128079-scaled.jpg\",\"contentUrl\":\"https:\/\/klikploce.com.hr\/opuzen\/wp-content\/uploads\/2026\/02\/GridArt_20260217_220128079-scaled.jpg\",\"width\":2560,\"height\":2048},{\"@type\":\"BreadcrumbList\",\"@id\":\"https:\/\/klikploce.com.hr\/opuzen\/opuzen-spaljen-marko-krnjeval-procitana-oporuka-i-presuda-krivcu-za-sve-nedace-u-mistu\/#breadcrumb\",\"itemListElement\":[{\"@type\":\"ListItem\",\"position\":1,\"name\":\"Po\u010detna stranica\",\"item\":\"https:\/\/klikploce.com.hr\/opuzen\/\"},{\"@type\":\"ListItem\",\"position\":2,\"name\":\"OPUZEN Spaljen Marko Krnjeval: pro\u010ditana oporuka i presuda krivcu za sve neda\u0107e u Mistu\"}]},{\"@type\":\"WebSite\",\"@id\":\"https:\/\/klikploce.com.hr\/opuzen\/#website\",\"url\":\"https:\/\/klikploce.com.hr\/opuzen\/\",\"name\":\"Klik Opuzen\",\"description\":\"\",\"publisher\":{\"@id\":\"https:\/\/klikploce.com.hr\/opuzen\/#organization\"},\"potentialAction\":[{\"@type\":\"SearchAction\",\"target\":{\"@type\":\"EntryPoint\",\"urlTemplate\":\"https:\/\/klikploce.com.hr\/opuzen\/?s={search_term_string}\"},\"query-input\":{\"@type\":\"PropertyValueSpecification\",\"valueRequired\":true,\"valueName\":\"search_term_string\"}}],\"inLanguage\":\"hr\"},{\"@type\":\"Organization\",\"@id\":\"https:\/\/klikploce.com.hr\/opuzen\/#organization\",\"name\":\"Klik Opuzen\",\"url\":\"https:\/\/klikploce.com.hr\/opuzen\/\",\"logo\":{\"@type\":\"ImageObject\",\"inLanguage\":\"hr\",\"@id\":\"https:\/\/klikploce.com.hr\/opuzen\/#\/schema\/logo\/image\/\",\"url\":\"https:\/\/klikploce.com.hr\/opuzen\/wp-content\/uploads\/2025\/09\/KLIK-Opuzen.png\",\"contentUrl\":\"https:\/\/klikploce.com.hr\/opuzen\/wp-content\/uploads\/2025\/09\/KLIK-Opuzen.png\",\"width\":849,\"height\":222,\"caption\":\"Klik Opuzen\"},\"image\":{\"@id\":\"https:\/\/klikploce.com.hr\/opuzen\/#\/schema\/logo\/image\/\"},\"sameAs\":[\"https:\/\/www.facebook.com\/klik.ploce\"]},{\"@type\":\"Person\",\"@id\":\"https:\/\/klikploce.com.hr\/opuzen\/#\/schema\/person\/b85ea61b159cb5355f1c77fda4341407\",\"name\":\"Klik Opuzen\",\"image\":{\"@type\":\"ImageObject\",\"inLanguage\":\"hr\",\"@id\":\"https:\/\/klikploce.com.hr\/opuzen\/#\/schema\/person\/image\/\",\"url\":\"https:\/\/secure.gravatar.com\/avatar\/8da98b2203f72dd20af5e6c35a035011808c19454706473a25dd256759a6f3e7?s=96&d=mm&r=g\",\"contentUrl\":\"https:\/\/secure.gravatar.com\/avatar\/8da98b2203f72dd20af5e6c35a035011808c19454706473a25dd256759a6f3e7?s=96&d=mm&r=g\",\"caption\":\"Klik Opuzen\"},\"url\":\"https:\/\/klikploce.com.hr\/opuzen\/author\/opuzen\/\"}]}<\/script>\n<!-- \/ Yoast SEO plugin. -->","yoast_head_json":{"title":"OPUZEN Spaljen Marko Krnjeval: pro\u010ditana oporuka i presuda krivcu za sve neda\u0107e u Mistu - Klik Opuzen","robots":{"index":"index","follow":"follow","max-snippet":"max-snippet:-1","max-image-preview":"max-image-preview:large","max-video-preview":"max-video-preview:-1"},"canonical":"https:\/\/klikploce.com.hr\/opuzen\/opuzen-spaljen-marko-krnjeval-procitana-oporuka-i-presuda-krivcu-za-sve-nedace-u-mistu\/","og_locale":"hr_HR","og_type":"article","og_title":"OPUZEN Spaljen Marko Krnjeval: pro\u010ditana oporuka i presuda krivcu za sve neda\u0107e u Mistu - Klik Opuzen","og_description":"U Opuzenu je ve\u010deras, pred brojnim okupljenima, odr\u017eano tradicionalno su\u0111enje Marku Krnjevalu, koji je i ove godine progla\u0161en krivcem za sve neda\u0107e koje su zadesile misto. Nakon \u010ditanja optu\u017enice i presude, Marko Krnjeval je, u skladu s dugogodi\u0161njom tradicijom, spaljen, \u010dime je simboli\u010dno zavr\u0161io ovogodi\u0161nji krnjeval. Sudac je Krnjevalu uputio oporuku u kojoj su, kroz satiru i humor, istaknuti brojni doga\u0111aji i problemi koji su obilje\u017eili proteklo razdoblje. marko, tereti\u0161 se: \u0161to je advent u mistu tako dobro organiziran, da ne zaslu\u017euje ni da bude fotografiran! napravija si \u0161ator, lampice i sjaj, al fale judi i dica \u2013 da bi [&hellip;]","og_url":"https:\/\/klikploce.com.hr\/opuzen\/opuzen-spaljen-marko-krnjeval-procitana-oporuka-i-presuda-krivcu-za-sve-nedace-u-mistu\/","og_site_name":"Klik Opuzen","article_publisher":"https:\/\/www.facebook.com\/klik.ploce","article_published_time":"2026-02-17T21:08:08+00:00","og_image":[{"width":2560,"height":2048,"url":"https:\/\/klikploce.com.hr\/opuzen\/wp-content\/uploads\/2026\/02\/GridArt_20260217_220128079-scaled.jpg","type":"image\/jpeg"}],"author":"Klik Opuzen","twitter_card":"summary_large_image","twitter_misc":{"Napisao\/la":"Klik Opuzen","Procijenjeno vrijeme \u010ditanja":"4 minute"},"schema":{"@context":"https:\/\/schema.org","@graph":[{"@type":"Article","@id":"https:\/\/klikploce.com.hr\/opuzen\/opuzen-spaljen-marko-krnjeval-procitana-oporuka-i-presuda-krivcu-za-sve-nedace-u-mistu\/#article","isPartOf":{"@id":"https:\/\/klikploce.com.hr\/opuzen\/opuzen-spaljen-marko-krnjeval-procitana-oporuka-i-presuda-krivcu-za-sve-nedace-u-mistu\/"},"author":{"name":"Klik Opuzen","@id":"https:\/\/klikploce.com.hr\/opuzen\/#\/schema\/person\/b85ea61b159cb5355f1c77fda4341407"},"headline":"OPUZEN Spaljen Marko Krnjeval: pro\u010ditana oporuka i presuda krivcu za sve neda\u0107e u Mistu","datePublished":"2026-02-17T21:08:08+00:00","mainEntityOfPage":{"@id":"https:\/\/klikploce.com.hr\/opuzen\/opuzen-spaljen-marko-krnjeval-procitana-oporuka-i-presuda-krivcu-za-sve-nedace-u-mistu\/"},"wordCount":372,"commentCount":0,"publisher":{"@id":"https:\/\/klikploce.com.hr\/opuzen\/#organization"},"image":{"@id":"https:\/\/klikploce.com.hr\/opuzen\/opuzen-spaljen-marko-krnjeval-procitana-oporuka-i-presuda-krivcu-za-sve-nedace-u-mistu\/#primaryimage"},"thumbnailUrl":"https:\/\/klikploce.com.hr\/opuzen\/wp-content\/uploads\/2026\/02\/GridArt_20260217_220128079-scaled.jpg","articleSection":["Izdvojeno","Opuzen","Zabava i kultura"],"inLanguage":"hr","potentialAction":[{"@type":"CommentAction","name":"Comment","target":["https:\/\/klikploce.com.hr\/opuzen\/opuzen-spaljen-marko-krnjeval-procitana-oporuka-i-presuda-krivcu-za-sve-nedace-u-mistu\/#respond"]}]},{"@type":"WebPage","@id":"https:\/\/klikploce.com.hr\/opuzen\/opuzen-spaljen-marko-krnjeval-procitana-oporuka-i-presuda-krivcu-za-sve-nedace-u-mistu\/","url":"https:\/\/klikploce.com.hr\/opuzen\/opuzen-spaljen-marko-krnjeval-procitana-oporuka-i-presuda-krivcu-za-sve-nedace-u-mistu\/","name":"OPUZEN Spaljen Marko Krnjeval: pro\u010ditana oporuka i presuda krivcu za sve neda\u0107e u Mistu - Klik Opuzen","isPartOf":{"@id":"https:\/\/klikploce.com.hr\/opuzen\/#website"},"primaryImageOfPage":{"@id":"https:\/\/klikploce.com.hr\/opuzen\/opuzen-spaljen-marko-krnjeval-procitana-oporuka-i-presuda-krivcu-za-sve-nedace-u-mistu\/#primaryimage"},"image":{"@id":"https:\/\/klikploce.com.hr\/opuzen\/opuzen-spaljen-marko-krnjeval-procitana-oporuka-i-presuda-krivcu-za-sve-nedace-u-mistu\/#primaryimage"},"thumbnailUrl":"https:\/\/klikploce.com.hr\/opuzen\/wp-content\/uploads\/2026\/02\/GridArt_20260217_220128079-scaled.jpg","datePublished":"2026-02-17T21:08:08+00:00","breadcrumb":{"@id":"https:\/\/klikploce.com.hr\/opuzen\/opuzen-spaljen-marko-krnjeval-procitana-oporuka-i-presuda-krivcu-za-sve-nedace-u-mistu\/#breadcrumb"},"inLanguage":"hr","potentialAction":[{"@type":"ReadAction","target":["https:\/\/klikploce.com.hr\/opuzen\/opuzen-spaljen-marko-krnjeval-procitana-oporuka-i-presuda-krivcu-za-sve-nedace-u-mistu\/"]}]},{"@type":"ImageObject","inLanguage":"hr","@id":"https:\/\/klikploce.com.hr\/opuzen\/opuzen-spaljen-marko-krnjeval-procitana-oporuka-i-presuda-krivcu-za-sve-nedace-u-mistu\/#primaryimage","url":"https:\/\/klikploce.com.hr\/opuzen\/wp-content\/uploads\/2026\/02\/GridArt_20260217_220128079-scaled.jpg","contentUrl":"https:\/\/klikploce.com.hr\/opuzen\/wp-content\/uploads\/2026\/02\/GridArt_20260217_220128079-scaled.jpg","width":2560,"height":2048},{"@type":"BreadcrumbList","@id":"https:\/\/klikploce.com.hr\/opuzen\/opuzen-spaljen-marko-krnjeval-procitana-oporuka-i-presuda-krivcu-za-sve-nedace-u-mistu\/#breadcrumb","itemListElement":[{"@type":"ListItem","position":1,"name":"Po\u010detna stranica","item":"https:\/\/klikploce.com.hr\/opuzen\/"},{"@type":"ListItem","position":2,"name":"OPUZEN Spaljen Marko Krnjeval: pro\u010ditana oporuka i presuda krivcu za sve neda\u0107e u Mistu"}]},{"@type":"WebSite","@id":"https:\/\/klikploce.com.hr\/opuzen\/#website","url":"https:\/\/klikploce.com.hr\/opuzen\/","name":"Klik Opuzen","description":"","publisher":{"@id":"https:\/\/klikploce.com.hr\/opuzen\/#organization"},"potentialAction":[{"@type":"SearchAction","target":{"@type":"EntryPoint","urlTemplate":"https:\/\/klikploce.com.hr\/opuzen\/?s={search_term_string}"},"query-input":{"@type":"PropertyValueSpecification","valueRequired":true,"valueName":"search_term_string"}}],"inLanguage":"hr"},{"@type":"Organization","@id":"https:\/\/klikploce.com.hr\/opuzen\/#organization","name":"Klik Opuzen","url":"https:\/\/klikploce.com.hr\/opuzen\/","logo":{"@type":"ImageObject","inLanguage":"hr","@id":"https:\/\/klikploce.com.hr\/opuzen\/#\/schema\/logo\/image\/","url":"https:\/\/klikploce.com.hr\/opuzen\/wp-content\/uploads\/2025\/09\/KLIK-Opuzen.png","contentUrl":"https:\/\/klikploce.com.hr\/opuzen\/wp-content\/uploads\/2025\/09\/KLIK-Opuzen.png","width":849,"height":222,"caption":"Klik Opuzen"},"image":{"@id":"https:\/\/klikploce.com.hr\/opuzen\/#\/schema\/logo\/image\/"},"sameAs":["https:\/\/www.facebook.com\/klik.ploce"]},{"@type":"Person","@id":"https:\/\/klikploce.com.hr\/opuzen\/#\/schema\/person\/b85ea61b159cb5355f1c77fda4341407","name":"Klik Opuzen","image":{"@type":"ImageObject","inLanguage":"hr","@id":"https:\/\/klikploce.com.hr\/opuzen\/#\/schema\/person\/image\/","url":"https:\/\/secure.gravatar.com\/avatar\/8da98b2203f72dd20af5e6c35a035011808c19454706473a25dd256759a6f3e7?s=96&d=mm&r=g","contentUrl":"https:\/\/secure.gravatar.com\/avatar\/8da98b2203f72dd20af5e6c35a035011808c19454706473a25dd256759a6f3e7?s=96&d=mm&r=g","caption":"Klik Opuzen"},"url":"https:\/\/klikploce.com.hr\/opuzen\/author\/opuzen\/"}]}},"_links":{"self":[{"href":"https:\/\/klikploce.com.hr\/opuzen\/wp-json\/wp\/v2\/posts\/3079","targetHints":{"allow":["GET"]}}],"collection":[{"href":"https:\/\/klikploce.com.hr\/opuzen\/wp-json\/wp\/v2\/posts"}],"about":[{"href":"https:\/\/klikploce.com.hr\/opuzen\/wp-json\/wp\/v2\/types\/post"}],"author":[{"embeddable":true,"href":"https:\/\/klikploce.com.hr\/opuzen\/wp-json\/wp\/v2\/users\/2"}],"replies":[{"embeddable":true,"href":"https:\/\/klikploce.com.hr\/opuzen\/wp-json\/wp\/v2\/comments?post=3079"}],"version-history":[{"count":1,"href":"https:\/\/klikploce.com.hr\/opuzen\/wp-json\/wp\/v2\/posts\/3079\/revisions"}],"predecessor-version":[{"id":3087,"href":"https:\/\/klikploce.com.hr\/opuzen\/wp-json\/wp\/v2\/posts\/3079\/revisions\/3087"}],"wp:featuredmedia":[{"embeddable":true,"href":"https:\/\/klikploce.com.hr\/opuzen\/wp-json\/wp\/v2\/media\/3086"}],"wp:attachment":[{"href":"https:\/\/klikploce.com.hr\/opuzen\/wp-json\/wp\/v2\/media?parent=3079"}],"wp:term":[{"taxonomy":"category","embeddable":true,"href":"https:\/\/klikploce.com.hr\/opuzen\/wp-json\/wp\/v2\/categories?post=3079"},{"taxonomy":"post_tag","embeddable":true,"href":"https:\/\/klikploce.com.hr\/opuzen\/wp-json\/wp\/v2\/tags?post=3079"}],"curies":[{"name":"wp","href":"https:\/\/api.w.org\/{rel}","templated":true}]}}