{"id":3076,"date":"2026-02-17T15:35:10","date_gmt":"2026-02-17T14:35:10","guid":{"rendered":"https:\/\/klikploce.com.hr\/opuzen\/?p=3076"},"modified":"2026-02-17T15:35:10","modified_gmt":"2026-02-17T14:35:10","slug":"opuzenski-krnjeval-2026-ulazi-u-zavrsnicu-veceras-sudenje-i-spaljivanje-krnje","status":"publish","type":"post","link":"https:\/\/klikploce.com.hr\/opuzen\/opuzenski-krnjeval-2026-ulazi-u-zavrsnicu-veceras-sudenje-i-spaljivanje-krnje\/","title":{"rendered":"Opuzenski krnjeval 2026. ulazi u zavr\u0161nicu: Ve\u010deras su\u0111enje i spaljivanje Krnje"},"content":{"rendered":"<p>Opuzenski krnjeval 2026. ve\u010deras ulazi u svoju zavr\u0161nicu tradicionalnim pokladnim obi\u010dajima koji svake godine okupljaju brojne sudionike i posjetitelje.<\/p>\n<p>Pokladna povorka kre\u0107e u 18:30 sati s Trga kralja Tomislava, gdje \u0107e zapo\u010deti simboli\u010dno su\u0111enje Marku Krnjevalu. Nakon povorke, u 19:00 sati bit \u0107e pro\u010ditana presuda Krnjevalu, kojeg se prema obi\u010daju progla\u0161ava krivcem za sve neda\u0107e iz protekle godine.<\/p>\n<p>Zavr\u0161ni \u010din ve\u010deri bit \u0107e spaljivanje Marka, ukoliko to vremenske prilike dopuste.<\/p>\n<p style=\"text-align: center;\"><img loading=\"lazy\" decoding=\"async\" class=\"aligncenter size-full wp-image-3077\" src=\"https:\/\/klikploce.com.hr\/opuzen\/wp-content\/uploads\/2026\/02\/FB_IMG_1771338730131.jpg\" alt=\"\" width=\"1755\" height=\"1241\" \/><\/p>\n","protected":false},"excerpt":{"rendered":"<p>Opuzenski krnjeval 2026. ve\u010deras ulazi u svoju zavr\u0161nicu tradicionalnim pokladnim obi\u010dajima koji svake godine okupljaju brojne sudionike i posjetitelje. Pokladna povorka kre\u0107e u 18:30 sati s Trga kralja Tomislava, gdje \u0107e zapo\u010deti simboli\u010dno su\u0111enje Marku Krnjevalu. Nakon povorke, u 19:00 sati bit \u0107e pro\u010ditana presuda Krnjevalu, kojeg se prema obi\u010daju progla\u0161ava krivcem za sve neda\u0107e iz protekle godine. Zavr\u0161ni \u010din ve\u010deri bit \u0107e spaljivanje Marka, ukoliko to vremenske prilike dopuste.<\/p>\n","protected":false},"author":2,"featured_media":3077,"comment_status":"open","ping_status":"open","sticky":false,"template":"","format":"standard","meta":{"footnotes":""},"categories":[147,143,144],"tags":[243,244],"class_list":["post-3076","post","type-post","status-publish","format-standard","has-post-thumbnail","hentry","category-izdvojeno","category-opuzen","category-zabava-i-kultura","tag-krnjeval","tag-opuzenske-maskare"],"yoast_head":"<!-- This site is optimized with the Yoast SEO plugin v26.3 - https:\/\/yoast.com\/wordpress\/plugins\/seo\/ -->\n<title>Opuzenski krnjeval 2026. ulazi u zavr\u0161nicu: Ve\u010deras su\u0111enje i spaljivanje Krnje - Klik Opuzen<\/title>\n<meta name=\"robots\" content=\"index, follow, max-snippet:-1, max-image-preview:large, max-video-preview:-1\" \/>\n<link rel=\"canonical\" href=\"https:\/\/klikploce.com.hr\/opuzen\/opuzenski-krnjeval-2026-ulazi-u-zavrsnicu-veceras-sudenje-i-spaljivanje-krnje\/\" \/>\n<meta property=\"og:locale\" content=\"hr_HR\" \/>\n<meta property=\"og:type\" content=\"article\" \/>\n<meta property=\"og:title\" content=\"Opuzenski krnjeval 2026. ulazi u zavr\u0161nicu: Ve\u010deras su\u0111enje i spaljivanje Krnje - Klik Opuzen\" \/>\n<meta property=\"og:description\" content=\"Opuzenski krnjeval 2026. ve\u010deras ulazi u svoju zavr\u0161nicu tradicionalnim pokladnim obi\u010dajima koji svake godine okupljaju brojne sudionike i posjetitelje. Pokladna povorka kre\u0107e u 18:30 sati s Trga kralja Tomislava, gdje \u0107e zapo\u010deti simboli\u010dno su\u0111enje Marku Krnjevalu. Nakon povorke, u 19:00 sati bit \u0107e pro\u010ditana presuda Krnjevalu, kojeg se prema obi\u010daju progla\u0161ava krivcem za sve neda\u0107e iz protekle godine. Zavr\u0161ni \u010din ve\u010deri bit \u0107e spaljivanje Marka, ukoliko to vremenske prilike dopuste.\" \/>\n<meta property=\"og:url\" content=\"https:\/\/klikploce.com.hr\/opuzen\/opuzenski-krnjeval-2026-ulazi-u-zavrsnicu-veceras-sudenje-i-spaljivanje-krnje\/\" \/>\n<meta property=\"og:site_name\" content=\"Klik Opuzen\" \/>\n<meta property=\"article:publisher\" content=\"https:\/\/www.facebook.com\/klik.ploce\" \/>\n<meta property=\"article:published_time\" content=\"2026-02-17T14:35:10+00:00\" \/>\n<meta property=\"og:image\" content=\"https:\/\/klikploce.com.hr\/opuzen\/wp-content\/uploads\/2026\/02\/FB_IMG_1771338730131.jpg\" \/>\n\t<meta property=\"og:image:width\" content=\"1755\" \/>\n\t<meta property=\"og:image:height\" content=\"1241\" \/>\n\t<meta property=\"og:image:type\" content=\"image\/jpeg\" \/>\n<meta name=\"author\" content=\"Klik Opuzen\" \/>\n<meta name=\"twitter:card\" content=\"summary_large_image\" \/>\n<meta name=\"twitter:label1\" content=\"Napisao\/la\" \/>\n\t<meta name=\"twitter:data1\" content=\"Klik Opuzen\" \/>\n\t<meta name=\"twitter:label2\" content=\"Procijenjeno vrijeme \u010ditanja\" \/>\n\t<meta name=\"twitter:data2\" content=\"1 minuta\" \/>\n<script type=\"application\/ld+json\" class=\"yoast-schema-graph\">{\"@context\":\"https:\/\/schema.org\",\"@graph\":[{\"@type\":\"Article\",\"@id\":\"https:\/\/klikploce.com.hr\/opuzen\/opuzenski-krnjeval-2026-ulazi-u-zavrsnicu-veceras-sudenje-i-spaljivanje-krnje\/#article\",\"isPartOf\":{\"@id\":\"https:\/\/klikploce.com.hr\/opuzen\/opuzenski-krnjeval-2026-ulazi-u-zavrsnicu-veceras-sudenje-i-spaljivanje-krnje\/\"},\"author\":{\"name\":\"Klik Opuzen\",\"@id\":\"https:\/\/klikploce.com.hr\/opuzen\/#\/schema\/person\/b85ea61b159cb5355f1c77fda4341407\"},\"headline\":\"Opuzenski krnjeval 2026. ulazi u zavr\u0161nicu: Ve\u010deras su\u0111enje i spaljivanje Krnje\",\"datePublished\":\"2026-02-17T14:35:10+00:00\",\"mainEntityOfPage\":{\"@id\":\"https:\/\/klikploce.com.hr\/opuzen\/opuzenski-krnjeval-2026-ulazi-u-zavrsnicu-veceras-sudenje-i-spaljivanje-krnje\/\"},\"wordCount\":93,\"commentCount\":0,\"publisher\":{\"@id\":\"https:\/\/klikploce.com.hr\/opuzen\/#organization\"},\"image\":{\"@id\":\"https:\/\/klikploce.com.hr\/opuzen\/opuzenski-krnjeval-2026-ulazi-u-zavrsnicu-veceras-sudenje-i-spaljivanje-krnje\/#primaryimage\"},\"thumbnailUrl\":\"https:\/\/klikploce.com.hr\/opuzen\/wp-content\/uploads\/2026\/02\/FB_IMG_1771338730131.jpg\",\"keywords\":[\"krnjeval\",\"opuzenske ma\u0161kare\"],\"articleSection\":[\"Izdvojeno\",\"Opuzen\",\"Zabava i kultura\"],\"inLanguage\":\"hr\",\"potentialAction\":[{\"@type\":\"CommentAction\",\"name\":\"Comment\",\"target\":[\"https:\/\/klikploce.com.hr\/opuzen\/opuzenski-krnjeval-2026-ulazi-u-zavrsnicu-veceras-sudenje-i-spaljivanje-krnje\/#respond\"]}]},{\"@type\":\"WebPage\",\"@id\":\"https:\/\/klikploce.com.hr\/opuzen\/opuzenski-krnjeval-2026-ulazi-u-zavrsnicu-veceras-sudenje-i-spaljivanje-krnje\/\",\"url\":\"https:\/\/klikploce.com.hr\/opuzen\/opuzenski-krnjeval-2026-ulazi-u-zavrsnicu-veceras-sudenje-i-spaljivanje-krnje\/\",\"name\":\"Opuzenski krnjeval 2026. ulazi u zavr\u0161nicu: Ve\u010deras su\u0111enje i spaljivanje Krnje - Klik Opuzen\",\"isPartOf\":{\"@id\":\"https:\/\/klikploce.com.hr\/opuzen\/#website\"},\"primaryImageOfPage\":{\"@id\":\"https:\/\/klikploce.com.hr\/opuzen\/opuzenski-krnjeval-2026-ulazi-u-zavrsnicu-veceras-sudenje-i-spaljivanje-krnje\/#primaryimage\"},\"image\":{\"@id\":\"https:\/\/klikploce.com.hr\/opuzen\/opuzenski-krnjeval-2026-ulazi-u-zavrsnicu-veceras-sudenje-i-spaljivanje-krnje\/#primaryimage\"},\"thumbnailUrl\":\"https:\/\/klikploce.com.hr\/opuzen\/wp-content\/uploads\/2026\/02\/FB_IMG_1771338730131.jpg\",\"datePublished\":\"2026-02-17T14:35:10+00:00\",\"breadcrumb\":{\"@id\":\"https:\/\/klikploce.com.hr\/opuzen\/opuzenski-krnjeval-2026-ulazi-u-zavrsnicu-veceras-sudenje-i-spaljivanje-krnje\/#breadcrumb\"},\"inLanguage\":\"hr\",\"potentialAction\":[{\"@type\":\"ReadAction\",\"target\":[\"https:\/\/klikploce.com.hr\/opuzen\/opuzenski-krnjeval-2026-ulazi-u-zavrsnicu-veceras-sudenje-i-spaljivanje-krnje\/\"]}]},{\"@type\":\"ImageObject\",\"inLanguage\":\"hr\",\"@id\":\"https:\/\/klikploce.com.hr\/opuzen\/opuzenski-krnjeval-2026-ulazi-u-zavrsnicu-veceras-sudenje-i-spaljivanje-krnje\/#primaryimage\",\"url\":\"https:\/\/klikploce.com.hr\/opuzen\/wp-content\/uploads\/2026\/02\/FB_IMG_1771338730131.jpg\",\"contentUrl\":\"https:\/\/klikploce.com.hr\/opuzen\/wp-content\/uploads\/2026\/02\/FB_IMG_1771338730131.jpg\",\"width\":1755,\"height\":1241},{\"@type\":\"BreadcrumbList\",\"@id\":\"https:\/\/klikploce.com.hr\/opuzen\/opuzenski-krnjeval-2026-ulazi-u-zavrsnicu-veceras-sudenje-i-spaljivanje-krnje\/#breadcrumb\",\"itemListElement\":[{\"@type\":\"ListItem\",\"position\":1,\"name\":\"Po\u010detna stranica\",\"item\":\"https:\/\/klikploce.com.hr\/opuzen\/\"},{\"@type\":\"ListItem\",\"position\":2,\"name\":\"Opuzenski krnjeval 2026. ulazi u zavr\u0161nicu: Ve\u010deras su\u0111enje i spaljivanje Krnje\"}]},{\"@type\":\"WebSite\",\"@id\":\"https:\/\/klikploce.com.hr\/opuzen\/#website\",\"url\":\"https:\/\/klikploce.com.hr\/opuzen\/\",\"name\":\"Klik Opuzen\",\"description\":\"\",\"publisher\":{\"@id\":\"https:\/\/klikploce.com.hr\/opuzen\/#organization\"},\"potentialAction\":[{\"@type\":\"SearchAction\",\"target\":{\"@type\":\"EntryPoint\",\"urlTemplate\":\"https:\/\/klikploce.com.hr\/opuzen\/?s={search_term_string}\"},\"query-input\":{\"@type\":\"PropertyValueSpecification\",\"valueRequired\":true,\"valueName\":\"search_term_string\"}}],\"inLanguage\":\"hr\"},{\"@type\":\"Organization\",\"@id\":\"https:\/\/klikploce.com.hr\/opuzen\/#organization\",\"name\":\"Klik Opuzen\",\"url\":\"https:\/\/klikploce.com.hr\/opuzen\/\",\"logo\":{\"@type\":\"ImageObject\",\"inLanguage\":\"hr\",\"@id\":\"https:\/\/klikploce.com.hr\/opuzen\/#\/schema\/logo\/image\/\",\"url\":\"https:\/\/klikploce.com.hr\/opuzen\/wp-content\/uploads\/2025\/09\/KLIK-Opuzen.png\",\"contentUrl\":\"https:\/\/klikploce.com.hr\/opuzen\/wp-content\/uploads\/2025\/09\/KLIK-Opuzen.png\",\"width\":849,\"height\":222,\"caption\":\"Klik Opuzen\"},\"image\":{\"@id\":\"https:\/\/klikploce.com.hr\/opuzen\/#\/schema\/logo\/image\/\"},\"sameAs\":[\"https:\/\/www.facebook.com\/klik.ploce\"]},{\"@type\":\"Person\",\"@id\":\"https:\/\/klikploce.com.hr\/opuzen\/#\/schema\/person\/b85ea61b159cb5355f1c77fda4341407\",\"name\":\"Klik Opuzen\",\"image\":{\"@type\":\"ImageObject\",\"inLanguage\":\"hr\",\"@id\":\"https:\/\/klikploce.com.hr\/opuzen\/#\/schema\/person\/image\/\",\"url\":\"https:\/\/secure.gravatar.com\/avatar\/8da98b2203f72dd20af5e6c35a035011808c19454706473a25dd256759a6f3e7?s=96&d=mm&r=g\",\"contentUrl\":\"https:\/\/secure.gravatar.com\/avatar\/8da98b2203f72dd20af5e6c35a035011808c19454706473a25dd256759a6f3e7?s=96&d=mm&r=g\",\"caption\":\"Klik Opuzen\"},\"url\":\"https:\/\/klikploce.com.hr\/opuzen\/author\/opuzen\/\"}]}<\/script>\n<!-- \/ Yoast SEO plugin. -->","yoast_head_json":{"title":"Opuzenski krnjeval 2026. ulazi u zavr\u0161nicu: Ve\u010deras su\u0111enje i spaljivanje Krnje - Klik Opuzen","robots":{"index":"index","follow":"follow","max-snippet":"max-snippet:-1","max-image-preview":"max-image-preview:large","max-video-preview":"max-video-preview:-1"},"canonical":"https:\/\/klikploce.com.hr\/opuzen\/opuzenski-krnjeval-2026-ulazi-u-zavrsnicu-veceras-sudenje-i-spaljivanje-krnje\/","og_locale":"hr_HR","og_type":"article","og_title":"Opuzenski krnjeval 2026. ulazi u zavr\u0161nicu: Ve\u010deras su\u0111enje i spaljivanje Krnje - Klik Opuzen","og_description":"Opuzenski krnjeval 2026. ve\u010deras ulazi u svoju zavr\u0161nicu tradicionalnim pokladnim obi\u010dajima koji svake godine okupljaju brojne sudionike i posjetitelje. Pokladna povorka kre\u0107e u 18:30 sati s Trga kralja Tomislava, gdje \u0107e zapo\u010deti simboli\u010dno su\u0111enje Marku Krnjevalu. Nakon povorke, u 19:00 sati bit \u0107e pro\u010ditana presuda Krnjevalu, kojeg se prema obi\u010daju progla\u0161ava krivcem za sve neda\u0107e iz protekle godine. Zavr\u0161ni \u010din ve\u010deri bit \u0107e spaljivanje Marka, ukoliko to vremenske prilike dopuste.","og_url":"https:\/\/klikploce.com.hr\/opuzen\/opuzenski-krnjeval-2026-ulazi-u-zavrsnicu-veceras-sudenje-i-spaljivanje-krnje\/","og_site_name":"Klik Opuzen","article_publisher":"https:\/\/www.facebook.com\/klik.ploce","article_published_time":"2026-02-17T14:35:10+00:00","og_image":[{"width":1755,"height":1241,"url":"https:\/\/klikploce.com.hr\/opuzen\/wp-content\/uploads\/2026\/02\/FB_IMG_1771338730131.jpg","type":"image\/jpeg"}],"author":"Klik Opuzen","twitter_card":"summary_large_image","twitter_misc":{"Napisao\/la":"Klik Opuzen","Procijenjeno vrijeme \u010ditanja":"1 minuta"},"schema":{"@context":"https:\/\/schema.org","@graph":[{"@type":"Article","@id":"https:\/\/klikploce.com.hr\/opuzen\/opuzenski-krnjeval-2026-ulazi-u-zavrsnicu-veceras-sudenje-i-spaljivanje-krnje\/#article","isPartOf":{"@id":"https:\/\/klikploce.com.hr\/opuzen\/opuzenski-krnjeval-2026-ulazi-u-zavrsnicu-veceras-sudenje-i-spaljivanje-krnje\/"},"author":{"name":"Klik Opuzen","@id":"https:\/\/klikploce.com.hr\/opuzen\/#\/schema\/person\/b85ea61b159cb5355f1c77fda4341407"},"headline":"Opuzenski krnjeval 2026. ulazi u zavr\u0161nicu: Ve\u010deras su\u0111enje i spaljivanje Krnje","datePublished":"2026-02-17T14:35:10+00:00","mainEntityOfPage":{"@id":"https:\/\/klikploce.com.hr\/opuzen\/opuzenski-krnjeval-2026-ulazi-u-zavrsnicu-veceras-sudenje-i-spaljivanje-krnje\/"},"wordCount":93,"commentCount":0,"publisher":{"@id":"https:\/\/klikploce.com.hr\/opuzen\/#organization"},"image":{"@id":"https:\/\/klikploce.com.hr\/opuzen\/opuzenski-krnjeval-2026-ulazi-u-zavrsnicu-veceras-sudenje-i-spaljivanje-krnje\/#primaryimage"},"thumbnailUrl":"https:\/\/klikploce.com.hr\/opuzen\/wp-content\/uploads\/2026\/02\/FB_IMG_1771338730131.jpg","keywords":["krnjeval","opuzenske ma\u0161kare"],"articleSection":["Izdvojeno","Opuzen","Zabava i kultura"],"inLanguage":"hr","potentialAction":[{"@type":"CommentAction","name":"Comment","target":["https:\/\/klikploce.com.hr\/opuzen\/opuzenski-krnjeval-2026-ulazi-u-zavrsnicu-veceras-sudenje-i-spaljivanje-krnje\/#respond"]}]},{"@type":"WebPage","@id":"https:\/\/klikploce.com.hr\/opuzen\/opuzenski-krnjeval-2026-ulazi-u-zavrsnicu-veceras-sudenje-i-spaljivanje-krnje\/","url":"https:\/\/klikploce.com.hr\/opuzen\/opuzenski-krnjeval-2026-ulazi-u-zavrsnicu-veceras-sudenje-i-spaljivanje-krnje\/","name":"Opuzenski krnjeval 2026. ulazi u zavr\u0161nicu: Ve\u010deras su\u0111enje i spaljivanje Krnje - Klik Opuzen","isPartOf":{"@id":"https:\/\/klikploce.com.hr\/opuzen\/#website"},"primaryImageOfPage":{"@id":"https:\/\/klikploce.com.hr\/opuzen\/opuzenski-krnjeval-2026-ulazi-u-zavrsnicu-veceras-sudenje-i-spaljivanje-krnje\/#primaryimage"},"image":{"@id":"https:\/\/klikploce.com.hr\/opuzen\/opuzenski-krnjeval-2026-ulazi-u-zavrsnicu-veceras-sudenje-i-spaljivanje-krnje\/#primaryimage"},"thumbnailUrl":"https:\/\/klikploce.com.hr\/opuzen\/wp-content\/uploads\/2026\/02\/FB_IMG_1771338730131.jpg","datePublished":"2026-02-17T14:35:10+00:00","breadcrumb":{"@id":"https:\/\/klikploce.com.hr\/opuzen\/opuzenski-krnjeval-2026-ulazi-u-zavrsnicu-veceras-sudenje-i-spaljivanje-krnje\/#breadcrumb"},"inLanguage":"hr","potentialAction":[{"@type":"ReadAction","target":["https:\/\/klikploce.com.hr\/opuzen\/opuzenski-krnjeval-2026-ulazi-u-zavrsnicu-veceras-sudenje-i-spaljivanje-krnje\/"]}]},{"@type":"ImageObject","inLanguage":"hr","@id":"https:\/\/klikploce.com.hr\/opuzen\/opuzenski-krnjeval-2026-ulazi-u-zavrsnicu-veceras-sudenje-i-spaljivanje-krnje\/#primaryimage","url":"https:\/\/klikploce.com.hr\/opuzen\/wp-content\/uploads\/2026\/02\/FB_IMG_1771338730131.jpg","contentUrl":"https:\/\/klikploce.com.hr\/opuzen\/wp-content\/uploads\/2026\/02\/FB_IMG_1771338730131.jpg","width":1755,"height":1241},{"@type":"BreadcrumbList","@id":"https:\/\/klikploce.com.hr\/opuzen\/opuzenski-krnjeval-2026-ulazi-u-zavrsnicu-veceras-sudenje-i-spaljivanje-krnje\/#breadcrumb","itemListElement":[{"@type":"ListItem","position":1,"name":"Po\u010detna stranica","item":"https:\/\/klikploce.com.hr\/opuzen\/"},{"@type":"ListItem","position":2,"name":"Opuzenski krnjeval 2026. ulazi u zavr\u0161nicu: Ve\u010deras su\u0111enje i spaljivanje Krnje"}]},{"@type":"WebSite","@id":"https:\/\/klikploce.com.hr\/opuzen\/#website","url":"https:\/\/klikploce.com.hr\/opuzen\/","name":"Klik Opuzen","description":"","publisher":{"@id":"https:\/\/klikploce.com.hr\/opuzen\/#organization"},"potentialAction":[{"@type":"SearchAction","target":{"@type":"EntryPoint","urlTemplate":"https:\/\/klikploce.com.hr\/opuzen\/?s={search_term_string}"},"query-input":{"@type":"PropertyValueSpecification","valueRequired":true,"valueName":"search_term_string"}}],"inLanguage":"hr"},{"@type":"Organization","@id":"https:\/\/klikploce.com.hr\/opuzen\/#organization","name":"Klik Opuzen","url":"https:\/\/klikploce.com.hr\/opuzen\/","logo":{"@type":"ImageObject","inLanguage":"hr","@id":"https:\/\/klikploce.com.hr\/opuzen\/#\/schema\/logo\/image\/","url":"https:\/\/klikploce.com.hr\/opuzen\/wp-content\/uploads\/2025\/09\/KLIK-Opuzen.png","contentUrl":"https:\/\/klikploce.com.hr\/opuzen\/wp-content\/uploads\/2025\/09\/KLIK-Opuzen.png","width":849,"height":222,"caption":"Klik Opuzen"},"image":{"@id":"https:\/\/klikploce.com.hr\/opuzen\/#\/schema\/logo\/image\/"},"sameAs":["https:\/\/www.facebook.com\/klik.ploce"]},{"@type":"Person","@id":"https:\/\/klikploce.com.hr\/opuzen\/#\/schema\/person\/b85ea61b159cb5355f1c77fda4341407","name":"Klik Opuzen","image":{"@type":"ImageObject","inLanguage":"hr","@id":"https:\/\/klikploce.com.hr\/opuzen\/#\/schema\/person\/image\/","url":"https:\/\/secure.gravatar.com\/avatar\/8da98b2203f72dd20af5e6c35a035011808c19454706473a25dd256759a6f3e7?s=96&d=mm&r=g","contentUrl":"https:\/\/secure.gravatar.com\/avatar\/8da98b2203f72dd20af5e6c35a035011808c19454706473a25dd256759a6f3e7?s=96&d=mm&r=g","caption":"Klik Opuzen"},"url":"https:\/\/klikploce.com.hr\/opuzen\/author\/opuzen\/"}]}},"_links":{"self":[{"href":"https:\/\/klikploce.com.hr\/opuzen\/wp-json\/wp\/v2\/posts\/3076","targetHints":{"allow":["GET"]}}],"collection":[{"href":"https:\/\/klikploce.com.hr\/opuzen\/wp-json\/wp\/v2\/posts"}],"about":[{"href":"https:\/\/klikploce.com.hr\/opuzen\/wp-json\/wp\/v2\/types\/post"}],"author":[{"embeddable":true,"href":"https:\/\/klikploce.com.hr\/opuzen\/wp-json\/wp\/v2\/users\/2"}],"replies":[{"embeddable":true,"href":"https:\/\/klikploce.com.hr\/opuzen\/wp-json\/wp\/v2\/comments?post=3076"}],"version-history":[{"count":1,"href":"https:\/\/klikploce.com.hr\/opuzen\/wp-json\/wp\/v2\/posts\/3076\/revisions"}],"predecessor-version":[{"id":3078,"href":"https:\/\/klikploce.com.hr\/opuzen\/wp-json\/wp\/v2\/posts\/3076\/revisions\/3078"}],"wp:featuredmedia":[{"embeddable":true,"href":"https:\/\/klikploce.com.hr\/opuzen\/wp-json\/wp\/v2\/media\/3077"}],"wp:attachment":[{"href":"https:\/\/klikploce.com.hr\/opuzen\/wp-json\/wp\/v2\/media?parent=3076"}],"wp:term":[{"taxonomy":"category","embeddable":true,"href":"https:\/\/klikploce.com.hr\/opuzen\/wp-json\/wp\/v2\/categories?post=3076"},{"taxonomy":"post_tag","embeddable":true,"href":"https:\/\/klikploce.com.hr\/opuzen\/wp-json\/wp\/v2\/tags?post=3076"}],"curies":[{"name":"wp","href":"https:\/\/api.w.org\/{rel}","templated":true}]}}