{"id":3065,"date":"2026-02-13T18:20:29","date_gmt":"2026-02-13T17:20:29","guid":{"rendered":"https:\/\/klikploce.com.hr\/opuzen\/?p=3065"},"modified":"2026-02-13T20:54:14","modified_gmt":"2026-02-13T19:54:14","slug":"mataga-o-projektu-na-neretvi-rjesenje-koje-se-cekalo-desetljecima","status":"publish","type":"post","link":"https:\/\/klikploce.com.hr\/opuzen\/mataga-o-projektu-na-neretvi-rjesenje-koje-se-cekalo-desetljecima\/","title":{"rendered":"Mataga o projektu na Neretvi: Rje\u0161enje koje se \u010dekalo desetlje\u0107ima"},"content":{"rendered":"<p>Na gradili\u0161tu mobilne pregrade na rijeci Neretvi obilje\u017eena je nova faza realizacije jednog od najva\u017enijih infrastrukturnih projekata za dolinu Neretve \u2013 projekta \u201eZa\u0161tita od zaslanjivanja tala i voda na podru\u010dju Donje Neretve\u201d,<a href=\"https:\/\/klikploce.com.hr\/opuzen\/mobilna-pregrada-na-neretvi-kljucni-korak-u-zastiti-poljoprivrede-donje-neretve\/\"> o \u010demu smo danas pisali.\u00a0<\/a><\/p>\n<p>Rije\u010d je o dugoo\u010dekivanom zahvatu koji ima klju\u010dnu ulogu u za\u0161titi poljoprivrede i osiguravanju stabilnih uvjeta za navodnjavanje, a radove su obi\u0161li visoki dr\u017eavni, \u017eupanijski i lokalni du\u017enosnici.<\/p>\n<p>Gradona\u010delnik Opuzena Ivan Mataga istaknuo je kako ovaj projekt predstavlja prekretnicu za Opuzen i cijelu dolinu Neretve, posebno za poljoprivredne proizvo\u0111a\u010de koji se godinama suo\u010davaju s problemom zaslanjivanja tla.<\/p>\n<p>\u201eOvo je projekt koji se \u010dekao desetlje\u0107ima i koji donosi trajno rje\u0161enje problema saliniteta prilikom navodnjavanja. Mobilna pregrada sprije\u010dit \u0107e prodor mora, a formiranjem bazena slatke vode stvorit \u0107e se preduvjeti za sigurno i u\u010dinkovito navodnjavanje poljoprivrednih povr\u0161ina. Time se izravno \u0161titi proizvodnja, ali i egzistencija velikog broja obitelji u dolini Neretve\u201d, poru\u010dio je Mataga.<\/p>\n<p>Dodao je i kako je rije\u010d o sna\u017enoj poruci da dr\u017eava, \u017eupanija i nadle\u017ene institucije prepoznaju va\u017enost doline Neretve kao strate\u0161ki va\u017enog poljoprivrednog podru\u010dja.<\/p>\n<p>Ukupna vrijednost projekta iznosi 85,5 milijuna eura s PDV-om, dok sama izgradnja mobilne pregrade vrijedi oko 30 milijuna eura, a zavr\u0161etak svih faza planiran je u roku od \u010detiri godine. Po dovr\u0161etku projekta osigurat \u0107e se navodnjavanje gotovo 1.900 hektara poljoprivrednih povr\u0161ina na podru\u010dju Jasenske, Modri\u0107a, Vidrica i Luka, uz mogu\u0107nost povezivanja postoje\u0107eg sustava \u201eGlog\u201d.<\/p>\n<p>Projekt za\u0161tite od zaslanjivanja tla i voda predstavlja jedan od najzna\u010dajnijih razvojnih iskoraka za Opuzen i cijelu dolinu Neretve, stvaraju\u0107i dugoro\u010dne preduvjete za stabilnu poljoprivredu, o\u010duvanje tla i odr\u017eivi razvoj ovog kraja.<\/p>\n<p>Foto: metkovic.hr<\/p>\n","protected":false},"excerpt":{"rendered":"<p>Na gradili\u0161tu mobilne pregrade na rijeci Neretvi obilje\u017eena je nova faza realizacije jednog od najva\u017enijih infrastrukturnih projekata za dolinu Neretve \u2013 projekta \u201eZa\u0161tita od zaslanjivanja tala i voda na podru\u010dju Donje Neretve\u201d, o \u010demu smo danas pisali.\u00a0 Rije\u010d je o dugoo\u010dekivanom zahvatu koji ima klju\u010dnu ulogu u za\u0161titi poljoprivrede i osiguravanju stabilnih uvjeta za navodnjavanje, a radove su obi\u0161li visoki dr\u017eavni, \u017eupanijski i lokalni du\u017enosnici. Gradona\u010delnik Opuzena Ivan Mataga istaknuo je kako ovaj projekt predstavlja prekretnicu za Opuzen i cijelu dolinu Neretve, posebno za poljoprivredne proizvo\u0111a\u010de koji se godinama suo\u010davaju s problemom zaslanjivanja tla. \u201eOvo je projekt koji se \u010dekao [&hellip;]<\/p>\n","protected":false},"author":2,"featured_media":3070,"comment_status":"open","ping_status":"open","sticky":false,"template":"","format":"standard","meta":{"footnotes":""},"categories":[147,143,156],"tags":[167,242],"class_list":["post-3065","post","type-post","status-publish","format-standard","has-post-thumbnail","hentry","category-izdvojeno","category-opuzen","category-politika-i-gospodarstvo","tag-ivan-mataga","tag-pregrada-na-neretvi"],"yoast_head":"<!-- This site is optimized with the Yoast SEO plugin v26.3 - https:\/\/yoast.com\/wordpress\/plugins\/seo\/ -->\n<title>Mataga o projektu na Neretvi: Rje\u0161enje koje se \u010dekalo desetlje\u0107ima - Klik Opuzen<\/title>\n<meta name=\"robots\" content=\"index, follow, max-snippet:-1, max-image-preview:large, max-video-preview:-1\" \/>\n<link rel=\"canonical\" href=\"https:\/\/klikploce.com.hr\/opuzen\/mataga-o-projektu-na-neretvi-rjesenje-koje-se-cekalo-desetljecima\/\" \/>\n<meta property=\"og:locale\" content=\"hr_HR\" \/>\n<meta property=\"og:type\" content=\"article\" \/>\n<meta property=\"og:title\" content=\"Mataga o projektu na Neretvi: Rje\u0161enje koje se \u010dekalo desetlje\u0107ima - Klik Opuzen\" \/>\n<meta property=\"og:description\" content=\"Na gradili\u0161tu mobilne pregrade na rijeci Neretvi obilje\u017eena je nova faza realizacije jednog od najva\u017enijih infrastrukturnih projekata za dolinu Neretve \u2013 projekta \u201eZa\u0161tita od zaslanjivanja tala i voda na podru\u010dju Donje Neretve\u201d, o \u010demu smo danas pisali.\u00a0 Rije\u010d je o dugoo\u010dekivanom zahvatu koji ima klju\u010dnu ulogu u za\u0161titi poljoprivrede i osiguravanju stabilnih uvjeta za navodnjavanje, a radove su obi\u0161li visoki dr\u017eavni, \u017eupanijski i lokalni du\u017enosnici. Gradona\u010delnik Opuzena Ivan Mataga istaknuo je kako ovaj projekt predstavlja prekretnicu za Opuzen i cijelu dolinu Neretve, posebno za poljoprivredne proizvo\u0111a\u010de koji se godinama suo\u010davaju s problemom zaslanjivanja tla. \u201eOvo je projekt koji se \u010dekao [&hellip;]\" \/>\n<meta property=\"og:url\" content=\"https:\/\/klikploce.com.hr\/opuzen\/mataga-o-projektu-na-neretvi-rjesenje-koje-se-cekalo-desetljecima\/\" \/>\n<meta property=\"og:site_name\" content=\"Klik Opuzen\" \/>\n<meta property=\"article:publisher\" content=\"https:\/\/www.facebook.com\/klik.ploce\" \/>\n<meta property=\"article:published_time\" content=\"2026-02-13T17:20:29+00:00\" \/>\n<meta property=\"article:modified_time\" content=\"2026-02-13T19:54:14+00:00\" \/>\n<meta property=\"og:image\" content=\"https:\/\/klikploce.com.hr\/opuzen\/wp-content\/uploads\/2026\/02\/WhatsApp-Image-2026-02-13-at-12.19.38-1-scaled.jpeg\" \/>\n\t<meta property=\"og:image:width\" content=\"2560\" \/>\n\t<meta property=\"og:image:height\" content=\"2011\" \/>\n\t<meta property=\"og:image:type\" content=\"image\/jpeg\" \/>\n<meta name=\"author\" content=\"Klik Opuzen\" \/>\n<meta name=\"twitter:card\" content=\"summary_large_image\" \/>\n<meta name=\"twitter:label1\" content=\"Napisao\/la\" \/>\n\t<meta name=\"twitter:data1\" content=\"Klik Opuzen\" \/>\n\t<meta name=\"twitter:label2\" content=\"Procijenjeno vrijeme \u010ditanja\" \/>\n\t<meta name=\"twitter:data2\" content=\"2 minute\" \/>\n<script type=\"application\/ld+json\" class=\"yoast-schema-graph\">{\"@context\":\"https:\/\/schema.org\",\"@graph\":[{\"@type\":\"Article\",\"@id\":\"https:\/\/klikploce.com.hr\/opuzen\/mataga-o-projektu-na-neretvi-rjesenje-koje-se-cekalo-desetljecima\/#article\",\"isPartOf\":{\"@id\":\"https:\/\/klikploce.com.hr\/opuzen\/mataga-o-projektu-na-neretvi-rjesenje-koje-se-cekalo-desetljecima\/\"},\"author\":{\"name\":\"Klik Opuzen\",\"@id\":\"https:\/\/klikploce.com.hr\/opuzen\/#\/schema\/person\/b85ea61b159cb5355f1c77fda4341407\"},\"headline\":\"Mataga o projektu na Neretvi: Rje\u0161enje koje se \u010dekalo desetlje\u0107ima\",\"datePublished\":\"2026-02-13T17:20:29+00:00\",\"dateModified\":\"2026-02-13T19:54:14+00:00\",\"mainEntityOfPage\":{\"@id\":\"https:\/\/klikploce.com.hr\/opuzen\/mataga-o-projektu-na-neretvi-rjesenje-koje-se-cekalo-desetljecima\/\"},\"wordCount\":312,\"commentCount\":0,\"publisher\":{\"@id\":\"https:\/\/klikploce.com.hr\/opuzen\/#organization\"},\"image\":{\"@id\":\"https:\/\/klikploce.com.hr\/opuzen\/mataga-o-projektu-na-neretvi-rjesenje-koje-se-cekalo-desetljecima\/#primaryimage\"},\"thumbnailUrl\":\"https:\/\/klikploce.com.hr\/opuzen\/wp-content\/uploads\/2026\/02\/WhatsApp-Image-2026-02-13-at-12.19.38-1-scaled.jpeg\",\"keywords\":[\"ivan mataga\",\"pregrada na neretvi\"],\"articleSection\":[\"Izdvojeno\",\"Opuzen\",\"Politika i gospodarstvo\"],\"inLanguage\":\"hr\",\"potentialAction\":[{\"@type\":\"CommentAction\",\"name\":\"Comment\",\"target\":[\"https:\/\/klikploce.com.hr\/opuzen\/mataga-o-projektu-na-neretvi-rjesenje-koje-se-cekalo-desetljecima\/#respond\"]}]},{\"@type\":\"WebPage\",\"@id\":\"https:\/\/klikploce.com.hr\/opuzen\/mataga-o-projektu-na-neretvi-rjesenje-koje-se-cekalo-desetljecima\/\",\"url\":\"https:\/\/klikploce.com.hr\/opuzen\/mataga-o-projektu-na-neretvi-rjesenje-koje-se-cekalo-desetljecima\/\",\"name\":\"Mataga o projektu na Neretvi: Rje\u0161enje koje se \u010dekalo desetlje\u0107ima - Klik Opuzen\",\"isPartOf\":{\"@id\":\"https:\/\/klikploce.com.hr\/opuzen\/#website\"},\"primaryImageOfPage\":{\"@id\":\"https:\/\/klikploce.com.hr\/opuzen\/mataga-o-projektu-na-neretvi-rjesenje-koje-se-cekalo-desetljecima\/#primaryimage\"},\"image\":{\"@id\":\"https:\/\/klikploce.com.hr\/opuzen\/mataga-o-projektu-na-neretvi-rjesenje-koje-se-cekalo-desetljecima\/#primaryimage\"},\"thumbnailUrl\":\"https:\/\/klikploce.com.hr\/opuzen\/wp-content\/uploads\/2026\/02\/WhatsApp-Image-2026-02-13-at-12.19.38-1-scaled.jpeg\",\"datePublished\":\"2026-02-13T17:20:29+00:00\",\"dateModified\":\"2026-02-13T19:54:14+00:00\",\"breadcrumb\":{\"@id\":\"https:\/\/klikploce.com.hr\/opuzen\/mataga-o-projektu-na-neretvi-rjesenje-koje-se-cekalo-desetljecima\/#breadcrumb\"},\"inLanguage\":\"hr\",\"potentialAction\":[{\"@type\":\"ReadAction\",\"target\":[\"https:\/\/klikploce.com.hr\/opuzen\/mataga-o-projektu-na-neretvi-rjesenje-koje-se-cekalo-desetljecima\/\"]}]},{\"@type\":\"ImageObject\",\"inLanguage\":\"hr\",\"@id\":\"https:\/\/klikploce.com.hr\/opuzen\/mataga-o-projektu-na-neretvi-rjesenje-koje-se-cekalo-desetljecima\/#primaryimage\",\"url\":\"https:\/\/klikploce.com.hr\/opuzen\/wp-content\/uploads\/2026\/02\/WhatsApp-Image-2026-02-13-at-12.19.38-1-scaled.jpeg\",\"contentUrl\":\"https:\/\/klikploce.com.hr\/opuzen\/wp-content\/uploads\/2026\/02\/WhatsApp-Image-2026-02-13-at-12.19.38-1-scaled.jpeg\",\"width\":2560,\"height\":2011,\"caption\":\"CREATOR: gd-jpeg v1.0 (using IJG JPEG v62), quality = 81?\"},{\"@type\":\"BreadcrumbList\",\"@id\":\"https:\/\/klikploce.com.hr\/opuzen\/mataga-o-projektu-na-neretvi-rjesenje-koje-se-cekalo-desetljecima\/#breadcrumb\",\"itemListElement\":[{\"@type\":\"ListItem\",\"position\":1,\"name\":\"Po\u010detna stranica\",\"item\":\"https:\/\/klikploce.com.hr\/opuzen\/\"},{\"@type\":\"ListItem\",\"position\":2,\"name\":\"Mataga o projektu na Neretvi: Rje\u0161enje koje se \u010dekalo desetlje\u0107ima\"}]},{\"@type\":\"WebSite\",\"@id\":\"https:\/\/klikploce.com.hr\/opuzen\/#website\",\"url\":\"https:\/\/klikploce.com.hr\/opuzen\/\",\"name\":\"Klik Opuzen\",\"description\":\"\",\"publisher\":{\"@id\":\"https:\/\/klikploce.com.hr\/opuzen\/#organization\"},\"potentialAction\":[{\"@type\":\"SearchAction\",\"target\":{\"@type\":\"EntryPoint\",\"urlTemplate\":\"https:\/\/klikploce.com.hr\/opuzen\/?s={search_term_string}\"},\"query-input\":{\"@type\":\"PropertyValueSpecification\",\"valueRequired\":true,\"valueName\":\"search_term_string\"}}],\"inLanguage\":\"hr\"},{\"@type\":\"Organization\",\"@id\":\"https:\/\/klikploce.com.hr\/opuzen\/#organization\",\"name\":\"Klik Opuzen\",\"url\":\"https:\/\/klikploce.com.hr\/opuzen\/\",\"logo\":{\"@type\":\"ImageObject\",\"inLanguage\":\"hr\",\"@id\":\"https:\/\/klikploce.com.hr\/opuzen\/#\/schema\/logo\/image\/\",\"url\":\"https:\/\/klikploce.com.hr\/opuzen\/wp-content\/uploads\/2025\/09\/KLIK-Opuzen.png\",\"contentUrl\":\"https:\/\/klikploce.com.hr\/opuzen\/wp-content\/uploads\/2025\/09\/KLIK-Opuzen.png\",\"width\":849,\"height\":222,\"caption\":\"Klik Opuzen\"},\"image\":{\"@id\":\"https:\/\/klikploce.com.hr\/opuzen\/#\/schema\/logo\/image\/\"},\"sameAs\":[\"https:\/\/www.facebook.com\/klik.ploce\"]},{\"@type\":\"Person\",\"@id\":\"https:\/\/klikploce.com.hr\/opuzen\/#\/schema\/person\/b85ea61b159cb5355f1c77fda4341407\",\"name\":\"Klik Opuzen\",\"image\":{\"@type\":\"ImageObject\",\"inLanguage\":\"hr\",\"@id\":\"https:\/\/klikploce.com.hr\/opuzen\/#\/schema\/person\/image\/\",\"url\":\"https:\/\/secure.gravatar.com\/avatar\/8da98b2203f72dd20af5e6c35a035011808c19454706473a25dd256759a6f3e7?s=96&d=mm&r=g\",\"contentUrl\":\"https:\/\/secure.gravatar.com\/avatar\/8da98b2203f72dd20af5e6c35a035011808c19454706473a25dd256759a6f3e7?s=96&d=mm&r=g\",\"caption\":\"Klik Opuzen\"},\"url\":\"https:\/\/klikploce.com.hr\/opuzen\/author\/opuzen\/\"}]}<\/script>\n<!-- \/ Yoast SEO plugin. -->","yoast_head_json":{"title":"Mataga o projektu na Neretvi: Rje\u0161enje koje se \u010dekalo desetlje\u0107ima - Klik Opuzen","robots":{"index":"index","follow":"follow","max-snippet":"max-snippet:-1","max-image-preview":"max-image-preview:large","max-video-preview":"max-video-preview:-1"},"canonical":"https:\/\/klikploce.com.hr\/opuzen\/mataga-o-projektu-na-neretvi-rjesenje-koje-se-cekalo-desetljecima\/","og_locale":"hr_HR","og_type":"article","og_title":"Mataga o projektu na Neretvi: Rje\u0161enje koje se \u010dekalo desetlje\u0107ima - Klik Opuzen","og_description":"Na gradili\u0161tu mobilne pregrade na rijeci Neretvi obilje\u017eena je nova faza realizacije jednog od najva\u017enijih infrastrukturnih projekata za dolinu Neretve \u2013 projekta \u201eZa\u0161tita od zaslanjivanja tala i voda na podru\u010dju Donje Neretve\u201d, o \u010demu smo danas pisali.\u00a0 Rije\u010d je o dugoo\u010dekivanom zahvatu koji ima klju\u010dnu ulogu u za\u0161titi poljoprivrede i osiguravanju stabilnih uvjeta za navodnjavanje, a radove su obi\u0161li visoki dr\u017eavni, \u017eupanijski i lokalni du\u017enosnici. Gradona\u010delnik Opuzena Ivan Mataga istaknuo je kako ovaj projekt predstavlja prekretnicu za Opuzen i cijelu dolinu Neretve, posebno za poljoprivredne proizvo\u0111a\u010de koji se godinama suo\u010davaju s problemom zaslanjivanja tla. \u201eOvo je projekt koji se \u010dekao [&hellip;]","og_url":"https:\/\/klikploce.com.hr\/opuzen\/mataga-o-projektu-na-neretvi-rjesenje-koje-se-cekalo-desetljecima\/","og_site_name":"Klik Opuzen","article_publisher":"https:\/\/www.facebook.com\/klik.ploce","article_published_time":"2026-02-13T17:20:29+00:00","article_modified_time":"2026-02-13T19:54:14+00:00","og_image":[{"width":2560,"height":2011,"url":"https:\/\/klikploce.com.hr\/opuzen\/wp-content\/uploads\/2026\/02\/WhatsApp-Image-2026-02-13-at-12.19.38-1-scaled.jpeg","type":"image\/jpeg"}],"author":"Klik Opuzen","twitter_card":"summary_large_image","twitter_misc":{"Napisao\/la":"Klik Opuzen","Procijenjeno vrijeme \u010ditanja":"2 minute"},"schema":{"@context":"https:\/\/schema.org","@graph":[{"@type":"Article","@id":"https:\/\/klikploce.com.hr\/opuzen\/mataga-o-projektu-na-neretvi-rjesenje-koje-se-cekalo-desetljecima\/#article","isPartOf":{"@id":"https:\/\/klikploce.com.hr\/opuzen\/mataga-o-projektu-na-neretvi-rjesenje-koje-se-cekalo-desetljecima\/"},"author":{"name":"Klik Opuzen","@id":"https:\/\/klikploce.com.hr\/opuzen\/#\/schema\/person\/b85ea61b159cb5355f1c77fda4341407"},"headline":"Mataga o projektu na Neretvi: Rje\u0161enje koje se \u010dekalo desetlje\u0107ima","datePublished":"2026-02-13T17:20:29+00:00","dateModified":"2026-02-13T19:54:14+00:00","mainEntityOfPage":{"@id":"https:\/\/klikploce.com.hr\/opuzen\/mataga-o-projektu-na-neretvi-rjesenje-koje-se-cekalo-desetljecima\/"},"wordCount":312,"commentCount":0,"publisher":{"@id":"https:\/\/klikploce.com.hr\/opuzen\/#organization"},"image":{"@id":"https:\/\/klikploce.com.hr\/opuzen\/mataga-o-projektu-na-neretvi-rjesenje-koje-se-cekalo-desetljecima\/#primaryimage"},"thumbnailUrl":"https:\/\/klikploce.com.hr\/opuzen\/wp-content\/uploads\/2026\/02\/WhatsApp-Image-2026-02-13-at-12.19.38-1-scaled.jpeg","keywords":["ivan mataga","pregrada na neretvi"],"articleSection":["Izdvojeno","Opuzen","Politika i gospodarstvo"],"inLanguage":"hr","potentialAction":[{"@type":"CommentAction","name":"Comment","target":["https:\/\/klikploce.com.hr\/opuzen\/mataga-o-projektu-na-neretvi-rjesenje-koje-se-cekalo-desetljecima\/#respond"]}]},{"@type":"WebPage","@id":"https:\/\/klikploce.com.hr\/opuzen\/mataga-o-projektu-na-neretvi-rjesenje-koje-se-cekalo-desetljecima\/","url":"https:\/\/klikploce.com.hr\/opuzen\/mataga-o-projektu-na-neretvi-rjesenje-koje-se-cekalo-desetljecima\/","name":"Mataga o projektu na Neretvi: Rje\u0161enje koje se \u010dekalo desetlje\u0107ima - Klik Opuzen","isPartOf":{"@id":"https:\/\/klikploce.com.hr\/opuzen\/#website"},"primaryImageOfPage":{"@id":"https:\/\/klikploce.com.hr\/opuzen\/mataga-o-projektu-na-neretvi-rjesenje-koje-se-cekalo-desetljecima\/#primaryimage"},"image":{"@id":"https:\/\/klikploce.com.hr\/opuzen\/mataga-o-projektu-na-neretvi-rjesenje-koje-se-cekalo-desetljecima\/#primaryimage"},"thumbnailUrl":"https:\/\/klikploce.com.hr\/opuzen\/wp-content\/uploads\/2026\/02\/WhatsApp-Image-2026-02-13-at-12.19.38-1-scaled.jpeg","datePublished":"2026-02-13T17:20:29+00:00","dateModified":"2026-02-13T19:54:14+00:00","breadcrumb":{"@id":"https:\/\/klikploce.com.hr\/opuzen\/mataga-o-projektu-na-neretvi-rjesenje-koje-se-cekalo-desetljecima\/#breadcrumb"},"inLanguage":"hr","potentialAction":[{"@type":"ReadAction","target":["https:\/\/klikploce.com.hr\/opuzen\/mataga-o-projektu-na-neretvi-rjesenje-koje-se-cekalo-desetljecima\/"]}]},{"@type":"ImageObject","inLanguage":"hr","@id":"https:\/\/klikploce.com.hr\/opuzen\/mataga-o-projektu-na-neretvi-rjesenje-koje-se-cekalo-desetljecima\/#primaryimage","url":"https:\/\/klikploce.com.hr\/opuzen\/wp-content\/uploads\/2026\/02\/WhatsApp-Image-2026-02-13-at-12.19.38-1-scaled.jpeg","contentUrl":"https:\/\/klikploce.com.hr\/opuzen\/wp-content\/uploads\/2026\/02\/WhatsApp-Image-2026-02-13-at-12.19.38-1-scaled.jpeg","width":2560,"height":2011,"caption":"CREATOR: gd-jpeg v1.0 (using IJG JPEG v62), quality = 81?"},{"@type":"BreadcrumbList","@id":"https:\/\/klikploce.com.hr\/opuzen\/mataga-o-projektu-na-neretvi-rjesenje-koje-se-cekalo-desetljecima\/#breadcrumb","itemListElement":[{"@type":"ListItem","position":1,"name":"Po\u010detna stranica","item":"https:\/\/klikploce.com.hr\/opuzen\/"},{"@type":"ListItem","position":2,"name":"Mataga o projektu na Neretvi: Rje\u0161enje koje se \u010dekalo desetlje\u0107ima"}]},{"@type":"WebSite","@id":"https:\/\/klikploce.com.hr\/opuzen\/#website","url":"https:\/\/klikploce.com.hr\/opuzen\/","name":"Klik Opuzen","description":"","publisher":{"@id":"https:\/\/klikploce.com.hr\/opuzen\/#organization"},"potentialAction":[{"@type":"SearchAction","target":{"@type":"EntryPoint","urlTemplate":"https:\/\/klikploce.com.hr\/opuzen\/?s={search_term_string}"},"query-input":{"@type":"PropertyValueSpecification","valueRequired":true,"valueName":"search_term_string"}}],"inLanguage":"hr"},{"@type":"Organization","@id":"https:\/\/klikploce.com.hr\/opuzen\/#organization","name":"Klik Opuzen","url":"https:\/\/klikploce.com.hr\/opuzen\/","logo":{"@type":"ImageObject","inLanguage":"hr","@id":"https:\/\/klikploce.com.hr\/opuzen\/#\/schema\/logo\/image\/","url":"https:\/\/klikploce.com.hr\/opuzen\/wp-content\/uploads\/2025\/09\/KLIK-Opuzen.png","contentUrl":"https:\/\/klikploce.com.hr\/opuzen\/wp-content\/uploads\/2025\/09\/KLIK-Opuzen.png","width":849,"height":222,"caption":"Klik Opuzen"},"image":{"@id":"https:\/\/klikploce.com.hr\/opuzen\/#\/schema\/logo\/image\/"},"sameAs":["https:\/\/www.facebook.com\/klik.ploce"]},{"@type":"Person","@id":"https:\/\/klikploce.com.hr\/opuzen\/#\/schema\/person\/b85ea61b159cb5355f1c77fda4341407","name":"Klik Opuzen","image":{"@type":"ImageObject","inLanguage":"hr","@id":"https:\/\/klikploce.com.hr\/opuzen\/#\/schema\/person\/image\/","url":"https:\/\/secure.gravatar.com\/avatar\/8da98b2203f72dd20af5e6c35a035011808c19454706473a25dd256759a6f3e7?s=96&d=mm&r=g","contentUrl":"https:\/\/secure.gravatar.com\/avatar\/8da98b2203f72dd20af5e6c35a035011808c19454706473a25dd256759a6f3e7?s=96&d=mm&r=g","caption":"Klik Opuzen"},"url":"https:\/\/klikploce.com.hr\/opuzen\/author\/opuzen\/"}]}},"_links":{"self":[{"href":"https:\/\/klikploce.com.hr\/opuzen\/wp-json\/wp\/v2\/posts\/3065","targetHints":{"allow":["GET"]}}],"collection":[{"href":"https:\/\/klikploce.com.hr\/opuzen\/wp-json\/wp\/v2\/posts"}],"about":[{"href":"https:\/\/klikploce.com.hr\/opuzen\/wp-json\/wp\/v2\/types\/post"}],"author":[{"embeddable":true,"href":"https:\/\/klikploce.com.hr\/opuzen\/wp-json\/wp\/v2\/users\/2"}],"replies":[{"embeddable":true,"href":"https:\/\/klikploce.com.hr\/opuzen\/wp-json\/wp\/v2\/comments?post=3065"}],"version-history":[{"count":3,"href":"https:\/\/klikploce.com.hr\/opuzen\/wp-json\/wp\/v2\/posts\/3065\/revisions"}],"predecessor-version":[{"id":3069,"href":"https:\/\/klikploce.com.hr\/opuzen\/wp-json\/wp\/v2\/posts\/3065\/revisions\/3069"}],"wp:featuredmedia":[{"embeddable":true,"href":"https:\/\/klikploce.com.hr\/opuzen\/wp-json\/wp\/v2\/media\/3070"}],"wp:attachment":[{"href":"https:\/\/klikploce.com.hr\/opuzen\/wp-json\/wp\/v2\/media?parent=3065"}],"wp:term":[{"taxonomy":"category","embeddable":true,"href":"https:\/\/klikploce.com.hr\/opuzen\/wp-json\/wp\/v2\/categories?post=3065"},{"taxonomy":"post_tag","embeddable":true,"href":"https:\/\/klikploce.com.hr\/opuzen\/wp-json\/wp\/v2\/tags?post=3065"}],"curies":[{"name":"wp","href":"https:\/\/api.w.org\/{rel}","templated":true}]}}