{"id":3059,"date":"2026-02-13T16:37:29","date_gmt":"2026-02-13T15:37:29","guid":{"rendered":"https:\/\/klikploce.com.hr\/opuzen\/?p=3059"},"modified":"2026-02-13T16:37:29","modified_gmt":"2026-02-13T15:37:29","slug":"mobilna-pregrada-na-neretvi-kljucni-korak-u-zastiti-poljoprivrede-donje-neretve","status":"publish","type":"post","link":"https:\/\/klikploce.com.hr\/opuzen\/mobilna-pregrada-na-neretvi-kljucni-korak-u-zastiti-poljoprivrede-donje-neretve\/","title":{"rendered":"Mobilna pregrada na Neretvi klju\u010dni korak u za\u0161titi poljoprivrede Donje Neretve"},"content":{"rendered":"<p>\u017dupan Bla\u017e Pezo, zajedno s ministricom za\u0161tite okoli\u0161a i zelene tranzicije Marija Vu\u010dkovi\u0107 te generalnim direktorom Hrvatske vode Zoran \u0110urokovi\u0107, obi\u0161ao je gradili\u0161te projekta mobilne pregrade na rijeci Neretvi.<\/p>\n<p>Rije\u010d je o prvoj etapi projekta za\u0161tite od zaslanjivanja tala i voda na podru\u010dju Donje Neretve, \u010dija ukupna vrijednost prema\u0161uje 85 milijuna eura. Projekt ima strate\u0161ku va\u017enost za ovo podru\u010dje jer predstavlja klju\u010dnu mjeru u o\u010duvanju plodnosti poljoprivrednih tala i za\u0161titi vodnih resursa.<\/p>\n<p>Realizacijom projekta dugoro\u010dno se osiguravaju preduvjeti za odr\u017eivi razvoj poljoprivredne proizvodnje, stabilnost ekosustava te za\u0161titu okoli\u0161a u Donjoj Neretvi, \u010dime se rje\u0161ava jedan od najve\u0107ih izazova s kojima se ovo podru\u010dje suo\u010dava desetlje\u0107ima.<\/p>\n<p style=\"text-align: center;\"><img loading=\"lazy\" decoding=\"async\" class=\"aligncenter size-full wp-image-3060\" src=\"https:\/\/klikploce.com.hr\/opuzen\/wp-content\/uploads\/2026\/02\/FB_IMG_1770988444948.jpg\" alt=\"\" width=\"1536\" height=\"2048\" \/> <img loading=\"lazy\" decoding=\"async\" class=\"aligncenter size-full wp-image-3061\" src=\"https:\/\/klikploce.com.hr\/opuzen\/wp-content\/uploads\/2026\/02\/FB_IMG_1770988442567.jpg\" alt=\"\" width=\"2048\" height=\"1536\" \/> <img loading=\"lazy\" decoding=\"async\" class=\"aligncenter size-full wp-image-3062\" src=\"https:\/\/klikploce.com.hr\/opuzen\/wp-content\/uploads\/2026\/02\/FB_IMG_1770988448620.jpg\" alt=\"\" width=\"2048\" height=\"1536\" \/><\/p>\n","protected":false},"excerpt":{"rendered":"<p>\u017dupan Bla\u017e Pezo, zajedno s ministricom za\u0161tite okoli\u0161a i zelene tranzicije Marija Vu\u010dkovi\u0107 te generalnim direktorom Hrvatske vode Zoran \u0110urokovi\u0107, obi\u0161ao je gradili\u0161te projekta mobilne pregrade na rijeci Neretvi. Rije\u010d je o prvoj etapi projekta za\u0161tite od zaslanjivanja tala i voda na podru\u010dju Donje Neretve, \u010dija ukupna vrijednost prema\u0161uje 85 milijuna eura. Projekt ima strate\u0161ku va\u017enost za ovo podru\u010dje jer predstavlja klju\u010dnu mjeru u o\u010duvanju plodnosti poljoprivrednih tala i za\u0161titi vodnih resursa. Realizacijom projekta dugoro\u010dno se osiguravaju preduvjeti za odr\u017eivi razvoj poljoprivredne proizvodnje, stabilnost ekosustava te za\u0161titu okoli\u0161a u Donjoj Neretvi, \u010dime se rje\u0161ava jedan od najve\u0107ih izazova s kojima [&hellip;]<\/p>\n","protected":false},"author":2,"featured_media":3063,"comment_status":"open","ping_status":"open","sticky":false,"template":"","format":"standard","meta":{"footnotes":""},"categories":[147,143,156],"tags":[240,241],"class_list":["post-3059","post","type-post","status-publish","format-standard","has-post-thumbnail","hentry","category-izdvojeno","category-opuzen","category-politika-i-gospodarstvo","tag-blaz-pezo","tag-marija-vuckovic"],"yoast_head":"<!-- This site is optimized with the Yoast SEO plugin v26.3 - https:\/\/yoast.com\/wordpress\/plugins\/seo\/ -->\n<title>Mobilna pregrada na Neretvi klju\u010dni korak u za\u0161titi poljoprivrede Donje Neretve - Klik Opuzen<\/title>\n<meta name=\"robots\" content=\"index, follow, max-snippet:-1, max-image-preview:large, max-video-preview:-1\" \/>\n<link rel=\"canonical\" href=\"https:\/\/klikploce.com.hr\/opuzen\/mobilna-pregrada-na-neretvi-kljucni-korak-u-zastiti-poljoprivrede-donje-neretve\/\" \/>\n<meta property=\"og:locale\" content=\"hr_HR\" \/>\n<meta property=\"og:type\" content=\"article\" \/>\n<meta property=\"og:title\" content=\"Mobilna pregrada na Neretvi klju\u010dni korak u za\u0161titi poljoprivrede Donje Neretve - Klik Opuzen\" \/>\n<meta property=\"og:description\" content=\"\u017dupan Bla\u017e Pezo, zajedno s ministricom za\u0161tite okoli\u0161a i zelene tranzicije Marija Vu\u010dkovi\u0107 te generalnim direktorom Hrvatske vode Zoran \u0110urokovi\u0107, obi\u0161ao je gradili\u0161te projekta mobilne pregrade na rijeci Neretvi. Rije\u010d je o prvoj etapi projekta za\u0161tite od zaslanjivanja tala i voda na podru\u010dju Donje Neretve, \u010dija ukupna vrijednost prema\u0161uje 85 milijuna eura. Projekt ima strate\u0161ku va\u017enost za ovo podru\u010dje jer predstavlja klju\u010dnu mjeru u o\u010duvanju plodnosti poljoprivrednih tala i za\u0161titi vodnih resursa. Realizacijom projekta dugoro\u010dno se osiguravaju preduvjeti za odr\u017eivi razvoj poljoprivredne proizvodnje, stabilnost ekosustava te za\u0161titu okoli\u0161a u Donjoj Neretvi, \u010dime se rje\u0161ava jedan od najve\u0107ih izazova s kojima [&hellip;]\" \/>\n<meta property=\"og:url\" content=\"https:\/\/klikploce.com.hr\/opuzen\/mobilna-pregrada-na-neretvi-kljucni-korak-u-zastiti-poljoprivrede-donje-neretve\/\" \/>\n<meta property=\"og:site_name\" content=\"Klik Opuzen\" \/>\n<meta property=\"article:publisher\" content=\"https:\/\/www.facebook.com\/klik.ploce\" \/>\n<meta property=\"article:published_time\" content=\"2026-02-13T15:37:29+00:00\" \/>\n<meta property=\"og:image\" content=\"https:\/\/klikploce.com.hr\/opuzen\/wp-content\/uploads\/2026\/02\/FB_IMG_1770988438737.jpg\" \/>\n\t<meta property=\"og:image:width\" content=\"2048\" \/>\n\t<meta property=\"og:image:height\" content=\"1536\" \/>\n\t<meta property=\"og:image:type\" content=\"image\/jpeg\" \/>\n<meta name=\"author\" content=\"Klik Opuzen\" \/>\n<meta name=\"twitter:card\" content=\"summary_large_image\" \/>\n<meta name=\"twitter:label1\" content=\"Napisao\/la\" \/>\n\t<meta name=\"twitter:data1\" content=\"Klik Opuzen\" \/>\n\t<meta name=\"twitter:label2\" content=\"Procijenjeno vrijeme \u010ditanja\" \/>\n\t<meta name=\"twitter:data2\" content=\"2 minute\" \/>\n<script type=\"application\/ld+json\" class=\"yoast-schema-graph\">{\"@context\":\"https:\/\/schema.org\",\"@graph\":[{\"@type\":\"Article\",\"@id\":\"https:\/\/klikploce.com.hr\/opuzen\/mobilna-pregrada-na-neretvi-kljucni-korak-u-zastiti-poljoprivrede-donje-neretve\/#article\",\"isPartOf\":{\"@id\":\"https:\/\/klikploce.com.hr\/opuzen\/mobilna-pregrada-na-neretvi-kljucni-korak-u-zastiti-poljoprivrede-donje-neretve\/\"},\"author\":{\"name\":\"Klik Opuzen\",\"@id\":\"https:\/\/klikploce.com.hr\/opuzen\/#\/schema\/person\/b85ea61b159cb5355f1c77fda4341407\"},\"headline\":\"Mobilna pregrada na Neretvi klju\u010dni korak u za\u0161titi poljoprivrede Donje Neretve\",\"datePublished\":\"2026-02-13T15:37:29+00:00\",\"mainEntityOfPage\":{\"@id\":\"https:\/\/klikploce.com.hr\/opuzen\/mobilna-pregrada-na-neretvi-kljucni-korak-u-zastiti-poljoprivrede-donje-neretve\/\"},\"wordCount\":140,\"commentCount\":1,\"publisher\":{\"@id\":\"https:\/\/klikploce.com.hr\/opuzen\/#organization\"},\"image\":{\"@id\":\"https:\/\/klikploce.com.hr\/opuzen\/mobilna-pregrada-na-neretvi-kljucni-korak-u-zastiti-poljoprivrede-donje-neretve\/#primaryimage\"},\"thumbnailUrl\":\"https:\/\/klikploce.com.hr\/opuzen\/wp-content\/uploads\/2026\/02\/FB_IMG_1770988438737.jpg\",\"keywords\":[\"bla\u017e pezo\",\"marija vu\u010dkovi\u0107\"],\"articleSection\":[\"Izdvojeno\",\"Opuzen\",\"Politika i gospodarstvo\"],\"inLanguage\":\"hr\",\"potentialAction\":[{\"@type\":\"CommentAction\",\"name\":\"Comment\",\"target\":[\"https:\/\/klikploce.com.hr\/opuzen\/mobilna-pregrada-na-neretvi-kljucni-korak-u-zastiti-poljoprivrede-donje-neretve\/#respond\"]}]},{\"@type\":\"WebPage\",\"@id\":\"https:\/\/klikploce.com.hr\/opuzen\/mobilna-pregrada-na-neretvi-kljucni-korak-u-zastiti-poljoprivrede-donje-neretve\/\",\"url\":\"https:\/\/klikploce.com.hr\/opuzen\/mobilna-pregrada-na-neretvi-kljucni-korak-u-zastiti-poljoprivrede-donje-neretve\/\",\"name\":\"Mobilna pregrada na Neretvi klju\u010dni korak u za\u0161titi poljoprivrede Donje Neretve - Klik Opuzen\",\"isPartOf\":{\"@id\":\"https:\/\/klikploce.com.hr\/opuzen\/#website\"},\"primaryImageOfPage\":{\"@id\":\"https:\/\/klikploce.com.hr\/opuzen\/mobilna-pregrada-na-neretvi-kljucni-korak-u-zastiti-poljoprivrede-donje-neretve\/#primaryimage\"},\"image\":{\"@id\":\"https:\/\/klikploce.com.hr\/opuzen\/mobilna-pregrada-na-neretvi-kljucni-korak-u-zastiti-poljoprivrede-donje-neretve\/#primaryimage\"},\"thumbnailUrl\":\"https:\/\/klikploce.com.hr\/opuzen\/wp-content\/uploads\/2026\/02\/FB_IMG_1770988438737.jpg\",\"datePublished\":\"2026-02-13T15:37:29+00:00\",\"breadcrumb\":{\"@id\":\"https:\/\/klikploce.com.hr\/opuzen\/mobilna-pregrada-na-neretvi-kljucni-korak-u-zastiti-poljoprivrede-donje-neretve\/#breadcrumb\"},\"inLanguage\":\"hr\",\"potentialAction\":[{\"@type\":\"ReadAction\",\"target\":[\"https:\/\/klikploce.com.hr\/opuzen\/mobilna-pregrada-na-neretvi-kljucni-korak-u-zastiti-poljoprivrede-donje-neretve\/\"]}]},{\"@type\":\"ImageObject\",\"inLanguage\":\"hr\",\"@id\":\"https:\/\/klikploce.com.hr\/opuzen\/mobilna-pregrada-na-neretvi-kljucni-korak-u-zastiti-poljoprivrede-donje-neretve\/#primaryimage\",\"url\":\"https:\/\/klikploce.com.hr\/opuzen\/wp-content\/uploads\/2026\/02\/FB_IMG_1770988438737.jpg\",\"contentUrl\":\"https:\/\/klikploce.com.hr\/opuzen\/wp-content\/uploads\/2026\/02\/FB_IMG_1770988438737.jpg\",\"width\":2048,\"height\":1536},{\"@type\":\"BreadcrumbList\",\"@id\":\"https:\/\/klikploce.com.hr\/opuzen\/mobilna-pregrada-na-neretvi-kljucni-korak-u-zastiti-poljoprivrede-donje-neretve\/#breadcrumb\",\"itemListElement\":[{\"@type\":\"ListItem\",\"position\":1,\"name\":\"Po\u010detna stranica\",\"item\":\"https:\/\/klikploce.com.hr\/opuzen\/\"},{\"@type\":\"ListItem\",\"position\":2,\"name\":\"Mobilna pregrada na Neretvi klju\u010dni korak u za\u0161titi poljoprivrede Donje Neretve\"}]},{\"@type\":\"WebSite\",\"@id\":\"https:\/\/klikploce.com.hr\/opuzen\/#website\",\"url\":\"https:\/\/klikploce.com.hr\/opuzen\/\",\"name\":\"Klik Opuzen\",\"description\":\"\",\"publisher\":{\"@id\":\"https:\/\/klikploce.com.hr\/opuzen\/#organization\"},\"potentialAction\":[{\"@type\":\"SearchAction\",\"target\":{\"@type\":\"EntryPoint\",\"urlTemplate\":\"https:\/\/klikploce.com.hr\/opuzen\/?s={search_term_string}\"},\"query-input\":{\"@type\":\"PropertyValueSpecification\",\"valueRequired\":true,\"valueName\":\"search_term_string\"}}],\"inLanguage\":\"hr\"},{\"@type\":\"Organization\",\"@id\":\"https:\/\/klikploce.com.hr\/opuzen\/#organization\",\"name\":\"Klik Opuzen\",\"url\":\"https:\/\/klikploce.com.hr\/opuzen\/\",\"logo\":{\"@type\":\"ImageObject\",\"inLanguage\":\"hr\",\"@id\":\"https:\/\/klikploce.com.hr\/opuzen\/#\/schema\/logo\/image\/\",\"url\":\"https:\/\/klikploce.com.hr\/opuzen\/wp-content\/uploads\/2025\/09\/KLIK-Opuzen.png\",\"contentUrl\":\"https:\/\/klikploce.com.hr\/opuzen\/wp-content\/uploads\/2025\/09\/KLIK-Opuzen.png\",\"width\":849,\"height\":222,\"caption\":\"Klik Opuzen\"},\"image\":{\"@id\":\"https:\/\/klikploce.com.hr\/opuzen\/#\/schema\/logo\/image\/\"},\"sameAs\":[\"https:\/\/www.facebook.com\/klik.ploce\"]},{\"@type\":\"Person\",\"@id\":\"https:\/\/klikploce.com.hr\/opuzen\/#\/schema\/person\/b85ea61b159cb5355f1c77fda4341407\",\"name\":\"Klik Opuzen\",\"image\":{\"@type\":\"ImageObject\",\"inLanguage\":\"hr\",\"@id\":\"https:\/\/klikploce.com.hr\/opuzen\/#\/schema\/person\/image\/\",\"url\":\"https:\/\/secure.gravatar.com\/avatar\/8da98b2203f72dd20af5e6c35a035011808c19454706473a25dd256759a6f3e7?s=96&d=mm&r=g\",\"contentUrl\":\"https:\/\/secure.gravatar.com\/avatar\/8da98b2203f72dd20af5e6c35a035011808c19454706473a25dd256759a6f3e7?s=96&d=mm&r=g\",\"caption\":\"Klik Opuzen\"},\"url\":\"https:\/\/klikploce.com.hr\/opuzen\/author\/opuzen\/\"}]}<\/script>\n<!-- \/ Yoast SEO plugin. -->","yoast_head_json":{"title":"Mobilna pregrada na Neretvi klju\u010dni korak u za\u0161titi poljoprivrede Donje Neretve - Klik Opuzen","robots":{"index":"index","follow":"follow","max-snippet":"max-snippet:-1","max-image-preview":"max-image-preview:large","max-video-preview":"max-video-preview:-1"},"canonical":"https:\/\/klikploce.com.hr\/opuzen\/mobilna-pregrada-na-neretvi-kljucni-korak-u-zastiti-poljoprivrede-donje-neretve\/","og_locale":"hr_HR","og_type":"article","og_title":"Mobilna pregrada na Neretvi klju\u010dni korak u za\u0161titi poljoprivrede Donje Neretve - Klik Opuzen","og_description":"\u017dupan Bla\u017e Pezo, zajedno s ministricom za\u0161tite okoli\u0161a i zelene tranzicije Marija Vu\u010dkovi\u0107 te generalnim direktorom Hrvatske vode Zoran \u0110urokovi\u0107, obi\u0161ao je gradili\u0161te projekta mobilne pregrade na rijeci Neretvi. Rije\u010d je o prvoj etapi projekta za\u0161tite od zaslanjivanja tala i voda na podru\u010dju Donje Neretve, \u010dija ukupna vrijednost prema\u0161uje 85 milijuna eura. Projekt ima strate\u0161ku va\u017enost za ovo podru\u010dje jer predstavlja klju\u010dnu mjeru u o\u010duvanju plodnosti poljoprivrednih tala i za\u0161titi vodnih resursa. Realizacijom projekta dugoro\u010dno se osiguravaju preduvjeti za odr\u017eivi razvoj poljoprivredne proizvodnje, stabilnost ekosustava te za\u0161titu okoli\u0161a u Donjoj Neretvi, \u010dime se rje\u0161ava jedan od najve\u0107ih izazova s kojima [&hellip;]","og_url":"https:\/\/klikploce.com.hr\/opuzen\/mobilna-pregrada-na-neretvi-kljucni-korak-u-zastiti-poljoprivrede-donje-neretve\/","og_site_name":"Klik Opuzen","article_publisher":"https:\/\/www.facebook.com\/klik.ploce","article_published_time":"2026-02-13T15:37:29+00:00","og_image":[{"width":2048,"height":1536,"url":"https:\/\/klikploce.com.hr\/opuzen\/wp-content\/uploads\/2026\/02\/FB_IMG_1770988438737.jpg","type":"image\/jpeg"}],"author":"Klik Opuzen","twitter_card":"summary_large_image","twitter_misc":{"Napisao\/la":"Klik Opuzen","Procijenjeno vrijeme \u010ditanja":"2 minute"},"schema":{"@context":"https:\/\/schema.org","@graph":[{"@type":"Article","@id":"https:\/\/klikploce.com.hr\/opuzen\/mobilna-pregrada-na-neretvi-kljucni-korak-u-zastiti-poljoprivrede-donje-neretve\/#article","isPartOf":{"@id":"https:\/\/klikploce.com.hr\/opuzen\/mobilna-pregrada-na-neretvi-kljucni-korak-u-zastiti-poljoprivrede-donje-neretve\/"},"author":{"name":"Klik Opuzen","@id":"https:\/\/klikploce.com.hr\/opuzen\/#\/schema\/person\/b85ea61b159cb5355f1c77fda4341407"},"headline":"Mobilna pregrada na Neretvi klju\u010dni korak u za\u0161titi poljoprivrede Donje Neretve","datePublished":"2026-02-13T15:37:29+00:00","mainEntityOfPage":{"@id":"https:\/\/klikploce.com.hr\/opuzen\/mobilna-pregrada-na-neretvi-kljucni-korak-u-zastiti-poljoprivrede-donje-neretve\/"},"wordCount":140,"commentCount":1,"publisher":{"@id":"https:\/\/klikploce.com.hr\/opuzen\/#organization"},"image":{"@id":"https:\/\/klikploce.com.hr\/opuzen\/mobilna-pregrada-na-neretvi-kljucni-korak-u-zastiti-poljoprivrede-donje-neretve\/#primaryimage"},"thumbnailUrl":"https:\/\/klikploce.com.hr\/opuzen\/wp-content\/uploads\/2026\/02\/FB_IMG_1770988438737.jpg","keywords":["bla\u017e pezo","marija vu\u010dkovi\u0107"],"articleSection":["Izdvojeno","Opuzen","Politika i gospodarstvo"],"inLanguage":"hr","potentialAction":[{"@type":"CommentAction","name":"Comment","target":["https:\/\/klikploce.com.hr\/opuzen\/mobilna-pregrada-na-neretvi-kljucni-korak-u-zastiti-poljoprivrede-donje-neretve\/#respond"]}]},{"@type":"WebPage","@id":"https:\/\/klikploce.com.hr\/opuzen\/mobilna-pregrada-na-neretvi-kljucni-korak-u-zastiti-poljoprivrede-donje-neretve\/","url":"https:\/\/klikploce.com.hr\/opuzen\/mobilna-pregrada-na-neretvi-kljucni-korak-u-zastiti-poljoprivrede-donje-neretve\/","name":"Mobilna pregrada na Neretvi klju\u010dni korak u za\u0161titi poljoprivrede Donje Neretve - Klik Opuzen","isPartOf":{"@id":"https:\/\/klikploce.com.hr\/opuzen\/#website"},"primaryImageOfPage":{"@id":"https:\/\/klikploce.com.hr\/opuzen\/mobilna-pregrada-na-neretvi-kljucni-korak-u-zastiti-poljoprivrede-donje-neretve\/#primaryimage"},"image":{"@id":"https:\/\/klikploce.com.hr\/opuzen\/mobilna-pregrada-na-neretvi-kljucni-korak-u-zastiti-poljoprivrede-donje-neretve\/#primaryimage"},"thumbnailUrl":"https:\/\/klikploce.com.hr\/opuzen\/wp-content\/uploads\/2026\/02\/FB_IMG_1770988438737.jpg","datePublished":"2026-02-13T15:37:29+00:00","breadcrumb":{"@id":"https:\/\/klikploce.com.hr\/opuzen\/mobilna-pregrada-na-neretvi-kljucni-korak-u-zastiti-poljoprivrede-donje-neretve\/#breadcrumb"},"inLanguage":"hr","potentialAction":[{"@type":"ReadAction","target":["https:\/\/klikploce.com.hr\/opuzen\/mobilna-pregrada-na-neretvi-kljucni-korak-u-zastiti-poljoprivrede-donje-neretve\/"]}]},{"@type":"ImageObject","inLanguage":"hr","@id":"https:\/\/klikploce.com.hr\/opuzen\/mobilna-pregrada-na-neretvi-kljucni-korak-u-zastiti-poljoprivrede-donje-neretve\/#primaryimage","url":"https:\/\/klikploce.com.hr\/opuzen\/wp-content\/uploads\/2026\/02\/FB_IMG_1770988438737.jpg","contentUrl":"https:\/\/klikploce.com.hr\/opuzen\/wp-content\/uploads\/2026\/02\/FB_IMG_1770988438737.jpg","width":2048,"height":1536},{"@type":"BreadcrumbList","@id":"https:\/\/klikploce.com.hr\/opuzen\/mobilna-pregrada-na-neretvi-kljucni-korak-u-zastiti-poljoprivrede-donje-neretve\/#breadcrumb","itemListElement":[{"@type":"ListItem","position":1,"name":"Po\u010detna stranica","item":"https:\/\/klikploce.com.hr\/opuzen\/"},{"@type":"ListItem","position":2,"name":"Mobilna pregrada na Neretvi klju\u010dni korak u za\u0161titi poljoprivrede Donje Neretve"}]},{"@type":"WebSite","@id":"https:\/\/klikploce.com.hr\/opuzen\/#website","url":"https:\/\/klikploce.com.hr\/opuzen\/","name":"Klik Opuzen","description":"","publisher":{"@id":"https:\/\/klikploce.com.hr\/opuzen\/#organization"},"potentialAction":[{"@type":"SearchAction","target":{"@type":"EntryPoint","urlTemplate":"https:\/\/klikploce.com.hr\/opuzen\/?s={search_term_string}"},"query-input":{"@type":"PropertyValueSpecification","valueRequired":true,"valueName":"search_term_string"}}],"inLanguage":"hr"},{"@type":"Organization","@id":"https:\/\/klikploce.com.hr\/opuzen\/#organization","name":"Klik Opuzen","url":"https:\/\/klikploce.com.hr\/opuzen\/","logo":{"@type":"ImageObject","inLanguage":"hr","@id":"https:\/\/klikploce.com.hr\/opuzen\/#\/schema\/logo\/image\/","url":"https:\/\/klikploce.com.hr\/opuzen\/wp-content\/uploads\/2025\/09\/KLIK-Opuzen.png","contentUrl":"https:\/\/klikploce.com.hr\/opuzen\/wp-content\/uploads\/2025\/09\/KLIK-Opuzen.png","width":849,"height":222,"caption":"Klik Opuzen"},"image":{"@id":"https:\/\/klikploce.com.hr\/opuzen\/#\/schema\/logo\/image\/"},"sameAs":["https:\/\/www.facebook.com\/klik.ploce"]},{"@type":"Person","@id":"https:\/\/klikploce.com.hr\/opuzen\/#\/schema\/person\/b85ea61b159cb5355f1c77fda4341407","name":"Klik Opuzen","image":{"@type":"ImageObject","inLanguage":"hr","@id":"https:\/\/klikploce.com.hr\/opuzen\/#\/schema\/person\/image\/","url":"https:\/\/secure.gravatar.com\/avatar\/8da98b2203f72dd20af5e6c35a035011808c19454706473a25dd256759a6f3e7?s=96&d=mm&r=g","contentUrl":"https:\/\/secure.gravatar.com\/avatar\/8da98b2203f72dd20af5e6c35a035011808c19454706473a25dd256759a6f3e7?s=96&d=mm&r=g","caption":"Klik Opuzen"},"url":"https:\/\/klikploce.com.hr\/opuzen\/author\/opuzen\/"}]}},"_links":{"self":[{"href":"https:\/\/klikploce.com.hr\/opuzen\/wp-json\/wp\/v2\/posts\/3059","targetHints":{"allow":["GET"]}}],"collection":[{"href":"https:\/\/klikploce.com.hr\/opuzen\/wp-json\/wp\/v2\/posts"}],"about":[{"href":"https:\/\/klikploce.com.hr\/opuzen\/wp-json\/wp\/v2\/types\/post"}],"author":[{"embeddable":true,"href":"https:\/\/klikploce.com.hr\/opuzen\/wp-json\/wp\/v2\/users\/2"}],"replies":[{"embeddable":true,"href":"https:\/\/klikploce.com.hr\/opuzen\/wp-json\/wp\/v2\/comments?post=3059"}],"version-history":[{"count":1,"href":"https:\/\/klikploce.com.hr\/opuzen\/wp-json\/wp\/v2\/posts\/3059\/revisions"}],"predecessor-version":[{"id":3064,"href":"https:\/\/klikploce.com.hr\/opuzen\/wp-json\/wp\/v2\/posts\/3059\/revisions\/3064"}],"wp:featuredmedia":[{"embeddable":true,"href":"https:\/\/klikploce.com.hr\/opuzen\/wp-json\/wp\/v2\/media\/3063"}],"wp:attachment":[{"href":"https:\/\/klikploce.com.hr\/opuzen\/wp-json\/wp\/v2\/media?parent=3059"}],"wp:term":[{"taxonomy":"category","embeddable":true,"href":"https:\/\/klikploce.com.hr\/opuzen\/wp-json\/wp\/v2\/categories?post=3059"},{"taxonomy":"post_tag","embeddable":true,"href":"https:\/\/klikploce.com.hr\/opuzen\/wp-json\/wp\/v2\/tags?post=3059"}],"curies":[{"name":"wp","href":"https:\/\/api.w.org\/{rel}","templated":true}]}}